{"id":360096,"date":"2024-11-01T09:19:40","date_gmt":"2024-11-01T14:19:40","guid":{"rendered":"https:\/\/www.medellin.gov.co\/es\/?p=360096"},"modified":"2024-11-01T09:19:40","modified_gmt":"2024-11-01T14:19:40","slug":"el-alcalde-federico-gutierrez-anuncia-que-el-festival-de-cine-smartfilms-se-queda-en-medellin","status":"publish","type":"post","link":"https:\/\/www.medellin.gov.co\/es\/sala-de-prensa\/noticias\/el-alcalde-federico-gutierrez-anuncia-que-el-festival-de-cine-smartfilms-se-queda-en-medellin\/","title":{"rendered":"El alcalde Federico Guti\u00e9rrez anuncia que el festival de cine Smartfilms se queda en Medell\u00edn"},"content":{"rendered":"<ul>\n<li class=\"p1\"><b>Durante la premiaci\u00f3n de los mejores cortometrajes, el mandatario <\/b><b>anunci\u00f3 que el festival continuar\u00e1 en la ciudad.<\/b><\/li>\n<li class=\"p2\"><b>Esta decisi\u00f3n reafirma el compromiso del Distrito con el crecimiento y el <\/b><b>fortalecimiento de la industria audiovisual local.<\/b><\/li>\n<\/ul>\n<!--[if lt IE 9]><script>document.createElement('audio');<\/script><![endif]-->\n\t<div class=\"wp-playlist wp-audio-playlist wp-playlist-light\">\n\t\t\t<div class=\"wp-playlist-current-item\"><\/div>\n\t\t<audio controls=\"controls\" preload=\"none\" width=\"640\"\n\t\t\t><\/audio>\n\t<div class=\"wp-playlist-next\"><\/div>\n\t<div class=\"wp-playlist-prev\"><\/div>\n\t<noscript>\n\t<ol>\n\t\t<li><a href='https:\/\/www.medellin.gov.co\/es\/wp-content\/uploads\/2024\/11\/festival-de-cine-smartfilms-01.mp3'>Palabras de Yesenia Valencia, directora Smartfilms<\/a><\/li>\t<\/ol>\n\t<\/noscript>\n\t<script type=\"application\/json\" class=\"wp-playlist-script\">{\"type\":\"audio\",\"tracklist\":true,\"tracknumbers\":true,\"images\":true,\"artists\":true,\"tracks\":[{\"src\":\"https:\\\/\\\/www.medellin.gov.co\\\/es\\\/wp-content\\\/uploads\\\/2024\\\/11\\\/festival-de-cine-smartfilms-01.mp3\",\"type\":\"audio\\\/mpeg\",\"title\":\"Palabras de Yesenia Valencia, directora Smartfilms\",\"caption\":\"\",\"description\":\"\\u00abPalabras de Yesenia Valencia, directora Smartfilms\\u00bb.\",\"meta\":{\"length_formatted\":\"0:51\"},\"image\":{\"src\":\"https:\\\/\\\/www.medellin.gov.co\\\/es\\\/wp-includes\\\/images\\\/media\\\/audio.png\",\"width\":48,\"height\":64},\"thumb\":{\"src\":\"https:\\\/\\\/www.medellin.gov.co\\\/es\\\/wp-includes\\\/images\\\/media\\\/audio.png\",\"width\":48,\"height\":64}}]}<\/script>\n<\/div>\n\t\n<p class=\"p1\">Durante la gala de premiaci\u00f3n de los nueve mejores cortometrajes del festival de\u00a0cine hecho con celulares Smartfilms, el alcalde Federico Guti\u00e9rrez Zuluaga\u00a0anunci\u00f3 que la Administraci\u00f3n continuar\u00e1 apost\u00e1ndole al talento local a trav\u00e9s de\u00a0esta propuesta que ha capacitado a m\u00e1s de 4.000 j\u00f3venes y adultos en temas de\u00a0producci\u00f3n audiovisual.<\/p>\n<p class=\"p1\"><i>\u201cLo primero: cero deserci\u00f3n. De 4.000 personas, cero deserci\u00f3n. Pero la noticia\u00a0<\/i><i>importante es que ya Smartfilms se queda en Medell\u00edn. Cada a\u00f1o lo vamos a\u00a0<\/i><i>hacer, est\u00e1 garantizado, tendremos m\u00e1s aliados y esa convocatoria va a ser\u00a0<\/i><i>mejor. Esta es la primera. Imag\u00ednense el a\u00f1o entrante. Los que ya se\u00a0<\/i><i>capacitaron, tienen m\u00e1s experiencia, entonces va a ser mejor el nivel. Lo \u00fanico\u00a0<\/i><i>que quiero decirles a nuestros j\u00f3venes es que creemos en ustedes, cambien\u00a0<\/i><i>vidas, cambien las de ustedes y las de las personas que est\u00e1n a su alrededor.\u00a0<\/i><i>Crean en nuestra ciudad y en nuestro pa\u00eds\u201d,<\/i> indic\u00f3 el alcalde de Medell\u00edn.<\/p>\n<div id=\"attachment_360102\" style=\"width: 1210px\" class=\"wp-caption aligncenter\"><a href=\"https:\/\/www.medellin.gov.co\/es\/wp-content\/uploads\/2024\/11\/festival-de-cine-smartfilms-3.jpg\" target=\"_blank\" rel=\"noopener\"><img aria-describedby=\"caption-attachment-360102\" loading=\"lazy\" class=\"wp-image-360102 size-full\" title=\"El alcalde Federico Guti\u00e9rrez anuncia que el festival de cine Smartfilms se queda en Medell\u00edn\" src=\"https:\/\/www.medellin.gov.co\/es\/wp-content\/uploads\/2024\/11\/festival-de-cine-smartfilms-3.jpg\" alt=\"El alcalde Federico Guti\u00e9rrez anuncia que el festival de cine Smartfilms se queda en Medell\u00edn\" width=\"1200\" height=\"800\" srcset=\"https:\/\/www.medellin.gov.co\/es\/wp-content\/uploads\/2024\/11\/festival-de-cine-smartfilms-3.jpg 1200w, https:\/\/www.medellin.gov.co\/es\/wp-content\/uploads\/2024\/11\/festival-de-cine-smartfilms-3-300x200.jpg 300w, https:\/\/www.medellin.gov.co\/es\/wp-content\/uploads\/2024\/11\/festival-de-cine-smartfilms-3-1024x683.jpg 1024w, https:\/\/www.medellin.gov.co\/es\/wp-content\/uploads\/2024\/11\/festival-de-cine-smartfilms-3-150x100.jpg 150w, https:\/\/www.medellin.gov.co\/es\/wp-content\/uploads\/2024\/11\/festival-de-cine-smartfilms-3-768x512.jpg 768w\" sizes=\"(max-width: 1200px) 100vw, 1200px\" \/><\/a><p id=\"caption-attachment-360102\" class=\"wp-caption-text\">El alcalde Federico Guti\u00e9rrez anuncia que el festival de cine Smartfilms se queda en Medell\u00edn &#8211; Foto alcaldia de Medell\u00edn<\/p><\/div>\n<p class=\"p1\">El festival finaliz\u00f3 su segunda fase reconociendo el trabajo de 40 creativos,\u00a0quienes se preparan para iniciar un proceso de capacitaci\u00f3n en temas enfocados\u00a0en el emprendimiento, como marketing digital, modelos de negocio,\u00a0presupuestos, contratos comerciales y comercio electr\u00f3nico.<\/p>\n<p class=\"p1\">Los cortometrajes ganadores son: Mar\u00eda Perfecta; Luz; Luz de Luna; En los\u00a0Zapatos de Hernando; In lak&#8217;ech; <span class=\"s1\">\u2060<\/span>Le Tapis Rouge; <span class=\"s1\">\u2060<\/span>\u00a1Qu\u00e9 vuelta!; <span class=\"s1\">\u2060<\/span>Rosa Mar\u00eda, Un\u00a0Quiosco Lleno de Historias; y <span class=\"s1\">\u2060<\/span>Manos que Hablan.<\/p>\n<p class=\"p1\">Durante la ceremonia, se anunciaron las actividades preparadas para la fase\u00a0final de este proyecto. Entre las m\u00e1s destacadas est\u00e1 un capital semilla de\u00a0$1.500.000 que se otorgar\u00e1 a cada uno de los seleccionados para impulsar su\u00a0camino profesional. Adem\u00e1s, los participantes que ocuparon los tres primeros\u00a0lugares recibir\u00e1n premios en efectivo: $3.000.000 para el tercer lugar,\u00a0$5.000.000 para el segundo y $10.000.000 para el primero. El equipo ganador\u00a0del primer puesto ser\u00e1 condecorado por el ciclista Rigoberto Ur\u00e1n, en una cena\u00a0el pr\u00f3ximo 8 de noviembre.<\/p>\n<p class=\"p1\">Este proyecto realizado por primera vez en la capital antioque\u00f1a, llev\u00f3 el\u00a0<i>storytelling<\/i> y la democratizaci\u00f3n cinematogr\u00e1fica a sus 16 comunas y cinco\u00a0corregimientos. Los participantes crearon un total de 300 cortometrajes sobre los\u00a0<i>\u2018<\/i>Imparables de la ciudad\u2019, de los cuales 100 pasaron a la selecci\u00f3n oficial. As\u00ed mismo, 400 participantes tuvieron la oportunidad de asistir a un<i> bootcamp <\/i>exclusivo junto a grandes exponentes de la industria audiovisual, como V\u00edctor\u00a0Mallarino, Dago Garc\u00eda, Mauricio Navas Talero y Andr\u00e9s Valencia, quienes los\u00a0evaluaron y les brindaron las herramientas creativas para llevar sus narrativas al\u00a0siguiente nivel.<\/p>\n<div id=\"attachment_360100\" style=\"width: 1210px\" class=\"wp-caption aligncenter\"><a href=\"https:\/\/www.medellin.gov.co\/es\/wp-content\/uploads\/2024\/11\/festival-de-cine-smartfilms-2.jpg\" target=\"_blank\" rel=\"noopener\"><img aria-describedby=\"caption-attachment-360100\" loading=\"lazy\" class=\"wp-image-360100 size-full\" title=\"El alcalde Federico Guti\u00e9rrez anuncia que el festival de cine Smartfilms se queda en Medell\u00edn\" src=\"https:\/\/www.medellin.gov.co\/es\/wp-content\/uploads\/2024\/11\/festival-de-cine-smartfilms-2.jpg\" alt=\"El alcalde Federico Guti\u00e9rrez anuncia que el festival de cine Smartfilms se queda en Medell\u00edn\" width=\"1200\" height=\"799\" srcset=\"https:\/\/www.medellin.gov.co\/es\/wp-content\/uploads\/2024\/11\/festival-de-cine-smartfilms-2.jpg 1200w, https:\/\/www.medellin.gov.co\/es\/wp-content\/uploads\/2024\/11\/festival-de-cine-smartfilms-2-300x200.jpg 300w, https:\/\/www.medellin.gov.co\/es\/wp-content\/uploads\/2024\/11\/festival-de-cine-smartfilms-2-1024x682.jpg 1024w, https:\/\/www.medellin.gov.co\/es\/wp-content\/uploads\/2024\/11\/festival-de-cine-smartfilms-2-150x100.jpg 150w, https:\/\/www.medellin.gov.co\/es\/wp-content\/uploads\/2024\/11\/festival-de-cine-smartfilms-2-768x511.jpg 768w\" sizes=\"(max-width: 1200px) 100vw, 1200px\" \/><\/a><p id=\"caption-attachment-360100\" class=\"wp-caption-text\">El alcalde Federico Guti\u00e9rrez anuncia que el festival de cine Smartfilms se queda en Medell\u00edn &#8211; Foto alcaldia de Medell\u00edn<\/p><\/div>\n<p class=\"p1\">Apoyando proyectos como este, el Distrito reafirma su compromiso de generar\u00a0oportunidades de empleo desde la educaci\u00f3n digital, impulsar la transformaci\u00f3n\u00a0tecnol\u00f3gica de la econom\u00eda popular y visibilizar las historias de personas\u00a0imparables que se levantan cada d\u00eda para cumplir sus sue\u00f1os; adem\u00e1s de\u00a0fortalecer la industria local y atraer producciones que no solo generen empleo y\u00a0crecimiento econ\u00f3mico, sino que tambi\u00e9n proyecten a Medell\u00edn como un destino\u00a0ideal para grandes rodajes a nivel internacional.<\/p>\n","protected":false},"excerpt":{"rendered":"<p>Durante la premiaci\u00f3n de los mejores cortometrajes, el mandatario anunci\u00f3 que el festival continuar\u00e1 en la ciudad. Esta decisi\u00f3n reafirma el compromiso del Distrito con el crecimiento y el fortalecimiento de la industria audiovisual local. &#8230;<\/p>\n","protected":false},"author":84,"featured_media":360104,"comment_status":"open","ping_status":"open","sticky":false,"template":"","format":"standard","meta":[],"categories":[3],"tags":[444,455],"formato_nota":[],"programas_tax":[],"acf":[],"_links":{"self":[{"href":"https:\/\/www.medellin.gov.co\/es\/wp-json\/wp\/v2\/posts\/360096"}],"collection":[{"href":"https:\/\/www.medellin.gov.co\/es\/wp-json\/wp\/v2\/posts"}],"about":[{"href":"https:\/\/www.medellin.gov.co\/es\/wp-json\/wp\/v2\/types\/post"}],"author":[{"embeddable":true,"href":"https:\/\/www.medellin.gov.co\/es\/wp-json\/wp\/v2\/users\/84"}],"replies":[{"embeddable":true,"href":"https:\/\/www.medellin.gov.co\/es\/wp-json\/wp\/v2\/comments?post=360096"}],"version-history":[{"count":1,"href":"https:\/\/www.medellin.gov.co\/es\/wp-json\/wp\/v2\/posts\/360096\/revisions"}],"predecessor-version":[{"id":360106,"href":"https:\/\/www.medellin.gov.co\/es\/wp-json\/wp\/v2\/posts\/360096\/revisions\/360106"}],"wp:featuredmedia":[{"embeddable":true,"href":"https:\/\/www.medellin.gov.co\/es\/wp-json\/wp\/v2\/media\/360104"}],"wp:attachment":[{"href":"https:\/\/www.medellin.gov.co\/es\/wp-json\/wp\/v2\/media?parent=360096"}],"wp:term":[{"taxonomy":"category","embeddable":true,"href":"https:\/\/www.medellin.gov.co\/es\/wp-json\/wp\/v2\/categories?post=360096"},{"taxonomy":"post_tag","embeddable":true,"href":"https:\/\/www.medellin.gov.co\/es\/wp-json\/wp\/v2\/tags?post=360096"},{"taxonomy":"formato_nota","embeddable":true,"href":"https:\/\/www.medellin.gov.co\/es\/wp-json\/wp\/v2\/formato_nota?post=360096"},{"taxonomy":"programas_tax","embeddable":true,"href":"https:\/\/www.medellin.gov.co\/es\/wp-json\/wp\/v2\/programas_tax?post=360096"}],"curies":[{"name":"wp","href":"https:\/\/api.w.org\/{rel}","templated":true}]}}