{"id":36011,"date":"2021-04-14T00:00:00","date_gmt":"2021-04-14T05:00:00","guid":{"rendered":"https:\/\/www.medellin.gov.co\/es\/saladeprensa\/noticias\/metroplus-reactiva-obras-de-la-calle-12-sur-con-una-inversion-de-22-900-millones-y-sin-sobrecostos\/"},"modified":"2022-03-27T23:18:05","modified_gmt":"2022-03-28T04:18:05","slug":"metroplus-reactiva-obras-de-la-calle-12-sur-con-una-inversion-de-22-900-millones-y-sin-sobrecostos","status":"publish","type":"post","link":"https:\/\/www.medellin.gov.co\/es\/sala-de-prensa\/noticias\/metroplus-reactiva-obras-de-la-calle-12-sur-con-una-inversion-de-22-900-millones-y-sin-sobrecostos\/","title":{"rendered":"Metropl\u00fas reactiva obras de la calle 12 sur con una inversi\u00f3n de $22.900 millones y sin sobrecostos"},"content":{"rendered":"<div class=\"wrap contenido\">\n<div class=\"noticia\">\n<div class=\"imagen\">\n<div class=\"divContImageNoticia input_plantilla input_background\" data-input=\"fotografia\" ruta=\"\/galerias\/Imagenes\/Galer\u00eda d\u00eda a d\u00eda 2021\/500_400\/20210414-Metroplus-1.jpg\" fotografo=\"Foto Alcald\u00eda de Medell\u00edn\" descripcion=\"Metropl\u00fas reactiva obras de la calle 12 sur con una inversi\u00f3n de $22.900 millones y sin sobrecostos.\" style=\"background-image:url('\/irj\/go\/km\/docs\/galerias\/Imagenes\/Galer\u00eda d\u00eda a d\u00eda 2021\/500_400\/20210414-Metroplus-1.jpg')\"><\/div>\n<p class=\"pMetaDesc\">Foto: Metropl\u00fas reactiva obras de la calle 12 sur con una inversi\u00f3n de $22.900 millones y sin sobrecostos.<\/p>\n<p class=\"pMetaFotografo\">Fot\u00f3grafo: Foto Alcald\u00eda de Medell\u00edn<\/p>\n<\/div>\n<p class=\"fecha\"><span class=\"input_plantilla input_text\" data-input=\"fecha\">2021-04-14<\/span><\/p>\n<p itemprop=\"name\" class=\"input_plantilla input_text\" data-input=\"titulo\">Metropl\u00fas reactiva obras de la calle 12 sur con una inversi\u00f3n de $22.900 millones y sin sobrecostos<\/p>\n<p class=\"input_plantilla input_text\" data-input=\"autor\">Por Liliana Jaramillo<\/p>\n<div class=\"cuerpo input_plantilla input_area\" data-input=\"contenido\">\n<p>.: En este proyecto, que comprende 1.8 kil\u00f3metros de extensi\u00f3n, la Naci\u00f3n aporta $20.876 millones y el Municipio $2.096 millones.&nbsp;<\/p>\n<p>.: Adem\u00e1s, proporcionar\u00e1 14.275 metros cuadrados de espacio p\u00fablico a ambos, con mobiliario urbano y zonas verdes.&nbsp;<\/p>\n<p>.: Desde el 19 de abril habr\u00e1 cierre total de la calle 12 sur, entre la calzada de servicio de la carrera 50 FF y la carrera 50 FF (Avenida 80).&nbsp;<\/p>\n<p><a href=\"\/irj\/go\/km\/docs\/galerias\/Audios\/Audios d\u00eda a d\u00eda 2021\/20210414-Metroplus-01.mp3\" class=\"aContEnlace audio\" download=\"\" data-mce-href=\"\/irj\/go\/km\/docs\/galerias\/Audios\/Audios d\u00eda a d\u00eda 2021\/20210414-Metroplus-01.mp3\"><span>Palabras de Samir Murillo, gerente (e) de Metropl\u00fas.<\/span><span><\/span><span>639 Kb<\/span><\/a><\/p>\n<p><a href=\"\/irj\/go\/km\/docs\/galerias\/Audios\/Audios d\u00eda a d\u00eda 2021\/20210414-Metroplus-02.mp3\" class=\"aContEnlace audio\" download=\"\" data-mce-href=\"\/irj\/go\/km\/docs\/galerias\/Audios\/Audios d\u00eda a d\u00eda 2021\/20210414-Metroplus-02.mp3\"><span>Palabras de Carlos Mar\u00edn, subsecretario de Seguridad Vial y Control.<\/span><span><\/span><span>704 Kb<\/span><\/a><\/p>\n<p><a href=\"\/irj\/go\/km\/docs\/galerias\/Imagenes\/Galer\u00eda d\u00eda a d\u00eda 2021\/20210414-Metroplus-Desvios-1.jpg\" class=\"aContEnlace \" download=\"\" data-mce-href=\"\/irj\/go\/km\/docs\/galerias\/Imagenes\/Galer\u00eda d\u00eda a d\u00eda 2021\/20210414-Metroplus-Desvios-1.jpg\"><span>Desv\u00edos Metroplus<\/span><\/a><\/p>\n<p>Con una inversi\u00f3n de $22.900 millones, la Alcald\u00eda de Medell\u00edn, a trav\u00e9s de Metropl\u00fas, iniciar\u00e1 este 19 de abril las obras de construcci\u00f3n fase 1 y obras complementarias sobre la calle 12 sur, que comprenden 1.8 kil\u00f3metros de extensi\u00f3n.&nbsp;<\/p>\n<p>Las labores se adelantar\u00e1n entre la Autopista Sur y Avenida Guayabal hasta el inicio del puente de La Aguacatala para conectar Medell\u00edn, Envigado e Itag\u00fc\u00ed. En este proyecto, la Naci\u00f3n aporta $20.876 millones y el Municipio $2.096 millones. El contrato fue adjudicado el 30 de diciembre de 2020 a la Uni\u00f3n Temporal del Sur y la interventor\u00eda estar\u00e1 a cargo de Escala CCI SAS.&nbsp;<\/p>\n<p>\u201c<em>El proyecto de la 12 Sur traer\u00e1 incontables beneficios, pues con la implementaci\u00f3n de una infraestructura liviana de carriles troncales y pretroncales se dar\u00e1n mejores soluciones de movilidad a los futuros usuarios, al conectar los municipios de Medell\u00edn, Envigado e Itag\u00fc\u00ed mediante los buses de servicio p\u00fablico y dem\u00e1s modos de transporte como el Metro, Encicla y el futuro sistema de la 80<\/em>\u201d, dijo el gerente (e) de Metropl\u00fas S.A., Samir Alonso Murillo Palacios.&nbsp;&nbsp;<\/p>\n<p><a href=\"\/irj\/go\/km\/docs\/galerias\/Imagenes\/Galer%C3%ADa%20d%C3%ADa%20a%20d%C3%ADa%202021\/20210414-Metroplus-2.JPG\" title=\"Metropl\u00fas reactiva obras de la calle 12 sur con una inversi\u00f3n de $22.900 millones y sin sobrecostos\" target=\"_blank\" rel=\"noopener\" data-mce-href=\"\/irj\/go\/km\/docs\/galerias\/Imagenes\/Galer%C3%ADa%20d%C3%ADa%20a%20d%C3%ADa%202021\/20210414-Metroplus-2.JPG\"><img src=\"\/irj\/go\/km\/docs\/galerias\/Imagenes\/Galer%C3%ADa%20d%C3%ADa%20a%20d%C3%ADa%202021\/1000_450\/20210414-Metroplus-2.jpg\" alt=\"Metropl\u00fas reactiva obras de la calle 12 sur con una inversi\u00f3n de $22.900 millones y sin sobrecostos\" width=\"100%\" data-mce-src=\"\/irj\/go\/km\/docs\/galerias\/Imagenes\/Galer%C3%ADa%20d%C3%ADa%20a%20d%C3%ADa%202021\/1000_450\/20210414-Metroplus-2.jpg\"><\/a><\/p>\n<p>Se construir\u00e1, adem\u00e1s, el corredor exclusivo para el sistema de buses y se realizar\u00e1 mejoramiento de la capacidad hidr\u00e1ulica de la quebrada La Jabalcona, \u201cque evitar\u00e1 futuros desbordamientos y proporcionar\u00e1 14.275 metros cuadrados de espacio p\u00fablico a ambos costados del referente h\u00eddrico, con mobiliario urbano y zonas verdes que aportar\u00e1n desarrollo, inclusi\u00f3n y disfrute de los transe\u00fantes y comunidad aleda\u00f1a\u201d, agreg\u00f3 el gerente (e).&nbsp;<\/p>\n<p>Cierres viales durante la construcci\u00f3n de la obra&nbsp;<\/p>\n<p>La reactivaci\u00f3n de obras en la calle 12 sur implicar\u00e1 su cierre las 24 horas -cierre total-, desde el 19 de abril, entre la calzada de servicio de la carrera 50 FF y la carrera 50 FF (Avenida 80).&nbsp;<\/p>\n<p>Tambi\u00e9n se presentar\u00e1n los siguientes cierres parciales:&nbsp;<\/p>\n<p>&#8211; Cierre de la calzada norte (en sentido oriente \u2013 occidente) de la calle 12 sur entre la carrera 50 C (lazo de la autopista sur) y la carrera 50 FF (Avenida 80).&nbsp;<\/p>\n<p>&#8211; Cierre de la calzada norte (en sentido oriente \u2013 occidente) de la calle 12 sur entre la v\u00eda de servicio de la carrera 50 FF y la carrera 51.&nbsp;<\/p>\n<p>&#8211; Cierre de la calzada sur (en sentido occidente \u2013 oriente) de la calle 12 sur entre las carreras 51 y 51 G. (Itag\u00fc\u00ed).&nbsp;<\/p>\n<p>&#8211; Cierre de la calzada sur (en sentido occidente \u2013 oriente) de la calle 12 sur entre las carreras 50 G y 50 FF, a partir del 1 de junio (Itag\u00fc\u00ed).&nbsp;&nbsp;<\/p>\n<p>&#8211; Cierre de la calzada sur (en sentido occidente \u2013 oriente) de la calle 12 sur entre la carrera 50 FF y la Autopista Sur, a partir del 1 de septiembre (Itag\u00fc\u00ed).&nbsp;<\/p>\n<p>La Alcald\u00eda de Medell\u00edn y Metropl\u00fas invitan a la ciudadan\u00eda a conducir con precauci\u00f3n y dirigirse por la calle 12 sur entre las carreras 50 FF y 51 como v\u00eda alterna.&nbsp;<\/p>\n<p>\u201c<em>Ante los cierres parciales se recomienda tomar rutas alternas, respetar las se\u00f1ales y normas de tr\u00e1nsito, as\u00ed como transitar programando las rutas en el sector para que tengamos recorridos seguros y tranquilos<\/em>\u201d, puntualiz\u00f3 Carlos Mar\u00edn, Subsecretario de Seguridad Vial y Control.&nbsp;<\/p>\n<p>Quienes circulan en sentido oriente-occidente pueden tomar la carrera 50 FF en sentido norte hasta la calle 8 sur y continuar por esta v\u00eda hasta la carrera 50 E, girar sobre la calle 8 sur nuevamente y continuar hasta la carrera 51 para llegar a la calle 12 sur y, de esta manera, finalizar el recorrido a trav\u00e9s de esta v\u00eda para salir a la carrera 52 (Avenida Guayabal).<\/p>\n<\/div>\n<div class=\"compartir\">Compartir en:<a title=\"\" href=\"http:\/\/www.facebook.com\/share.php?u=\" class=\"btCompartirFacebook btCompartir\" target=\"_blank\" rel=\"noopener\"><\/a><a title=\"\" href=\"http:\/\/twitter.com\/home?status=Haz%20clic%20para%20ver%20esta%20noticia%20en%20\" class=\"btCompartirTwitter btCompartir\"><\/a><a title=\"\" href=\"whatsapp:\/\/send?text=Haz%20clic%20para%20ver%20esta%20noticia%20en%20\" class=\"btCompartirWa btCompartir\"><\/a><\/div>\n<\/div>\n<p><script>try{comprobarImagen();fixBtnRedes();hitsMedellin();}catch(e){}<\/script><\/div>\n","protected":false},"excerpt":{"rendered":"<p>Foto: Metropl\u00fas reactiva obras de la calle 12 sur con una inversi\u00f3n de $22.900 millones y sin sobrecostos. Fot\u00f3grafo: Foto Alcald\u00eda de Medell\u00edn 2021-04-14 Metropl\u00fas reactiva obras de la calle 12 sur con una inversi\u00f3n &#8230;<\/p>\n","protected":false},"author":1,"featured_media":60237,"comment_status":"open","ping_status":"open","sticky":false,"template":"","format":"standard","meta":[],"categories":[11,14,17],"tags":[440,434,447,442,443],"formato_nota":[],"programas_tax":[],"acf":[],"_links":{"self":[{"href":"https:\/\/www.medellin.gov.co\/es\/wp-json\/wp\/v2\/posts\/36011"}],"collection":[{"href":"https:\/\/www.medellin.gov.co\/es\/wp-json\/wp\/v2\/posts"}],"about":[{"href":"https:\/\/www.medellin.gov.co\/es\/wp-json\/wp\/v2\/types\/post"}],"author":[{"embeddable":true,"href":"https:\/\/www.medellin.gov.co\/es\/wp-json\/wp\/v2\/users\/1"}],"replies":[{"embeddable":true,"href":"https:\/\/www.medellin.gov.co\/es\/wp-json\/wp\/v2\/comments?post=36011"}],"version-history":[{"count":1,"href":"https:\/\/www.medellin.gov.co\/es\/wp-json\/wp\/v2\/posts\/36011\/revisions"}],"predecessor-version":[{"id":42837,"href":"https:\/\/www.medellin.gov.co\/es\/wp-json\/wp\/v2\/posts\/36011\/revisions\/42837"}],"wp:featuredmedia":[{"embeddable":true,"href":"https:\/\/www.medellin.gov.co\/es\/wp-json\/wp\/v2\/media\/60237"}],"wp:attachment":[{"href":"https:\/\/www.medellin.gov.co\/es\/wp-json\/wp\/v2\/media?parent=36011"}],"wp:term":[{"taxonomy":"category","embeddable":true,"href":"https:\/\/www.medellin.gov.co\/es\/wp-json\/wp\/v2\/categories?post=36011"},{"taxonomy":"post_tag","embeddable":true,"href":"https:\/\/www.medellin.gov.co\/es\/wp-json\/wp\/v2\/tags?post=36011"},{"taxonomy":"formato_nota","embeddable":true,"href":"https:\/\/www.medellin.gov.co\/es\/wp-json\/wp\/v2\/formato_nota?post=36011"},{"taxonomy":"programas_tax","embeddable":true,"href":"https:\/\/www.medellin.gov.co\/es\/wp-json\/wp\/v2\/programas_tax?post=36011"}],"curies":[{"name":"wp","href":"https:\/\/api.w.org\/{rel}","templated":true}]}}