{"id":36014,"date":"2021-04-15T00:00:00","date_gmt":"2021-04-15T05:00:00","guid":{"rendered":"https:\/\/www.medellin.gov.co\/es\/saladeprensa\/noticias\/en-el-mes-de-la-ninez-medellin-promueve-el-juego-como-una-herramienta-de-transformacion-cultural\/"},"modified":"2022-03-27T23:18:09","modified_gmt":"2022-03-28T04:18:09","slug":"en-el-mes-de-la-ninez-medellin-promueve-el-juego-como-una-herramienta-de-transformacion-cultural","status":"publish","type":"post","link":"https:\/\/www.medellin.gov.co\/es\/sala-de-prensa\/noticias\/en-el-mes-de-la-ninez-medellin-promueve-el-juego-como-una-herramienta-de-transformacion-cultural\/","title":{"rendered":"En el Mes de la Ni\u00f1ez, Medell\u00edn promueve el juego como una herramienta de transformaci\u00f3n cultural"},"content":{"rendered":"<div class=\"wrap contenido\">\n<div class=\"noticia\">\n<div class=\"imagen\">\n<div class=\"divContImageNoticia input_plantilla input_background\" data-input=\"fotografia\" ruta=\"\/galerias\/Imagenes\/Galer\u00eda d\u00eda a d\u00eda 2021\/500_400\/20210415-Mes-Ni\u00f1ez-1.jpg\" fotografo=\"Foto Alcald\u00eda de Medell\u00edn\" descripcion=\"En el Mes de la Ni\u00f1ez, Medell\u00edn promueve el juego como una herramienta de transformaci\u00f3n cultural.\" style=\"background-image:url('\/irj\/go\/km\/docs\/galerias\/Imagenes\/Galer\u00eda d\u00eda a d\u00eda 2021\/500_400\/20210415-Mes-Ni\u00f1ez-1.jpg')\"><\/div>\n<p class=\"pMetaDesc\">Foto: En el Mes de la Ni\u00f1ez, Medell\u00edn promueve el juego como una herramienta de transformaci\u00f3n cultural.<\/p>\n<p class=\"pMetaFotografo\">Fot\u00f3grafo: Foto Alcald\u00eda de Medell\u00edn<\/p>\n<\/div>\n<p class=\"fecha\"><span class=\"input_plantilla input_text\" data-input=\"fecha\">2021-04-15<\/span><\/p>\n<p itemprop=\"name\" class=\"input_plantilla input_text\" data-input=\"titulo\">En el Mes de la Ni\u00f1ez, Medell\u00edn promueve el juego como una herramienta de transformaci\u00f3n cultural<\/p>\n<p class=\"input_plantilla input_text\" data-input=\"autor\">Por Alejandra G\u00f3mez<\/p>\n<div class=\"cuerpo input_plantilla input_area\" data-input=\"contenido\">\n<p>.: Con la campa\u00f1a Llegar\u00e1n tan lejos como tus palabras se lo digan, se busca promover la crianza amorosa y la comunicaci\u00f3n asertiva.&nbsp;<\/p>\n<p>.: En la actual administraci\u00f3n, 14.433 ni\u00f1as, ni\u00f1os y adolescentes se han beneficiado con actividades de prevenci\u00f3n y 2.840 con acciones para el restablecimiento de derechos.<\/p>\n<p><a href=\"\/irj\/go\/km\/docs\/galerias\/Audios\/Audios d\u00eda a d\u00eda 2021\/20210415-Mes-Ni\u00f1ez-01.mp3\" class=\"aContEnlace audio\" download=\"\" data-mce-href=\"\/irj\/go\/km\/docs\/galerias\/Audios\/Audios d\u00eda a d\u00eda 2021\/20210415-Mes-Ni\u00f1ez-01.mp3\"><span>Palabras de M\u00f3nica Alejandra G\u00f3mez, secretaria de Inclusi\u00f3n Social, Familia y Derechos Humanos.<\/span><span><\/span><span>1941 Kb<\/span><\/a><\/p>\n<p>Medell\u00edn contin\u00faa conmemorando el Mes de la Ni\u00f1ez con acciones y actividades que promueven el juego como una herramienta de transformaci\u00f3n cultural, lo que permite el empoderamiento y la participaci\u00f3n de ni\u00f1as, ni\u00f1os y adolescentes, as\u00ed como la protecci\u00f3n de sus derechos.&nbsp;<\/p>\n<p>Mediante un trabajo articulado de varias dependencias de la Administraci\u00f3n Municipal, en abril se desarrollan acciones pedag\u00f3gicas y recreativas de forma presencial y virtual. La agenda ha incluido promoci\u00f3n del juego, charlas educativas y actividades para toda la familia.&nbsp;<\/p>\n<p>El Despacho de la Gestora Social, Diana Osorio, promueve la campa\u00f1a Llegar\u00e1n tan lejos como tus palabras se lo digan, que busca promover el lenguaje asertivo, que edifica y que forma el destino de ni\u00f1as, ni\u00f1os y adolescentes. La idea es que los adultos tomen conciencia sobre las palabras que expresan a hijos, nietos, sobrinos, primos, para invitarlos a luchar por lo que creen y a empoderarse de su destino. Todo, para que tengan mejores herramientas a la hora de cumplir sus sue\u00f1os y construir sus proyectos de vida.&nbsp;<\/p>\n<p><a href=\"\/irj\/go\/km\/docs\/galerias\/Imagenes\/Galer%C3%ADa%20d%C3%ADa%20a%20d%C3%ADa%202021\/20210415-Mes-Ni\u00f1ez-2.jpg\" title=\"En el Mes de la Ni\u00f1ez, Medell\u00edn promueve el juego como una herramienta de transformaci\u00f3n cultural\" target=\"_blank\" rel=\"noopener\" data-mce-href=\"\/irj\/go\/km\/docs\/galerias\/Imagenes\/Galer%C3%ADa%20d%C3%ADa%20a%20d%C3%ADa%202021\/20210415-Mes-Ni\u00f1ez-2.jpg\"><img src=\"\/irj\/go\/km\/docs\/galerias\/Imagenes\/Galer%C3%ADa%20d%C3%ADa%20a%20d%C3%ADa%202021\/1000_450\/20210415-Mes-Ni\u00f1ez-2.jpg\" alt=\"En el Mes de la Ni\u00f1ez, Medell\u00edn promueve el juego como una herramienta de transformaci\u00f3n cultural\" width=\"100%\" data-mce-src=\"\/irj\/go\/km\/docs\/galerias\/Imagenes\/Galer%C3%ADa%20d%C3%ADa%20a%20d%C3%ADa%202021\/1000_450\/20210415-Mes-Ni\u00f1ez-2.jpg\"><\/a><\/p>\n<p>\u201c<em>En el modelo social de Medell\u00edn, las ni\u00f1as, los ni\u00f1os y los adolescentes son fundamentales. Por ello, trabajamos constantemente para que tengan la oportunidad de cumplir sus sue\u00f1os, desarrollar proyectos de vida y llegar tan lejos como lo deseen. En esta apuesta, todos somos responsables de impulsarlos y motivarlos, por medio de acciones y palabras asertivas y una crianza amorosa<\/em>\u201d, manifest\u00f3 la secretaria de Inclusi\u00f3n Social, Familia y Derechos Humanos, M\u00f3nica Alejandra G\u00f3mez.<\/p>\n<p>Abril es la oportunidad para reiterar el compromiso de la Alcald\u00eda de Medell\u00edn con los derechos de la infancia y la adolescencia. En la actual administraci\u00f3n, la Unidad de Ni\u00f1ez ha atendido a 14.433 ni\u00f1os, ni\u00f1as, adolescentes y familias con acciones de prevenci\u00f3n que incluyen acompa\u00f1amiento psicosocial, actividades art\u00edsticas, pedag\u00f3gicas y de sensibilizaci\u00f3n.<\/p>\n<p>Con ello, se busca fortalecer los hogares como entornos protectores, promover las capacidades y evitar riesgos y cualquier tipo de vulneraci\u00f3n hacia esta poblaci\u00f3n, como trabajo infantil, violencias sexuales, explotaci\u00f3n sexual comercial, as\u00ed como uso, utilizaci\u00f3n y vinculaci\u00f3n a grupos ilegales, entre otras.<\/p>\n<p>Adicionalmente, se han atendido, desde el componente de protecci\u00f3n, 2.840 casos para el restablecimiento de derechos de ni\u00f1as, ni\u00f1os y adolescentes por distintas vulneraciones; y, en articulaci\u00f3n con otras instituciones, se han acompa\u00f1ado 1.792 ni\u00f1as, ni\u00f1os y adolescentes con ese mismo prop\u00f3sito.<\/p>\n<p>Para promover la incidencia de la infancia y adolescencia, tambi\u00e9n se ha acompa\u00f1ado la presencia de 387 ni\u00f1as, ni\u00f1os y adolescentes en los 21 Consejos de Participaci\u00f3n Infantil, desde donde pueden generar transformaciones en sus territorios.<\/p>\n<p>La Alcald\u00eda de Medell\u00edn reitera el llamado a la ciudadan\u00eda a propiciar espacios donde se fortalezcan los lazos afectivos, de respeto y crianza amorosa hacia ni\u00f1as, ni\u00f1os y adolescentes, especialmente en la actualidad, cuando la mayor\u00eda se encuentra estudiando desde sus hogares.<\/p>\n<p>La responsabilidad de protegerlos recae sobre la familia, el Estado y la sociedad en general. Por ello, cualquier persona puede denunciar o reportar casos de vulneraci\u00f3n en contra de esta poblaci\u00f3n a las l\u00edneas 123 Social, 444 41 44 y 141 del ICBF o escribir al correo electr\u00f3nico <a href=\"mailto:atencion.ciudadano@medellin.gov.co\" data-mce-href=\"mailto:atencion.ciudadano@medellin.gov.co\">atencion.ciudadano@medellin.gov.co<\/a><\/p>\n<\/div>\n<div class=\"compartir\">Compartir en:<a title=\"\" href=\"http:\/\/www.facebook.com\/share.php?u=\" class=\"btCompartirFacebook btCompartir\" target=\"_blank\" rel=\"noopener\"><\/a><a title=\"\" href=\"http:\/\/twitter.com\/home?status=Haz%20clic%20para%20ver%20esta%20noticia%20en%20\" class=\"btCompartirTwitter btCompartir\"><\/a><a title=\"\" href=\"whatsapp:\/\/send?text=Haz%20clic%20para%20ver%20esta%20noticia%20en%20\" class=\"btCompartirWa btCompartir\"><\/a><\/div>\n<\/div>\n<p><script>try{comprobarImagen();fixBtnRedes();hitsMedellin();}catch(e){}<\/script><\/div>\n","protected":false},"excerpt":{"rendered":"<p>Foto: En el Mes de la Ni\u00f1ez, Medell\u00edn promueve el juego como una herramienta de transformaci\u00f3n cultural. Fot\u00f3grafo: Foto Alcald\u00eda de Medell\u00edn 2021-04-15 En el Mes de la Ni\u00f1ez, Medell\u00edn promueve el juego como una &#8230;<\/p>\n","protected":false},"author":1,"featured_media":60240,"comment_status":"open","ping_status":"open","sticky":false,"template":"","format":"standard","meta":[],"categories":[1],"tags":[444,431,428],"formato_nota":[],"programas_tax":[],"acf":[],"_links":{"self":[{"href":"https:\/\/www.medellin.gov.co\/es\/wp-json\/wp\/v2\/posts\/36014"}],"collection":[{"href":"https:\/\/www.medellin.gov.co\/es\/wp-json\/wp\/v2\/posts"}],"about":[{"href":"https:\/\/www.medellin.gov.co\/es\/wp-json\/wp\/v2\/types\/post"}],"author":[{"embeddable":true,"href":"https:\/\/www.medellin.gov.co\/es\/wp-json\/wp\/v2\/users\/1"}],"replies":[{"embeddable":true,"href":"https:\/\/www.medellin.gov.co\/es\/wp-json\/wp\/v2\/comments?post=36014"}],"version-history":[{"count":1,"href":"https:\/\/www.medellin.gov.co\/es\/wp-json\/wp\/v2\/posts\/36014\/revisions"}],"predecessor-version":[{"id":48589,"href":"https:\/\/www.medellin.gov.co\/es\/wp-json\/wp\/v2\/posts\/36014\/revisions\/48589"}],"wp:featuredmedia":[{"embeddable":true,"href":"https:\/\/www.medellin.gov.co\/es\/wp-json\/wp\/v2\/media\/60240"}],"wp:attachment":[{"href":"https:\/\/www.medellin.gov.co\/es\/wp-json\/wp\/v2\/media?parent=36014"}],"wp:term":[{"taxonomy":"category","embeddable":true,"href":"https:\/\/www.medellin.gov.co\/es\/wp-json\/wp\/v2\/categories?post=36014"},{"taxonomy":"post_tag","embeddable":true,"href":"https:\/\/www.medellin.gov.co\/es\/wp-json\/wp\/v2\/tags?post=36014"},{"taxonomy":"formato_nota","embeddable":true,"href":"https:\/\/www.medellin.gov.co\/es\/wp-json\/wp\/v2\/formato_nota?post=36014"},{"taxonomy":"programas_tax","embeddable":true,"href":"https:\/\/www.medellin.gov.co\/es\/wp-json\/wp\/v2\/programas_tax?post=36014"}],"curies":[{"name":"wp","href":"https:\/\/api.w.org\/{rel}","templated":true}]}}