{"id":36023,"date":"2021-04-15T00:00:00","date_gmt":"2021-04-15T05:00:00","guid":{"rendered":"https:\/\/www.medellin.gov.co\/es\/saladeprensa\/noticias\/la-alcaldia-de-medellin-ha-entregado-mas-de-1-800-ayudas-humanitarias-a-afectados-por-temporada-de-lluvias\/"},"modified":"2022-03-27T23:18:19","modified_gmt":"2022-03-28T04:18:19","slug":"la-alcaldia-de-medellin-ha-entregado-mas-de-1-800-ayudas-humanitarias-a-afectados-por-temporada-de-lluvias","status":"publish","type":"post","link":"https:\/\/www.medellin.gov.co\/es\/sala-de-prensa\/noticias\/la-alcaldia-de-medellin-ha-entregado-mas-de-1-800-ayudas-humanitarias-a-afectados-por-temporada-de-lluvias\/","title":{"rendered":"La Alcald\u00eda de Medell\u00edn ha entregado m\u00e1s de 1.800 ayudas humanitarias a afectados por temporada de lluvias"},"content":{"rendered":"<div class=\"wrap contenido\">\n<div class=\"noticia\">\n<div class=\"imagen\">\n<div class=\"divContImageNoticia input_plantilla input_background\" data-input=\"fotografia\" ruta=\"\/galerias\/Imagenes\/Galer\u00eda d\u00eda a d\u00eda 2021\/500_400\/20210416-ayudas-humanitarias-1.jpg\" fotografo=\"Foto Alcald\u00eda de Medelll\u00edn\" descripcion=\"La Alcald\u00eda de Medell\u00edn ha entregado m\u00e1s de 1.800 ayudas humanitarias a afectados por temporada de lluvias. \" style=\"background-image:url('\/irj\/go\/km\/docs\/galerias\/Imagenes\/Galer\u00eda d\u00eda a d\u00eda 2021\/500_400\/20210416-ayudas-humanitarias-1.jpg')\"><\/div>\n<p class=\"pMetaDesc\">Foto: La Alcald\u00eda de Medell\u00edn ha entregado m\u00e1s de 1.800 ayudas humanitarias a afectados por temporada de lluvias. <\/p>\n<p class=\"pMetaFotografo\">Fot\u00f3grafo: Foto Alcald\u00eda de Medelll\u00edn<\/p>\n<\/div>\n<p class=\"fecha\"><span class=\"input_plantilla input_text\" data-input=\"fecha\">2021-04-16<\/span><\/p>\n<p itemprop=\"name\" class=\"input_plantilla input_text\" data-input=\"titulo\">La Alcald\u00eda de Medell\u00edn ha entregado m\u00e1s de 1.800 ayudas humanitarias a afectados por temporada de lluvias<\/p>\n<p class=\"input_plantilla input_text\" data-input=\"autor\">Por Andr\u00e9s Manrique<\/p>\n<div class=\"cuerpo input_plantilla input_area\" data-input=\"contenido\">\n<p>.: La Unidad Nacional para la Gesti\u00f3n del Riesgo de Desastres (Ungrd) es un aliado estrat\u00e9gico en este tipo de asistencia a poblaciones vulnerables.&nbsp;<\/p>\n<p>.: En abril se han entregado 173 unidades de ayudas humanitarias a personas afectadas por la primera temporada de lluvias de 2021.&nbsp;<\/p>\n<p><a href=\"\/irj\/go\/km\/docs\/galerias\/Audios\/Audios d\u00eda a d\u00eda 2021\/20210416-ayudas-humanitarias-01.mp3\" class=\"aContEnlace audio\" download=\"\" data-mce-href=\"\/irj\/go\/km\/docs\/galerias\/Audios\/Audios d\u00eda a d\u00eda 2021\/20210416-ayudas-humanitarias-01.mp3\"><span>Palabras de Alethia Arango, directora del Dagrd.<\/span><span><\/span><span>1186 Kb<\/span><\/a><\/p>\n<p>La Administraci\u00f3n Municipal a trav\u00e9s del Departamento Administrativo de Gesti\u00f3n del Riesgo de Desastres &#8211; Dagrd, el Cuerpo Oficial de Bomberos Medell\u00edn y con apoyo de la comisi\u00f3n social de la Secretar\u00eda de Inclusi\u00f3n Social, Familia y Derechos Humanos, realiza la atenci\u00f3n de las familias y personas afectadas como consecuencia de las lluvias.&nbsp;<\/p>\n<p>Durante marzo y abril, periodo en el que se espera se consolide la primera fase de lluvias de 2021, los profesionales de la Alcald\u00eda de Medell\u00edn han entregado m\u00e1s de 1.800 unidades de ayuda humanitaria, en articulaci\u00f3n con la Unidad Nacional para la Gesti\u00f3n del Riesgo de Desastres (Ungrd).<\/p>\n<p><a href=\"https:\/\/www.medellin.gov.co\/irj\/go\/km\/docs\/galerias\/Imagenes\/Galer%C3%ADa%20d%C3%ADa%20a%20d%C3%ADa%202021\/20210416-ayudas-humanitarias-2.jpg\" target=\"_blank\" rel=\"noopener\" data-mce-href=\"https:\/\/www.medellin.gov.co\/irj\/go\/km\/docs\/galerias\/Imagenes\/Galer%C3%ADa%20d%C3%ADa%20a%20d%C3%ADa%202021\/20210416-ayudas-humanitarias-2.jpg\"><img src=\"https:\/\/www.medellin.gov.co\/irj\/go\/km\/docs\/galerias\/Imagenes\/Galer%C3%ADa%20d%C3%ADa%20a%20d%C3%ADa%202021\/1000_450\/20210416-ayudas-humanitarias-2.jpg\" alt=\"\" width=\"100%\" data-mce-src=\"https:\/\/www.medellin.gov.co\/irj\/go\/km\/docs\/galerias\/Imagenes\/Galer%C3%ADa%20d%C3%ADa%20a%20d%C3%ADa%202021\/1000_450\/20210416-ayudas-humanitarias-2.jpg\"><\/a> <\/p>\n<p>\u201c<em>Durante marzo, mes en el que inici\u00f3 la temporada de lluvias, entregamos 1.655 ayudas a las familias afectadas por fen\u00f3menos relacionados con las precipitaciones. Estos paquetes humanitarios est\u00e1n compuestos por kits alimentarios, kits de cocina, kits de aseo y dormitorio. As\u00ed mismo, realizamos un acompa\u00f1amiento psicosocial con profesionales y brindamos una asistencia para albergues temporales. Lo que siempre priorizamos en estas acciones es la vida y dignidad de las personas afectadas<\/em>\u201d, explic\u00f3 la directora del Dagrd, Alethia Arango.<\/p>\n<p>Los fen\u00f3menos amenazantes que derivan en la atenci\u00f3n de estas personas est\u00e1n relacionados, en su mayor\u00eda, con evacuaciones temporales y definitivas de viviendas en zonas de alto riesgo por movimientos en masa. En lo corrido de este a\u00f1o se han realizado 358 recomendaciones de evacuaci\u00f3n, 210 definitivas y otras 148 de manera temporal. <\/p>\n<p>El balance de atenci\u00f3n por la primera temporada de lluvias, entre marzo y a la fecha, registra m\u00e1s de 290 emergencias atendidas por deslizamientos, ca\u00eddas de \u00e1rboles e inundaciones. De ah\u00ed, el llamado a la ciudadan\u00eda para que atienda las recomendaciones de los organismos de emergencia y el reporte oportuno de cualquier caso a la l\u00ednea 123.<\/p>\n<\/div>\n<div class=\"compartir\">Compartir en:<a title=\"\" href=\"http:\/\/www.facebook.com\/share.php?u=\" class=\"btCompartirFacebook btCompartir\" target=\"_blank\" rel=\"noopener\"><\/a><a title=\"\" href=\"http:\/\/twitter.com\/home?status=Haz%20clic%20para%20ver%20esta%20noticia%20en%20\" class=\"btCompartirTwitter btCompartir\"><\/a><a title=\"\" href=\"whatsapp:\/\/send?text=Haz%20clic%20para%20ver%20esta%20noticia%20en%20\" class=\"btCompartirWa btCompartir\"><\/a><\/div>\n<\/div>\n<p><script>try{comprobarImagen();fixBtnRedes();hitsMedellin();}catch(e){}<\/script><\/div>\n","protected":false},"excerpt":{"rendered":"<p>Foto: La Alcald\u00eda de Medell\u00edn ha entregado m\u00e1s de 1.800 ayudas humanitarias a afectados por temporada de lluvias. Fot\u00f3grafo: Foto Alcald\u00eda de Medelll\u00edn 2021-04-16 La Alcald\u00eda de Medell\u00edn ha entregado m\u00e1s de 1.800 ayudas humanitarias &#8230;<\/p>\n","protected":false},"author":1,"featured_media":60249,"comment_status":"open","ping_status":"open","sticky":false,"template":"","format":"standard","meta":[],"categories":[30],"tags":[437,451,436],"formato_nota":[],"programas_tax":[],"acf":[],"_links":{"self":[{"href":"https:\/\/www.medellin.gov.co\/es\/wp-json\/wp\/v2\/posts\/36023"}],"collection":[{"href":"https:\/\/www.medellin.gov.co\/es\/wp-json\/wp\/v2\/posts"}],"about":[{"href":"https:\/\/www.medellin.gov.co\/es\/wp-json\/wp\/v2\/types\/post"}],"author":[{"embeddable":true,"href":"https:\/\/www.medellin.gov.co\/es\/wp-json\/wp\/v2\/users\/1"}],"replies":[{"embeddable":true,"href":"https:\/\/www.medellin.gov.co\/es\/wp-json\/wp\/v2\/comments?post=36023"}],"version-history":[{"count":1,"href":"https:\/\/www.medellin.gov.co\/es\/wp-json\/wp\/v2\/posts\/36023\/revisions"}],"predecessor-version":[{"id":48607,"href":"https:\/\/www.medellin.gov.co\/es\/wp-json\/wp\/v2\/posts\/36023\/revisions\/48607"}],"wp:featuredmedia":[{"embeddable":true,"href":"https:\/\/www.medellin.gov.co\/es\/wp-json\/wp\/v2\/media\/60249"}],"wp:attachment":[{"href":"https:\/\/www.medellin.gov.co\/es\/wp-json\/wp\/v2\/media?parent=36023"}],"wp:term":[{"taxonomy":"category","embeddable":true,"href":"https:\/\/www.medellin.gov.co\/es\/wp-json\/wp\/v2\/categories?post=36023"},{"taxonomy":"post_tag","embeddable":true,"href":"https:\/\/www.medellin.gov.co\/es\/wp-json\/wp\/v2\/tags?post=36023"},{"taxonomy":"formato_nota","embeddable":true,"href":"https:\/\/www.medellin.gov.co\/es\/wp-json\/wp\/v2\/formato_nota?post=36023"},{"taxonomy":"programas_tax","embeddable":true,"href":"https:\/\/www.medellin.gov.co\/es\/wp-json\/wp\/v2\/programas_tax?post=36023"}],"curies":[{"name":"wp","href":"https:\/\/api.w.org\/{rel}","templated":true}]}}