{"id":36033,"date":"2021-04-16T00:00:00","date_gmt":"2021-04-16T05:00:00","guid":{"rendered":"https:\/\/www.medellin.gov.co\/es\/saladeprensa\/noticias\/la-plataforma-virtual-para-fortalecer-la-seguridad-vial-en-medellin-alcanza-mas-de-59-000-visitas\/"},"modified":"2022-03-27T23:18:30","modified_gmt":"2022-03-28T04:18:30","slug":"la-plataforma-virtual-para-fortalecer-la-seguridad-vial-en-medellin-alcanza-mas-de-59-000-visitas","status":"publish","type":"post","link":"https:\/\/www.medellin.gov.co\/es\/sala-de-prensa\/noticias\/la-plataforma-virtual-para-fortalecer-la-seguridad-vial-en-medellin-alcanza-mas-de-59-000-visitas\/","title":{"rendered":"La plataforma virtual para fortalecer la seguridad vial en Medell\u00edn alcanza m\u00e1s de 59.000 visitas"},"content":{"rendered":"<div class=\"wrap contenido\">\n<div class=\"noticia\">\n<div class=\"imagen\">\n<div class=\"divContImageNoticia input_plantilla input_background\" data-input=\"fotografia\" ruta=\"\/galerias\/Imagenes\/Galer\u00eda d\u00eda a d\u00eda 2021\/500_400\/20210417-Somos-Calle-1.jpg\" fotografo=\"Foto Alcald\u00eda de Medell\u00edn\" descripcion=\"La plataforma virtual para fortalecer la seguridad vial en Medell\u00edn alcanza m\u00e1s de 59.000 visitas.\" style=\"background-image:url('\/irj\/go\/km\/docs\/galerias\/Imagenes\/Galer\u00eda d\u00eda a d\u00eda 2021\/500_400\/20210417-Somos-Calle-1.jpg')\"><\/div>\n<p class=\"pMetaDesc\">Foto: La plataforma virtual para fortalecer la seguridad vial en Medell\u00edn alcanza m\u00e1s de 59.000 visitas.<\/p>\n<p class=\"pMetaFotografo\">Fot\u00f3grafo: Foto Alcald\u00eda de Medell\u00edn<\/p>\n<\/div>\n<p class=\"fecha\"><span class=\"input_plantilla input_text\" data-input=\"fecha\">2021-04-17<\/span><\/p>\n<p itemprop=\"name\" class=\"input_plantilla input_text\" data-input=\"titulo\">La plataforma virtual para fortalecer la seguridad vial en Medell\u00edn alcanza m\u00e1s de 59.000 visitas<\/p>\n<p class=\"input_plantilla input_text\" data-input=\"autor\">Por Cristian Adarve Arboleda<\/p>\n<div class=\"cuerpo input_plantilla input_area\" data-input=\"contenido\">\n<p>.: Las personas pueden ingresar al sitio <a href=\"http:\/\/www.medellin.gov.co\/educacionvial\" data-mce-href=\"http:\/\/www.medellin.gov.co\/educacionvial\">www.medellin.gov.co\/educacionvial<\/a> e interactuar con contenidos en l\u00ednea sobre movilidad segura y sostenible.&nbsp;<\/p>\n<p>.: Tambi\u00e9n permite descargar, de forma gratuita, talleres e interactivos sobre calidad del aire, transporte sostenible y movilidad con equidad de g\u00e9nero.<\/p>\n<p><a href=\"\/irj\/go\/km\/docs\/galerias\/Audios\/Audios d\u00eda a d\u00eda 2021\/20210417-Somos-Calle-01.mp3\" class=\"aContEnlace audio\" download=\"\" data-mce-href=\"\/irj\/go\/km\/docs\/galerias\/Audios\/Audios d\u00eda a d\u00eda 2021\/20210417-Somos-Calle-01.mp3\"><span>Palabras de Paula Andrea \u00c1lvarez, l\u00edder de Educaci\u00f3n Vial.<\/span><span><\/span><span>619 Kb<\/span><\/a><\/p>\n<p>El espacio virtual creado por la Alcald\u00eda de Medell\u00edn para fortalecer conocimientos en seguridad vial de una forma l\u00fadica y pedag\u00f3gica llega este a\u00f1o a las 59.000 visitas de ciudadanos interesados en el tema. Al micrositio Somos Calle se accede a trav\u00e9s de <a href=\"http:\/\/www.medellin.gov.co\/educacionvial\" data-mce-href=\"http:\/\/www.medellin.gov.co\/educacionvial\">www.medellin.gov.co\/educacionvial<\/a> &nbsp;&nbsp;<\/p>\n<p>\u201c<em>Somos Calle es un espacio en el que a trav\u00e9s de juegos interactivos y otras estrategias se puede aprender sobre puntos ciegos a la hora de movilizarse en bicicleta o moto. Invitamos a que cada d\u00eda m\u00e1s personas naveguen en este espacio para aprender a movilizarnos de manera segura, sostenible, accesible e incluyente<\/em>\u201d, manifest\u00f3 la l\u00edder de Educaci\u00f3n Vial, Paula Andrea \u00c1lvarez.&nbsp;<\/p>\n<p>Este portal tiene disponible para su descarga gratuita cuatro juegos interactivos que ponen a prueba las actitudes de las personas y proponen reflexiones sobre el impacto ambiental que generan las decisiones de movilidad en la ciudad. Hasta la fecha, estos contenidos han tenido m\u00e1s de 30.000 interacciones.&nbsp;<\/p>\n<p>Otra de las novedades son los art\u00edculos sobre movilidad sostenible, seguridad vial y calidad del aire que han recibido m\u00e1s de 5.000 visitas. En el portal tambi\u00e9n se puede acceder a talleres, actividades en l\u00ednea y conversatorios sobre el uso de la bicicleta como medio de transporte sostenible y en torno al fortalecimiento de una movilidad con m\u00e1s equidad de g\u00e9nero.&nbsp;<\/p>\n<p>En las secciones del sitio se pueden conocer los cuatro enfoques estrat\u00e9gicos para la construcci\u00f3n de una movilidad m\u00e1s segura y sostenible: Visi\u00f3n Cero, Ecociudad, enfoque de g\u00e9nero y accesibilidad universal. Adem\u00e1s hay programaci\u00f3n, con una parrilla de actividades, eventos y espacios para la transmisi\u00f3n de conocimientos sobre movilidad.&nbsp;<\/p>\n<p>Para dar a conocer este portal, la Secretar\u00eda de Movilidad lider\u00f3 536 activaciones virtuales con empresas, instituciones y colegios en las que participaron 8.321 personas, as\u00ed como acciones presenciales en puntos estrat\u00e9gicos de la ciudad para invitar a pensar y aprender nuevas maneras de movilizarse de forma segura.<\/p>\n<\/div>\n<div class=\"compartir\">Compartir en:<a title=\"\" href=\"http:\/\/www.facebook.com\/share.php?u=\" class=\"btCompartirFacebook btCompartir\" target=\"_blank\" rel=\"noopener\"><\/a><a title=\"\" href=\"http:\/\/twitter.com\/home?status=Haz%20clic%20para%20ver%20esta%20noticia%20en%20\" class=\"btCompartirTwitter btCompartir\"><\/a><a title=\"\" href=\"whatsapp:\/\/send?text=Haz%20clic%20para%20ver%20esta%20noticia%20en%20\" class=\"btCompartirWa btCompartir\"><\/a><\/div>\n<\/div>\n<p><script>try{comprobarImagen();fixBtnRedes();hitsMedellin();}catch(e){}<\/script><\/div>\n","protected":false},"excerpt":{"rendered":"<p>Foto: La plataforma virtual para fortalecer la seguridad vial en Medell\u00edn alcanza m\u00e1s de 59.000 visitas. Fot\u00f3grafo: Foto Alcald\u00eda de Medell\u00edn 2021-04-17 La plataforma virtual para fortalecer la seguridad vial en Medell\u00edn alcanza m\u00e1s de &#8230;<\/p>\n","protected":false},"author":1,"featured_media":60259,"comment_status":"open","ping_status":"open","sticky":false,"template":"","format":"standard","meta":[],"categories":[14],"tags":[437,447],"formato_nota":[],"programas_tax":[],"acf":[],"_links":{"self":[{"href":"https:\/\/www.medellin.gov.co\/es\/wp-json\/wp\/v2\/posts\/36033"}],"collection":[{"href":"https:\/\/www.medellin.gov.co\/es\/wp-json\/wp\/v2\/posts"}],"about":[{"href":"https:\/\/www.medellin.gov.co\/es\/wp-json\/wp\/v2\/types\/post"}],"author":[{"embeddable":true,"href":"https:\/\/www.medellin.gov.co\/es\/wp-json\/wp\/v2\/users\/1"}],"replies":[{"embeddable":true,"href":"https:\/\/www.medellin.gov.co\/es\/wp-json\/wp\/v2\/comments?post=36033"}],"version-history":[{"count":1,"href":"https:\/\/www.medellin.gov.co\/es\/wp-json\/wp\/v2\/posts\/36033\/revisions"}],"predecessor-version":[{"id":48627,"href":"https:\/\/www.medellin.gov.co\/es\/wp-json\/wp\/v2\/posts\/36033\/revisions\/48627"}],"wp:featuredmedia":[{"embeddable":true,"href":"https:\/\/www.medellin.gov.co\/es\/wp-json\/wp\/v2\/media\/60259"}],"wp:attachment":[{"href":"https:\/\/www.medellin.gov.co\/es\/wp-json\/wp\/v2\/media?parent=36033"}],"wp:term":[{"taxonomy":"category","embeddable":true,"href":"https:\/\/www.medellin.gov.co\/es\/wp-json\/wp\/v2\/categories?post=36033"},{"taxonomy":"post_tag","embeddable":true,"href":"https:\/\/www.medellin.gov.co\/es\/wp-json\/wp\/v2\/tags?post=36033"},{"taxonomy":"formato_nota","embeddable":true,"href":"https:\/\/www.medellin.gov.co\/es\/wp-json\/wp\/v2\/formato_nota?post=36033"},{"taxonomy":"programas_tax","embeddable":true,"href":"https:\/\/www.medellin.gov.co\/es\/wp-json\/wp\/v2\/programas_tax?post=36033"}],"curies":[{"name":"wp","href":"https:\/\/api.w.org\/{rel}","templated":true}]}}