{"id":36035,"date":"2021-04-18T00:00:00","date_gmt":"2021-04-18T05:00:00","guid":{"rendered":"https:\/\/www.medellin.gov.co\/es\/saladeprensa\/noticias\/3-843-huecos-han-sido-intervenidos-en-vias-de-medellin\/"},"modified":"2022-03-27T23:18:32","modified_gmt":"2022-03-28T04:18:32","slug":"3-843-huecos-han-sido-intervenidos-en-vias-de-medellin","status":"publish","type":"post","link":"https:\/\/www.medellin.gov.co\/es\/sala-de-prensa\/noticias\/3-843-huecos-han-sido-intervenidos-en-vias-de-medellin\/","title":{"rendered":"3.843 huecos han sido intervenidos en v\u00edas de Medell\u00edn"},"content":{"rendered":"<div class=\"wrap contenido\">\n<div class=\"noticia\">\n<div class=\"imagen\">\n<div class=\"divContImageNoticia input_plantilla input_background\" data-input=\"fotografia\" ruta=\"\/galerias\/Imagenes\/Galer\u00eda d\u00eda a d\u00eda 2021\/500_400\/20210418-Malla-Vial-1.jpg\" fotografo=\"Foto Alcald\u00eda de Medell\u00edn\" descripcion=\"3.843 huecos han sido intervenidos en v\u00edas de Medell\u00edn.\" style=\"background-image:url('\/irj\/go\/km\/docs\/galerias\/Imagenes\/Galer\u00eda d\u00eda a d\u00eda 2021\/500_400\/20210418-Malla-Vial-1.jpg')\"><\/div>\n<p class=\"pMetaDesc\">Foto: 3.843 huecos han sido intervenidos en v\u00edas de Medell\u00edn.<\/p>\n<p class=\"pMetaFotografo\">Fot\u00f3grafo: Foto Alcald\u00eda de Medell\u00edn<\/p>\n<\/div>\n<p class=\"fecha\"><span class=\"input_plantilla input_text\" data-input=\"fecha\">2021-04-18<\/span><\/p>\n<p itemprop=\"name\" class=\"input_plantilla input_text\" data-input=\"titulo\">3.843 huecos han sido intervenidos en v\u00edas de Medell\u00edn<\/p>\n<p class=\"input_plantilla input_text\" data-input=\"autor\">Por Byron Garc\u00eda Correa&nbsp;<\/p>\n<div class=\"cuerpo input_plantilla input_area\" data-input=\"contenido\">\n<p>.: La cifra, que supera la proyectada por la Secretar\u00eda de Infraestructura F\u00edsica, es producto del trabajo que se ha realizado durante lo que va de 2021.<\/p>\n<p>.: Gracias a las obras de recuperaci\u00f3n de la malla vial tambi\u00e9n han sido repavimentados 16 kil\u00f3metros por carril de v\u00edas.<\/p>\n<p><a href=\"\/irj\/go\/km\/docs\/galerias\/Audios\/Audios d\u00eda a d\u00eda 2021\/20210418-Malla-Vial-01.mp3\" class=\"aContEnlace audio\" download=\"\" data-mce-href=\"\/irj\/go\/km\/docs\/galerias\/Audios\/Audios d\u00eda a d\u00eda 2021\/20210418-Malla-Vial-01.mp3\"><span>Palabras de Natalia Urrego Arias, secretaria de Infraestructura F\u00edsica.<\/span><span><\/span><span>1465 Kb<\/span><\/a><\/p>\n<p><a href=\"\/irj\/go\/km\/docs\/galerias\/Audios\/Audios d\u00eda a d\u00eda 2021\/20210418-Malla-Vial-02.mp3\" class=\"aContEnlace audio\" download=\"\" data-mce-href=\"\/irj\/go\/km\/docs\/galerias\/Audios\/Audios d\u00eda a d\u00eda 2021\/20210418-Malla-Vial-02.mp3\"><span>Palabras de Francisco Montoya Montoya, habitante del sector.<\/span><span><\/span><span>757 Kb<\/span><\/a><\/p>\n<p>La Alcald\u00eda de Medell\u00edn contin\u00faa con las acciones de recuperaci\u00f3n de la malla vial de la ciudad mediante labores de conservaci\u00f3n y mantenimiento en las 16 comunas y cinco corregimientos. Gracias a la intervenci\u00f3n permanente de las 34 cuadrillas de trabajo ya han sido reparchados 3.843 huecos en lo corrido de 2021.<\/p>\n<p>\u201c<em>No nos hemos detenido ni un solo d\u00eda. Sabemos que tenemos un compromiso muy grande para mejorar las v\u00edas y con ello aportar a unas mejores condiciones de movilidad en la ciudad. Los resultados ya son notorios. Esper\u00e1bamos intervenir entre 2.500 y 3.000 huecos en estos primeros meses del a\u00f1o, pero ya estamos llegando a los 4.000<\/em>\u201d, explic\u00f3 la secretaria de Infraestructura F\u00edsica, Natalia Urrego Arias.<\/p>\n<p>Las acciones no solo se han ejecutado en avenidas o calles principales, tambi\u00e9n se han desarrollado en los barrios y gracias a ello se ha conseguido otro logro importante: repavimentar 16 kil\u00f3metros por carril de v\u00edas.<\/p>\n<p><a data-mce-href=\"\/irj\/go\/km\/docs\/galerias\/Imagenes\/Galer%C3%ADa%20d%C3%ADa%20a%20d%C3%ADa%202021\/20210418-Malla-Vial-2.jpg\" href=\"\/irj\/go\/km\/docs\/galerias\/Imagenes\/Galer%C3%ADa%20d%C3%ADa%20a%20d%C3%ADa%202021\/20210418-Malla-Vial-2.jpg\" title=\"3.843 huecos han sido intervenidos en v\u00edas de Medell\u00edn\" target=\"_blank\" rel=\"noopener\"><img src=\"\/irj\/go\/km\/docs\/galerias\/Imagenes\/Galer%C3%ADa%20d%C3%ADa%20a%20d%C3%ADa%202021\/1000_450\/20210418-Malla-Vial-2.jpg\" alt=\"3.843 huecos han sido intervenidos en v\u00edas de Medell\u00edn\" width=\"100%\"><\/a><br data-mce-bogus=\"1\"><\/p>\n<p>El Salvador, Robledo, Buenos Aires, Calasanz y San Jos\u00e9 La Cima, entre otros sectores, ya muestran avances importantes.<\/p>\n<p>\u201c<em>En San Jos\u00e9 La Cima est\u00e1bamos esperando el arreglo de una de nuestras v\u00edas principales desde hace m\u00e1s de dos a\u00f1os y no hab\u00edamos visto resultados. Ahora, la Alcald\u00eda tom\u00f3 cartas en el asunto y estamos content\u00edsimos porque vemos que los impuestos de nosotros se est\u00e1n moviendo por este lado<\/em>\u201d, explic\u00f3 Francisco Montoya Montoya, habitante del sector.<\/p>\n<p>La Alcald\u00eda de Medell\u00edn, para este cuatrienio, tiene proyectada una inversi\u00f3n de $394.000 millones para la conservaci\u00f3n y el mantenimiento de la malla vial. Cada d\u00eda, alrededor de 150 trabajadores salen a las calles con el fin de mejorar el estado de las v\u00edas.<\/p>\n<p><\/p>\n<p><\/p>\n<p>&nbsp;<\/p>\n<\/div>\n<div class=\"compartir\">Compartir en:<a title=\"\" href=\"http:\/\/www.facebook.com\/share.php?u=\" class=\"btCompartirFacebook btCompartir\" target=\"_blank\" rel=\"noopener\"><\/a><a title=\"\" href=\"http:\/\/twitter.com\/home?status=Haz%20clic%20para%20ver%20esta%20noticia%20en%20\" class=\"btCompartirTwitter btCompartir\"><\/a><a title=\"\" href=\"whatsapp:\/\/send?text=Haz%20clic%20para%20ver%20esta%20noticia%20en%20\" class=\"btCompartirWa btCompartir\"><\/a><\/div>\n<\/div>\n<p><script>try{comprobarImagen();fixBtnRedes();hitsMedellin();}catch(e){}<\/script><\/div>\n","protected":false},"excerpt":{"rendered":"<p>Foto: 3.843 huecos han sido intervenidos en v\u00edas de Medell\u00edn. Fot\u00f3grafo: Foto Alcald\u00eda de Medell\u00edn 2021-04-18 3.843 huecos han sido intervenidos en v\u00edas de Medell\u00edn Por Byron Garc\u00eda Correa&nbsp; .: La cifra, que supera la &#8230;<\/p>\n","protected":false},"author":1,"featured_media":60261,"comment_status":"open","ping_status":"open","sticky":false,"template":"","format":"standard","meta":[],"categories":[11,14],"tags":[440,434,447],"formato_nota":[],"programas_tax":[],"acf":[],"_links":{"self":[{"href":"https:\/\/www.medellin.gov.co\/es\/wp-json\/wp\/v2\/posts\/36035"}],"collection":[{"href":"https:\/\/www.medellin.gov.co\/es\/wp-json\/wp\/v2\/posts"}],"about":[{"href":"https:\/\/www.medellin.gov.co\/es\/wp-json\/wp\/v2\/types\/post"}],"author":[{"embeddable":true,"href":"https:\/\/www.medellin.gov.co\/es\/wp-json\/wp\/v2\/users\/1"}],"replies":[{"embeddable":true,"href":"https:\/\/www.medellin.gov.co\/es\/wp-json\/wp\/v2\/comments?post=36035"}],"version-history":[{"count":1,"href":"https:\/\/www.medellin.gov.co\/es\/wp-json\/wp\/v2\/posts\/36035\/revisions"}],"predecessor-version":[{"id":48631,"href":"https:\/\/www.medellin.gov.co\/es\/wp-json\/wp\/v2\/posts\/36035\/revisions\/48631"}],"wp:featuredmedia":[{"embeddable":true,"href":"https:\/\/www.medellin.gov.co\/es\/wp-json\/wp\/v2\/media\/60261"}],"wp:attachment":[{"href":"https:\/\/www.medellin.gov.co\/es\/wp-json\/wp\/v2\/media?parent=36035"}],"wp:term":[{"taxonomy":"category","embeddable":true,"href":"https:\/\/www.medellin.gov.co\/es\/wp-json\/wp\/v2\/categories?post=36035"},{"taxonomy":"post_tag","embeddable":true,"href":"https:\/\/www.medellin.gov.co\/es\/wp-json\/wp\/v2\/tags?post=36035"},{"taxonomy":"formato_nota","embeddable":true,"href":"https:\/\/www.medellin.gov.co\/es\/wp-json\/wp\/v2\/formato_nota?post=36035"},{"taxonomy":"programas_tax","embeddable":true,"href":"https:\/\/www.medellin.gov.co\/es\/wp-json\/wp\/v2\/programas_tax?post=36035"}],"curies":[{"name":"wp","href":"https:\/\/api.w.org\/{rel}","templated":true}]}}