{"id":36038,"date":"2021-04-18T00:00:00","date_gmt":"2021-04-18T05:00:00","guid":{"rendered":"https:\/\/www.medellin.gov.co\/es\/saladeprensa\/noticias\/medellin-hace-parte-de-la-red-de-mentoras-stem-creada-por-el-gobierno-nacional\/"},"modified":"2022-03-27T23:18:36","modified_gmt":"2022-03-28T04:18:36","slug":"medellin-hace-parte-de-la-red-de-mentoras-stem-creada-por-el-gobierno-nacional","status":"publish","type":"post","link":"https:\/\/www.medellin.gov.co\/es\/sala-de-prensa\/noticias\/medellin-hace-parte-de-la-red-de-mentoras-stem-creada-por-el-gobierno-nacional\/","title":{"rendered":"Medell\u00edn hace parte de la Red de Mentoras STEM creada por el Gobierno Nacional"},"content":{"rendered":"<div class=\"wrap contenido\">\n<div class=\"noticia\">\n<div class=\"imagen\">\n<div class=\"divContImageNoticia input_plantilla input_background\" data-input=\"fotografia\" ruta=\"\/galerias\/Imagenes\/Galer\u00eda d\u00eda a d\u00eda 2021\/500_400\/20210419-Red-Mentoras-2.jpg\" fotografo=\"Foto Alcald\u00eda de Medell\u00edn\" descripcion=\"Medell\u00edn hace parte de la Red de Mentoras STEM creada por el Gobierno Nacional.\" style=\"background-image:url('\/irj\/go\/km\/docs\/galerias\/Imagenes\/Galer\u00eda d\u00eda a d\u00eda 2021\/500_400\/20210419-Red-Mentoras-2.jpg')\"><\/div>\n<p class=\"pMetaDesc\">Foto: Medell\u00edn hace parte de la Red de Mentoras STEM creada por el Gobierno Nacional.<\/p>\n<p class=\"pMetaFotografo\">Fot\u00f3grafo: Foto Alcald\u00eda de Medell\u00edn<\/p>\n<\/div>\n<p class=\"fecha\"><span class=\"input_plantilla input_text\" data-input=\"fecha\">2021-04-19<\/span><\/p>\n<p itemprop=\"name\" class=\"input_plantilla input_text\" data-input=\"titulo\">Medell\u00edn hace parte de la Red de Mentoras STEM creada por el Gobierno Nacional<\/p>\n<p class=\"input_plantilla input_text\" data-input=\"autor\">Por Eduar Rend\u00f3n<\/p>\n<div class=\"cuerpo input_plantilla input_area\" data-input=\"contenido\">\n<p>.: La red es liderada por la Vicepresidencia de la Rep\u00fablica y la Consejer\u00eda Presidencial de la Equidad de la Mujer.<\/p>\n<p>.: La Secretaria de Educaci\u00f3n de Medell\u00edn fue seleccionada como mentora de esta red, que busca promover e incentivar espacios de ciencia, tecnolog\u00eda e innovaci\u00f3n para las ni\u00f1as, las j\u00f3venes y todas las mujeres del pa\u00eds.<\/p>\n<p><a href=\"\/irj\/go\/km\/docs\/galerias\/Audios\/Audios d\u00eda a d\u00eda 2021\/20210419-Red-Mentoras-01.mp3\" class=\"aContEnlace audio\" download=\"\" data-mce-href=\"\/irj\/go\/km\/docs\/galerias\/Audios\/Audios d\u00eda a d\u00eda 2021\/20210419-Red-Mentoras-01.mp3\"><span>Palabras de Alexandra Agudelo Ruiz, secretaria de Educaci\u00f3n.<\/span><span><\/span><span>881 Kb<\/span><\/a><\/p>\n<p><a href=\"\/irj\/go\/km\/docs\/galerias\/Audios\/Audios d\u00eda a d\u00eda 2021\/20210419-Red-Mentoras-02.mp3\" class=\"aContEnlace audio\" download=\"\" data-mce-href=\"\/irj\/go\/km\/docs\/galerias\/Audios\/Audios d\u00eda a d\u00eda 2021\/20210419-Red-Mentoras-02.mp3\"><span>Palabras de Isabela Vanegas Agudelo, estudiante de la I.E. Lorenza Villegas de Santos.&nbsp;<\/span><span><\/span><span>684 Kb<\/span><\/a><\/p>\n<p>Medell\u00edn ingres\u00f3 a la Red de Mentoras STEM, programa lanzado este mes y que es liderado por la Vicepresidencia de la Rep\u00fablica y la Consejer\u00eda Presidencial de la Equidad de la Mujer, con el apoyo del Ministerio de Ciencia, Tecnolog\u00eda e Innovaci\u00f3n.<\/p>\n<p>El objetivo de esta estrategia es que cada uno de los 32 departamentos de Colombia tenga una madrina para promover e incentivar espacios de ciencia, tecnolog\u00eda e innovaci\u00f3n para las ni\u00f1as, las j\u00f3venes y todas las mujeres del pa\u00eds.<\/p>\n<p>La secretaria de Educaci\u00f3n, Alexandra Agudelo Ruiz, fue elegida como una de las mentoras de la red.<\/p>\n<p>\u201c<em>Para m\u00ed es un honor pertenecer a la Red de Mentoras STEM en cuyo lanzamiento estuvimos presentes con grandes empresarias de la Fundaci\u00f3n Siemens que est\u00e1 apoyando decididamente esta estrategia, tambi\u00e9n con Movistar y otras organizaciones privadas del pa\u00eds. Estaremos trabajando para nuestra ciudad como mentora STEM para todas nuestras ni\u00f1as y j\u00f3venes<\/em>\u201d, dijo.<\/p>\n<p>La red busca que las ni\u00f1as y j\u00f3venes accedan a talleres, cursos, herramientas o recomendaciones para promover su participaci\u00f3n en carreras de Ciencia, Tecnolog\u00eda, Ingenier\u00eda y Matem\u00e1ticas (STEM, por sus siglas en ingl\u00e9s).<\/p>\n<p>Igualmente, tiene como enfoque el acompa\u00f1amiento y fortalecimiento de proyectos productivos que fortalezcan las capacidades de las mujeres en el cuidado del medio ambiente, la sostenibilidad y las nuevas tecnolog\u00edas.<\/p>\n<p>Seg\u00fan un informe del Gobierno Nacional, en Colombia solo el 2 % de las mujeres estudian ciencias, matem\u00e1ticas y estad\u00edsticas, y un 13 % ingenier\u00edas. Una encuesta realizada por MinCiencias revel\u00f3 que el 52 % de las mujeres participantes no hacen este tipo de carreras porque piensan que son para los hombres.<\/p>\n<p>Isabela Vanegas Agudelo, estudiante de la I.E. Lorenza Villegas de Santos, fue la maestra de ceremonia durante el lanzamiento de la Red de Mentoras STEM y para ella su experiencia \u201c<em>ha sido muy buena porque aparte de ser \u00e1reas integradas en las que aprendemos diariamente, es una oportunidad para que los j\u00f3venes estudien. Me parece que todo colegio deber\u00eda tener STEM, ya que es un \u00e1rea donde podemos dejar volar nuestra imaginaci\u00f3n<\/em>\u201d.<\/p>\n<p>A trav\u00e9s de la Red de Mentoras STEM se podr\u00e1n establecer relaciones con los gobiernos locales, organizaciones de mujeres y proyectos de inter\u00e9s para cambiar la vida de las participantes y que ellas se conviertan en ejes vitales para la estructuraci\u00f3n de sus comunidades, el fortalecimiento del tejido social y centrar sus roles transformadores.<\/p>\n<\/div>\n<div class=\"compartir\">Compartir en:<a title=\"\" href=\"http:\/\/www.facebook.com\/share.php?u=\" class=\"btCompartirFacebook btCompartir\" target=\"_blank\" rel=\"noopener\"><\/a><a title=\"\" href=\"http:\/\/twitter.com\/home?status=Haz%20clic%20para%20ver%20esta%20noticia%20en%20\" class=\"btCompartirTwitter btCompartir\"><\/a><a title=\"\" href=\"whatsapp:\/\/send?text=Haz%20clic%20para%20ver%20esta%20noticia%20en%20\" class=\"btCompartirWa btCompartir\"><\/a><\/div>\n<\/div>\n<p><script>try{comprobarImagen();fixBtnRedes();hitsMedellin();}catch(e){}<\/script><\/div>\n","protected":false},"excerpt":{"rendered":"<p>Foto: Medell\u00edn hace parte de la Red de Mentoras STEM creada por el Gobierno Nacional. Fot\u00f3grafo: Foto Alcald\u00eda de Medell\u00edn 2021-04-19 Medell\u00edn hace parte de la Red de Mentoras STEM creada por el Gobierno Nacional &#8230;<\/p>\n","protected":false},"author":1,"featured_media":60264,"comment_status":"open","ping_status":"open","sticky":false,"template":"","format":"standard","meta":[],"categories":[4],"tags":[431,453],"formato_nota":[],"programas_tax":[],"acf":[],"_links":{"self":[{"href":"https:\/\/www.medellin.gov.co\/es\/wp-json\/wp\/v2\/posts\/36038"}],"collection":[{"href":"https:\/\/www.medellin.gov.co\/es\/wp-json\/wp\/v2\/posts"}],"about":[{"href":"https:\/\/www.medellin.gov.co\/es\/wp-json\/wp\/v2\/types\/post"}],"author":[{"embeddable":true,"href":"https:\/\/www.medellin.gov.co\/es\/wp-json\/wp\/v2\/users\/1"}],"replies":[{"embeddable":true,"href":"https:\/\/www.medellin.gov.co\/es\/wp-json\/wp\/v2\/comments?post=36038"}],"version-history":[{"count":1,"href":"https:\/\/www.medellin.gov.co\/es\/wp-json\/wp\/v2\/posts\/36038\/revisions"}],"predecessor-version":[{"id":48637,"href":"https:\/\/www.medellin.gov.co\/es\/wp-json\/wp\/v2\/posts\/36038\/revisions\/48637"}],"wp:featuredmedia":[{"embeddable":true,"href":"https:\/\/www.medellin.gov.co\/es\/wp-json\/wp\/v2\/media\/60264"}],"wp:attachment":[{"href":"https:\/\/www.medellin.gov.co\/es\/wp-json\/wp\/v2\/media?parent=36038"}],"wp:term":[{"taxonomy":"category","embeddable":true,"href":"https:\/\/www.medellin.gov.co\/es\/wp-json\/wp\/v2\/categories?post=36038"},{"taxonomy":"post_tag","embeddable":true,"href":"https:\/\/www.medellin.gov.co\/es\/wp-json\/wp\/v2\/tags?post=36038"},{"taxonomy":"formato_nota","embeddable":true,"href":"https:\/\/www.medellin.gov.co\/es\/wp-json\/wp\/v2\/formato_nota?post=36038"},{"taxonomy":"programas_tax","embeddable":true,"href":"https:\/\/www.medellin.gov.co\/es\/wp-json\/wp\/v2\/programas_tax?post=36038"}],"curies":[{"name":"wp","href":"https:\/\/api.w.org\/{rel}","templated":true}]}}