{"id":36039,"date":"2021-04-19T00:00:00","date_gmt":"2021-04-19T05:00:00","guid":{"rendered":"https:\/\/www.medellin.gov.co\/es\/saladeprensa\/noticias\/altavoz-en-vivo-o-virtual-es-una-gran-oportunidad-para-las-bandas-emergentes-de-la-ciudad\/"},"modified":"2022-03-27T23:18:37","modified_gmt":"2022-03-28T04:18:37","slug":"altavoz-en-vivo-o-virtual-es-una-gran-oportunidad-para-las-bandas-emergentes-de-la-ciudad","status":"publish","type":"post","link":"https:\/\/www.medellin.gov.co\/es\/sala-de-prensa\/noticias\/altavoz-en-vivo-o-virtual-es-una-gran-oportunidad-para-las-bandas-emergentes-de-la-ciudad\/","title":{"rendered":"\u201cAltavoz, en vivo o virtual, es una gran oportunidad para las bandas emergentes de la ciudad\u201d"},"content":{"rendered":"<div class=\"wrap contenido\">\n<div class=\"noticia\">\n<div class=\"imagen\">\n<div class=\"divContImageNoticia input_plantilla input_background\" data-input=\"fotografia\" ruta=\"\/galerias\/Imagenes\/Eventos y encuentros ciudadanos\/500_400\/20210419-Altavoz (2).jpg\" fotografo=\"Foto Alcald\u00eda de Medell\u00edn\" descripcion=\"Altavoz.\" style=\"background-image:url('\/irj\/go\/km\/docs\/galerias\/Imagenes\/Eventos y encuentros ciudadanos\/500_400\/20210419-Altavoz (2).jpg')\"><\/div>\n<p class=\"pMetaDesc\">Foto: Altavoz.<\/p>\n<p class=\"pMetaFotografo\">Fot\u00f3grafo: Foto Alcald\u00eda de Medell\u00edn<\/p>\n<\/div>\n<p class=\"fecha\"><span class=\"input_plantilla input_text\" data-input=\"fecha\">2021-04-19<\/span><\/p>\n<p itemprop=\"name\" class=\"input_plantilla input_text\" data-input=\"titulo\">\u201cAltavoz, en vivo o virtual, es una gran oportunidad para las bandas emergentes de la ciudad\u201d<\/p>\n<p class=\"input_plantilla input_text\" data-input=\"autor\">Por: Alonso Vel\u00e1squez Jaramillo<\/p>\n<div class=\"cuerpo input_plantilla input_area\" data-input=\"contenido\">\n<p><em>Este festival se ha ido posicionando a\u00f1o tras a\u00f1o como un escenario ideal para dar a conocer las propuestas musicales de diferentes grupos de la ciudad y a pesar de la pandemia, sigue proyectando sonidos a nivel local y nacional.<\/em><\/p>\n<p>La banda empez\u00f3 como un dueto. Luego fueron tres y ahora son cuatro integrantes.&nbsp; Primero eran ella y Leonardo Sierra, vocalista y guitarrista; despu\u00e9s se les sum\u00f3 Camilo Ar\u00e9valo como teclista y al final, para el concierto de Altavoz Colombia quer\u00edan interpretar una canci\u00f3n nueva, que por sus caracter\u00edsticas necesitaba tener un baterista y ah\u00ed se les uni\u00f3 Diego V\u00e1squez.&nbsp;<\/p>\n<p>De esta forma, en el 2019, qued\u00f3 conformado el grupo Ferales, que sigue todav\u00eda su trasegar art\u00edstico en el mundo del rock paisa y nacional, el cual particip\u00f3 con \u00e9xito en los conciertos de Ciudad Altavoz 2020 en Medell\u00edn.<\/p>\n<p><img src=\"\/irj\/go\/km\/docs\/galerias\/Imagenes\/Eventos%20y%20encuentros%20ciudadanos\/1000_450\/20210419-Altavoz%20(1).jpg\" alt=\"Altavoz\" width=\"100%\"><br data-mce-bogus=\"1\"><\/p>\n<p>La historia la cuenta Eliana Piedrahita Restrepo, que contra cualquier estereotipo hace parte de esta agrupaci\u00f3n que lentamente va posicionando su nombre en un estilo de m\u00fasica que es poco comercial en nuestro medio para artistas nacionales. \u201c<em>Hay muchas mujeres en el rock <\/em>-anota-.<em>&nbsp; Hemos sido discriminadas desde hace mucho tiempo porque no tenemos igual oportunidad que las bandas masculinas, pero el rock no es de g\u00e9neros; nosotras tenemos la fuerza, el esp\u00edritu de libertad y podemos expresarnos sin ser violentas y sin ser referentes de lo masculino. Ha cambiado mucho el rol de la mujer en la industria porque ya tenemos presencia en todos los g\u00e9neros: hay directoras de orquesta, cantantes de reguet\u00f3n, primeras en el viol\u00edn o en otro instrumento de una agrupaci\u00f3n. Hay muchas cantando en diversos g\u00e9neros y bandas talentosas de mujeres. Todav\u00eda quedan algunas ideas en la mente que es dif\u00edcil cambiarlas, pero esperamos que esto se vaya transformando y que tanto unos y otros tengan su espacio\u201d, <\/em>as\u00ed, contundente y en un tono pausado, define su presencia en esta banda y en el campo musical.<\/p>\n<p><img src=\"\/irj\/go\/km\/docs\/galerias\/Imagenes\/Eventos%20y%20encuentros%20ciudadanos\/1000_450\/20210419-Altavoz%20(3).jpg\" alt=\"Altavoz\" width=\"100%\" data-mce-src=\"\/irj\/go\/km\/docs\/galerias\/Imagenes\/Eventos%20y%20encuentros%20ciudadanos\/1000_450\/20210419-Altavoz%20(3).jpg\"><\/p>\n<p>Porque talento y conocimiento tiene de sobra.&nbsp; Con sus 33 a\u00f1os ostenta el t\u00edtulo de egresada en canto l\u00edrico con estudios realizados en la Universidad de Antioquia, a lo que se agrega una maestr\u00eda en Salzburgo, Austria, pa\u00eds de grandes m\u00fasicos. Lo que s\u00ed genera curiosidad es c\u00f3mo una cantante l\u00edrica termina interpretando rock y la respuesta le fluye en medio de una sonrisa: \u201c<em>Desde que empec\u00e9 a estudiar, lo que menos me gustaba era la \u00f3pera, pero me enamor\u00e9 de ella mientras hac\u00eda mi carrera y siento que no me puedo cazar con un solo g\u00e9nero y por eso he cantado pop, m\u00fasica colombiana, otros ritmos y ahora rock; pero la m\u00fasica mientras salga del coraz\u00f3n, no importa el g\u00e9nero que se cante<\/em>\u201d.<\/p>\n<p><strong>El proceso creativo en la virtualidad<\/strong><\/p>\n<p><strong><img src=\"\/irj\/go\/km\/docs\/galerias\/Imagenes\/Eventos%20y%20encuentros%20ciudadanos\/1000_450\/20210419-Altavoz%20(4).jpg\" alt=\"Altavoz\" width=\"100%\" data-mce-src=\"\/irj\/go\/km\/docs\/galerias\/Imagenes\/Eventos%20y%20encuentros%20ciudadanos\/1000_450\/20210419-Altavoz%20(4).jpg\"><\/strong><\/p>\n<p>Ganar en categor\u00eda rock en el concierto de Altavoz les otorg\u00f3 a los Ferales el derecho de participar en Altavoz Colombia, pero ya la pandemia del coronavirus estaba presente y ninguno de estos recitales pudo ser presencial. Una sensaci\u00f3n extra\u00f1a que no los detuvo para seguir adelante. \u201c<em>Es muy diferente no tocar para un p\u00fablico &#8211;<\/em>relata Eliana-<em> y fue algo que hizo mucha falta, pero todos est\u00e1bamos en eso y aun as\u00ed fue una gran fortuna haber podido hacer esos dos conciertos que ayudaron a que la banda se conociera. Uno fue en el Parque Norte y el otro en el Teatro Pablo Tob\u00f3n Uribe, ambos sin gente, pero, de todas formas, Altavoz creo que es una gran oportunidad para las bandas emergentes de la ciudad en vivo o ahora ya virtual, porque te das a conocer y muchos te escuchan por primera<\/em> vez<em>\u201d.<\/em><\/p>\n<p>Sin embargo, Ferales no detiene su sed de hacer m\u00fasica y a pesar de las dificultades siguen adelante planeando desde la virtualidad proyectos para continuar cantando ese ritmo fren\u00e9tico que en el pasado inspir\u00f3 a artistas como Janis Joplin, Led Zeppelin, Queen, Jimmy Hendrix y otros m\u00e1s en el campo internacional o Carbure, Kraken o La Pestilencia y otros en nuestro medio.<\/p>\n<p>\u201c<em>La forma de hacer las cosas por la pandemia cambi\u00f3. Todo lo que hab\u00edamos hecho toc\u00f3 hacerlo virtual y cuando uno ve que el escenario es grande y vac\u00edo se alcanza a sentir triste, pero fue muy bonito ver la transmisi\u00f3n de los dos conciertos que dimos en Altavoz, recibir los mensajes de la gente, ver que hubo una conexi\u00f3n con el p\u00fablico y recibir los comentarios tan bonitos que nos hicieron\u201d, <\/em>manifiesta Eliana.<\/p>\n<p>Por eso, para ella el reto creativo parte de poder reunirse y por esa raz\u00f3n, en medio de la pandemia se las ingeniaron, porque cuando ensayaban para Altavoz los cogi\u00f3 la cuarentena y no pod\u00edan salir, entonces -como soluci\u00f3n- optaron por irse a vivir todos juntos a una casa y as\u00ed pudieron armonizar sus ideas.<\/p>\n<p><strong>Sus metas<\/strong><\/p>\n<p><strong><img src=\"\/irj\/go\/km\/docs\/galerias\/Imagenes\/Eventos%20y%20encuentros%20ciudadanos\/1000_450\/20210419-Altavoz%20(5).jpg\" alt=\"Altavoz\" width=\"100%\" data-mce-src=\"\/irj\/go\/km\/docs\/galerias\/Imagenes\/Eventos%20y%20encuentros%20ciudadanos\/1000_450\/20210419-Altavoz%20(5).jpg\"><\/strong><\/p>\n<p>Su meta principal es lograr un posicionamiento a nivel nacional para que el p\u00fablico los conozca y guste de su m\u00fasica ya que no es f\u00e1cil estar muy activos. Son sue\u00f1os por los cuales trabajan sin cesar en busca de hacerlos realidad.<\/p>\n<p>Ferales quiere seguir adelante, inyectarle nuevas sensaciones a este ritmo y continuar con su proceso creativo. Es as\u00ed como preparan el estreno de una nueva canci\u00f3n, programado para fines de este mes de abril y la producci\u00f3n de su primer \u00e1lbum de larga duraci\u00f3n para el pr\u00f3ximo a\u00f1o, para que el rock local y nacional, siga pisando fuerte en la escena musical.<\/p>\n<p>Este a\u00f1o, como parte de la segunda convocatoria de fomento y arte para la cultura que realiza la Alcald\u00eda de Medell\u00edn, con miras a apoyar la reactivaci\u00f3n econ\u00f3mica del sector cultural de la ciudad, se benefician 70 proyectos musicales, de los cuales ser\u00e1n seleccionados 28, que har\u00e1n parte del cartel oficial de Altavoz Fest 2021.<\/p>\n<\/div>\n<div class=\"compartir\">Compartir en:<a title=\"\" href=\"http:\/\/www.facebook.com\/share.php?u=\" class=\"btCompartirFacebook btCompartir\" target=\"_blank\" rel=\"noopener\"><\/a><a title=\"\" href=\"http:\/\/twitter.com\/home?status=Haz%20clic%20para%20ver%20esta%20noticia%20en%20\" class=\"btCompartirTwitter btCompartir\"><\/a><a title=\"\" href=\"whatsapp:\/\/send?text=Haz%20clic%20para%20ver%20esta%20noticia%20en%20\" class=\"btCompartirWa btCompartir\"><\/a><\/div>\n<\/div>\n<p><script>try{comprobarImagen();fixBtnRedes();hitsMedellin();}catch(e){}<\/script><\/div>\n","protected":false},"excerpt":{"rendered":"<p>Foto: Altavoz. Fot\u00f3grafo: Foto Alcald\u00eda de Medell\u00edn 2021-04-19 \u201cAltavoz, en vivo o virtual, es una gran oportunidad para las bandas emergentes de la ciudad\u201d Por: Alonso Vel\u00e1squez Jaramillo Este festival se ha ido posicionando a\u00f1o &#8230;<\/p>\n","protected":false},"author":1,"featured_media":60265,"comment_status":"open","ping_status":"open","sticky":false,"template":"","format":"standard","meta":[],"categories":[31,12],"tags":[428],"formato_nota":[],"programas_tax":[],"acf":[],"_links":{"self":[{"href":"https:\/\/www.medellin.gov.co\/es\/wp-json\/wp\/v2\/posts\/36039"}],"collection":[{"href":"https:\/\/www.medellin.gov.co\/es\/wp-json\/wp\/v2\/posts"}],"about":[{"href":"https:\/\/www.medellin.gov.co\/es\/wp-json\/wp\/v2\/types\/post"}],"author":[{"embeddable":true,"href":"https:\/\/www.medellin.gov.co\/es\/wp-json\/wp\/v2\/users\/1"}],"replies":[{"embeddable":true,"href":"https:\/\/www.medellin.gov.co\/es\/wp-json\/wp\/v2\/comments?post=36039"}],"version-history":[{"count":1,"href":"https:\/\/www.medellin.gov.co\/es\/wp-json\/wp\/v2\/posts\/36039\/revisions"}],"predecessor-version":[{"id":48639,"href":"https:\/\/www.medellin.gov.co\/es\/wp-json\/wp\/v2\/posts\/36039\/revisions\/48639"}],"wp:featuredmedia":[{"embeddable":true,"href":"https:\/\/www.medellin.gov.co\/es\/wp-json\/wp\/v2\/media\/60265"}],"wp:attachment":[{"href":"https:\/\/www.medellin.gov.co\/es\/wp-json\/wp\/v2\/media?parent=36039"}],"wp:term":[{"taxonomy":"category","embeddable":true,"href":"https:\/\/www.medellin.gov.co\/es\/wp-json\/wp\/v2\/categories?post=36039"},{"taxonomy":"post_tag","embeddable":true,"href":"https:\/\/www.medellin.gov.co\/es\/wp-json\/wp\/v2\/tags?post=36039"},{"taxonomy":"formato_nota","embeddable":true,"href":"https:\/\/www.medellin.gov.co\/es\/wp-json\/wp\/v2\/formato_nota?post=36039"},{"taxonomy":"programas_tax","embeddable":true,"href":"https:\/\/www.medellin.gov.co\/es\/wp-json\/wp\/v2\/programas_tax?post=36039"}],"curies":[{"name":"wp","href":"https:\/\/api.w.org\/{rel}","templated":true}]}}