{"id":36046,"date":"2021-04-20T00:00:00","date_gmt":"2021-04-20T05:00:00","guid":{"rendered":"https:\/\/www.medellin.gov.co\/es\/saladeprensa\/noticias\/minimo-vital-de-agua-cumple-12-anos-llevando-salud-economia-y-bienestar-a-familias-de-medellin\/"},"modified":"2022-03-27T23:18:45","modified_gmt":"2022-03-28T04:18:45","slug":"minimo-vital-de-agua-cumple-12-anos-llevando-salud-economia-y-bienestar-a-familias-de-medellin","status":"publish","type":"post","link":"https:\/\/www.medellin.gov.co\/es\/sala-de-prensa\/noticias\/minimo-vital-de-agua-cumple-12-anos-llevando-salud-economia-y-bienestar-a-familias-de-medellin\/","title":{"rendered":"M\u00ednimo Vital de Agua cumple 12 a\u00f1os llevando salud, econom\u00eda y bienestar a familias de Medell\u00edn"},"content":{"rendered":"<div class=\"wrap contenido\">\n<div class=\"noticia\">\n<div class=\"imagen\">\n<div class=\"divContImageNoticia input_plantilla input_background\" data-input=\"fotografia\" ruta=\"\/galerias\/Imagenes\/Galer\u00eda d\u00eda a d\u00eda 2021\/500_400\/20210420-Minimo vital 2.jpg\" fotografo=\"Fotos: Carlos Vidal\" descripcion=\"M\u00ednimo Vital de Agua.\" style=\"background-image:url('\/irj\/go\/km\/docs\/galerias\/Imagenes\/Galer\u00eda d\u00eda a d\u00eda 2021\/500_400\/20210420-Minimo vital 2.jpg')\"><\/div>\n<p class=\"pMetaDesc\">Foto: M\u00ednimo Vital de Agua.<\/p>\n<p class=\"pMetaFotografo\">Fot\u00f3grafo: Fotos: Carlos Vidal<\/p>\n<\/div>\n<p class=\"fecha\"><span class=\"input_plantilla input_text\" data-input=\"fecha\">2021-04-20<\/span><\/p>\n<p itemprop=\"name\" class=\"input_plantilla input_text\" data-input=\"titulo\">M\u00ednimo Vital de Agua cumple 12 a\u00f1os llevando salud, econom\u00eda y bienestar a familias de Medell\u00edn<\/p>\n<p class=\"input_plantilla input_text\" data-input=\"autor\">Por: Alonso Vel\u00e1squez Jaramillo<\/p>\n<div class=\"cuerpo input_plantilla input_area\" data-input=\"contenido\">\n<p><em>Miles de familias se han beneficiado del programa M\u00ednimo Vital de Agua que ofrece la Administraci\u00f3n Municipal, favoreciendo a hogares vulnerables de la ciudad. Aqu\u00ed dos breves testimonios, que ratifican la importancia de este l\u00edquido vital y el consumo moderado del mismo, para un mejor desarrollo humano.<\/em><\/p>\n<p>De su pueblo Betulia -al suroeste del departamento- se vino hace 9 a\u00f1os para Medell\u00edn en busca de nuevas oportunidades, Yudy Faneidy Correa Ceballos.&nbsp; Aterriz\u00f3 primero en una casa ubicada en las calles empinadas del barrio Pablo VI-La Francia, en la comuna 2 y, estando all\u00ed, se enter\u00f3 del programa M\u00ednimo Vital de Agua que ofrec\u00eda la Administraci\u00f3n Municipal y sin pensarlo dos veces, acudi\u00f3 a las oficinas de La Alpujarra con los documentos que le exig\u00edan y como a los dos meses sali\u00f3 favorecida con este beneficio.<\/p>\n<p>Un tiempo despu\u00e9s se traslad\u00f3 al barrio Bello Horizonte, para pasar de all\u00ed a San Germ\u00e1n y terminar anidando en Girardot y, estando en cada uno de estos vecindarios, ha llevado los documentos a la Alcald\u00eda para seguir gozando de este apoyo y lo ha conseguido.<\/p>\n<p><strong><img src=\"\/irj\/go\/km\/docs\/galerias\/Imagenes\/Gesti%C3%B3n%20y%20Control%20Territorial\/1000_450\/20210420-Minimo vital 4.jpg\" alt=\"M\u00ednimo Vital de Agua - Foto Carlos Vidal\" width=\"100%\" data-mce-src=\"\/irj\/go\/km\/docs\/galerias\/Imagenes\/Gesti%C3%B3n%20y%20Control%20Territorial\/1000_450\/20210420-Minimo vital 4.jpg\"><\/strong><\/p>\n<p>\u201c<em>Es que es mucha la ayuda que nos brinda la Alcald\u00eda de Medell\u00edn porque es un ahorro muy grande para la econom\u00eda familiar. Siempre he sido economizadora en el consumo, al punto de que el agua de la lavadora la reciclo para hacer otras labores de aseo en la casa\u201d<\/em>, manifiesta.<\/p>\n<p>Sabe el provecho que logra, porque adem\u00e1s esto le representa seg\u00fan ella m\u00e1s o menos un 50% por ciento de ahorro en la cuenta de los servicios, lo cual es muy significativo, afirma esta mujer de tan solo 35 a\u00f1os, trabajadora del sector de las confecciones. \u201c<em>El agua es muy vital, es muy importante y por eso soy moderada en su consumo\u201d<\/em>, sentencia.<\/p>\n<p>Una historia, algo similar, le ocurri\u00f3 a Rosa Mar\u00eda Bland\u00f3n Moncada, quien del barrio Santo Domingo lleg\u00f3 hace tres a\u00f1os a vivir en Villas del Socorro en San Javier, en la comuna 13, donde la pasa feliz con su hija y su nieto. All\u00ed, hace apenas dos meses, luego de asistir a una reuni\u00f3n que se program\u00f3 con los vecinos, le notificaron que era favorecida del programa M\u00ednimo Vital de Agua de la Alcald\u00eda de Medell\u00edn.<\/p>\n<p>\u201c<em>Antes<\/em>, c<em>uando yo viv\u00eda por all\u00e1 por Santo Domingo e incluso aqu\u00ed, derrochaba mucha agua porque viv\u00eda lavando todo y porque le echaba mucha al jard\u00edn y entonces ven\u00edan m\u00e1s caros los servicios. Yo lo hac\u00eda porque las maticas tambi\u00e9n necesitan del l\u00edquido para vivir, pero ahora ya no hago esas gracias. Ya economizo, porque el agua es vital<\/em>\u201d, as\u00ed se refiere do\u00f1a Rosa al cambio que dio en el uso de este servicio b\u00e1sico, al ser consciente de que no se puede botar.<\/p>\n<p>\u201c<em>Este es un beneficio muy grande para m\u00ed y para la gente, me siento muy contenta y muy bendecida de ser apoyada con esto. Yo la uso para el aseo y las cosas normales de la casa, pero hoy soy m\u00e1s controlada en el gasto, porque hay que economizar<\/em>\u201d, reitera.<\/p>\n<p>Esta ama de casa no se extiende en declaraciones, pero s\u00ed repite varias veces el gran aporte a su econom\u00eda que le ha dado el M\u00ednimo Vital de Agua, que le permite hoy, a sus 60 a\u00f1os, estar tranquila en su casa, en compa\u00f1\u00eda de su hija y de su nieta, agradecida con este servicio que le brinda la Alcald\u00eda de Medell\u00edn y muy consciente del cuidado que hay que tener con ella.&nbsp; <em>\u201cHay que economizarla\u201d,<\/em> concluye.<\/p>\n<p><strong>Beneficio asegurado hasta el 2023<\/strong><\/p>\n<p><strong><img src=\"\/irj\/go\/km\/docs\/galerias\/Imagenes\/Gesti%C3%B3n%20y%20Control%20Territorial\/1000_450\/20210420-MinimoVital.jpg\" alt=\"M\u00ednimo Vital de Agua - Foto Carlos Vidal\" width=\"100%\" data-mce-src=\"\/irj\/go\/km\/docs\/galerias\/Imagenes\/Gesti%C3%B3n%20y%20Control%20Territorial\/1000_450\/20210420-MinimoVital.jpg\"><\/strong><\/p>\n<p>Yudy y Rosa hacen parte de los 268.964 beneficiarios del programa M\u00ednimo Vital de Agua Potable que tienen asegurados este apoyo hasta el a\u00f1o 2023, gracias a un convenio entre la Administraci\u00f3n Municipal y las Empresas P\u00fablicas de Medell\u00edn.<\/p>\n<p>Las personas que reciben este beneficio son quienes tienen un puntaje del Sisb\u00e9n de hasta 47.99 en la versi\u00f3n tres, cuya encuesta se haya realizado en Medell\u00edn y\/o sean v\u00edctimas de desplazamiento forzado.&nbsp; La inversi\u00f3n anual es del orden de los $25.000 millones.&nbsp;<\/p>\n<p>Este programa cumple 12 a\u00f1os de hacer sido implementado en la ciudad, llevando bienestar, salud, progreso y esperanza a familias vulnerables de nuestra capital.<\/p>\n<\/div>\n<div class=\"compartir\">Compartir en:<a title=\"\" href=\"http:\/\/www.facebook.com\/share.php?u=\" class=\"btCompartirFacebook btCompartir\" target=\"_blank\" rel=\"noopener\"><\/a><a title=\"\" href=\"http:\/\/twitter.com\/home?status=Haz%20clic%20para%20ver%20esta%20noticia%20en%20\" class=\"btCompartirTwitter btCompartir\"><\/a><a title=\"\" href=\"whatsapp:\/\/send?text=Haz%20clic%20para%20ver%20esta%20noticia%20en%20\" class=\"btCompartirWa btCompartir\"><\/a><\/div>\n<\/div>\n<p><script>try{comprobarImagen();fixBtnRedes();hitsMedellin();}catch(e){}<\/script><\/div>\n","protected":false},"excerpt":{"rendered":"<p>Foto: M\u00ednimo Vital de Agua. Fot\u00f3grafo: Fotos: Carlos Vidal 2021-04-20 M\u00ednimo Vital de Agua cumple 12 a\u00f1os llevando salud, econom\u00eda y bienestar a familias de Medell\u00edn Por: Alonso Vel\u00e1squez Jaramillo Miles de familias se han &#8230;<\/p>\n","protected":false},"author":1,"featured_media":60272,"comment_status":"open","ping_status":"open","sticky":false,"template":"","format":"standard","meta":[],"categories":[7],"tags":[451,434,443,452],"formato_nota":[],"programas_tax":[],"acf":[],"_links":{"self":[{"href":"https:\/\/www.medellin.gov.co\/es\/wp-json\/wp\/v2\/posts\/36046"}],"collection":[{"href":"https:\/\/www.medellin.gov.co\/es\/wp-json\/wp\/v2\/posts"}],"about":[{"href":"https:\/\/www.medellin.gov.co\/es\/wp-json\/wp\/v2\/types\/post"}],"author":[{"embeddable":true,"href":"https:\/\/www.medellin.gov.co\/es\/wp-json\/wp\/v2\/users\/1"}],"replies":[{"embeddable":true,"href":"https:\/\/www.medellin.gov.co\/es\/wp-json\/wp\/v2\/comments?post=36046"}],"version-history":[{"count":1,"href":"https:\/\/www.medellin.gov.co\/es\/wp-json\/wp\/v2\/posts\/36046\/revisions"}],"predecessor-version":[{"id":48653,"href":"https:\/\/www.medellin.gov.co\/es\/wp-json\/wp\/v2\/posts\/36046\/revisions\/48653"}],"wp:featuredmedia":[{"embeddable":true,"href":"https:\/\/www.medellin.gov.co\/es\/wp-json\/wp\/v2\/media\/60272"}],"wp:attachment":[{"href":"https:\/\/www.medellin.gov.co\/es\/wp-json\/wp\/v2\/media?parent=36046"}],"wp:term":[{"taxonomy":"category","embeddable":true,"href":"https:\/\/www.medellin.gov.co\/es\/wp-json\/wp\/v2\/categories?post=36046"},{"taxonomy":"post_tag","embeddable":true,"href":"https:\/\/www.medellin.gov.co\/es\/wp-json\/wp\/v2\/tags?post=36046"},{"taxonomy":"formato_nota","embeddable":true,"href":"https:\/\/www.medellin.gov.co\/es\/wp-json\/wp\/v2\/formato_nota?post=36046"},{"taxonomy":"programas_tax","embeddable":true,"href":"https:\/\/www.medellin.gov.co\/es\/wp-json\/wp\/v2\/programas_tax?post=36046"}],"curies":[{"name":"wp","href":"https:\/\/api.w.org\/{rel}","templated":true}]}}