{"id":36053,"date":"2021-04-20T00:00:00","date_gmt":"2021-04-20T05:00:00","guid":{"rendered":"https:\/\/www.medellin.gov.co\/es\/saladeprensa\/noticias\/la-alcaldia-de-medellin-presento-el-codigo-dorado-para-atender-urgencias-en-salud-mental\/"},"modified":"2022-03-27T23:18:53","modified_gmt":"2022-03-28T04:18:53","slug":"la-alcaldia-de-medellin-presento-el-codigo-dorado-para-atender-urgencias-en-salud-mental","status":"publish","type":"post","link":"https:\/\/www.medellin.gov.co\/es\/sala-de-prensa\/noticias\/la-alcaldia-de-medellin-presento-el-codigo-dorado-para-atender-urgencias-en-salud-mental\/","title":{"rendered":"La Alcald\u00eda de Medell\u00edn present\u00f3 el C\u00f3digo Dorado para atender urgencias en salud mental"},"content":{"rendered":"<div class=\"wrap contenido\">\n<div class=\"noticia\">\n<div class=\"imagen\">\n<div class=\"divContImageNoticia input_plantilla input_background\" data-input=\"fotografia\" ruta=\"\/galerias\/Imagenes\/Galer\u00eda d\u00eda a d\u00eda 2021\/500_400\/20210421-Codigo-Dorado-1.jpg\" fotografo=\"Foto Alcald\u00eda de Medell\u00edn\" descripcion=\"La Alcald\u00eda de Medell\u00edn present\u00f3 el C\u00f3digo Dorado para atender urgencias en salud mental.\" style=\"background-image:url('\/irj\/go\/km\/docs\/galerias\/Imagenes\/Galer\u00eda d\u00eda a d\u00eda 2021\/500_400\/20210421-Codigo-Dorado-1.jpg')\"><\/div>\n<p class=\"pMetaDesc\">Foto: La Alcald\u00eda de Medell\u00edn present\u00f3 el C\u00f3digo Dorado para atender urgencias en salud mental.<\/p>\n<p class=\"pMetaFotografo\">Fot\u00f3grafo: Foto Alcald\u00eda de Medell\u00edn<\/p>\n<\/div>\n<p class=\"fecha\"><span class=\"input_plantilla input_text\" data-input=\"fecha\">2021-04-21<\/span><\/p>\n<p itemprop=\"name\" class=\"input_plantilla input_text\" data-input=\"titulo\">La Alcald\u00eda de Medell\u00edn present\u00f3 el C\u00f3digo Dorado para atender urgencias en salud mental<\/p>\n<p class=\"input_plantilla input_text\" data-input=\"autor\">Por M\u00e1bel Hern\u00e1ndez Toro<\/p>\n<div class=\"cuerpo input_plantilla input_area\" data-input=\"contenido\">\n<p>.: Esta estrategia, que busca dar respuesta r\u00e1pida a las emergencias por trastornos mentales, ha atendido 243 pacientes.<\/p>\n<p>.: El C\u00f3digo Dorado funciona las 24 horas, los siete d\u00edas de la semana y se activa en la L\u00ednea Amiga 4444448.<\/p>\n<p><a href=\"\/irj\/go\/km\/docs\/galerias\/Audios\/Audios d\u00eda a d\u00eda 2021\/20210421-Codigo-Dorado-01.mp3\" class=\"aContEnlace audio\" download=\"\" data-mce-href=\"\/irj\/go\/km\/docs\/galerias\/Audios\/Audios d\u00eda a d\u00eda 2021\/20210421-Codigo-Dorado-01.mp3\"><span>Palabras de Lina Bedoya, l\u00edder de la Unidad de Promoci\u00f3n y Prevenci\u00f3n.<\/span><span><\/span><span>1514 Kb<\/span><\/a><\/p>\n<p>La Alcald\u00eda de Medell\u00edn present\u00f3 el C\u00f3digo Dorado, una estrategia r\u00e1pida y gratuita para atender emergencias por trastornos psicol\u00f3gicos y situaciones que afectan la salud mental. A la fecha ha realizado 280 atenciones a 243 pacientes.<\/p>\n<p>Seg\u00fan la l\u00edder de la Unidad de Promoci\u00f3n y Prevenci\u00f3n, Lina Bedoya: \u201c<em>el C\u00f3digo Dorado se debe activar en el momento en el que cualquier persona de nuestra ciudad identifique una situaci\u00f3n cr\u00edtica en salud mental, una persona que tiene un riesgo suicida alto, una persona que est\u00e1 en una condici\u00f3n de salud mental cr\u00edtica, ya sea por consumo de sustancias psicoactivas o porque tiene alg\u00fan trastorno psiqui\u00e1trico<\/em>\u201d.<\/p>\n<p>Si alguien cuenta con alguno de estos tres criterios, podr\u00e1 activar el C\u00f3digo Dorado de manera personal, a trav\u00e9s de su red de apoyo (familia, pareja, amigos y vecinos) o por medio de cualquier testigo de la situaci\u00f3n. Para hacerlo solo deben llamar a la L\u00ednea Amiga Saludable 4444448 o a la L\u00ednea 123 Social y esperar que un t\u00e9cnico en Atenci\u00f3n Prehospitalaria (APH) determine el nivel de riesgo.<\/p>\n<p><a data-mce-href=\"\/irj\/go\/km\/docs\/galerias\/Imagenes\/Galer%C3%ADa%20d%C3%ADa%20a%20d%C3%ADa%202021\/20210421-Codigo-Dorado-2.jpeg\" href=\"\/irj\/go\/km\/docs\/galerias\/Imagenes\/Galer%C3%ADa%20d%C3%ADa%20a%20d%C3%ADa%202021\/20210421-Codigo-Dorado-2.jpeg\" title=\"La Alcald\u00eda de Medell\u00edn present\u00f3 el C\u00f3digo Dorado para atender urgencias en salud mental\" target=\"_blank\" rel=\"noopener\"><img src=\"\/irj\/go\/km\/docs\/galerias\/Imagenes\/Galer%C3%ADa%20d%C3%ADa%20a%20d%C3%ADa%202021\/1000_450\/20210421-Codigo-Dorado-2.jpg\" alt=\"La Alcald\u00eda de Medell\u00edn present\u00f3 el C\u00f3digo Dorado para atender urgencias en salud mental\" width=\"100%\"><\/a><br data-mce-bogus=\"1\"><\/p>\n<p>Si el riesgo es bajo o medio ser\u00e1 atendido por un profesional en psicolog\u00eda. En caso de riesgo alto, una dupla de psic\u00f3logos se dirigir\u00e1 al lugar, tratar\u00e1n de calmar al paciente y, si esto no funciona o es un intento de suicidio, lo llevar\u00e1n a urgencias y lo acompa\u00f1ar\u00e1n hasta que sea atendido.<\/p>\n<p>\u201c<em>Es muy necesario que todo el personal de la salud sea sensibilizado sobre esta nueva estrategia del C\u00f3digo Dorado pues, lastimosamente, en muchas unidades hospitalarias no se le da importancia a la salud mental, sobre todo ahora con la pandemia. Pero no podemos normalizar e ignorar esta situaci\u00f3n, las afectaciones emocionales y mentales tambi\u00e9n pueden provocar la muerte<\/em>\u201d, afirm\u00f3 el psic\u00f3logo Camilo C\u00e1rdenas, quien se desempe\u00f1a en el C\u00f3digo Dorado.<\/p>\n<p>Identificar se\u00f1ales de alerta como la ideaci\u00f3n suicida, el consumo de sustancias psicoactivas y los trastornos mentales puede salvar vidas. El C\u00f3digo Dorado busca generar conciencia sobre la creciente necesidad de atender con urgencia esta situaci\u00f3n para evitar un incremento en las cifras de decesos de la ciudad.<\/p>\n<p>Quienes deseen recibir m\u00e1s informaci\u00f3n sobre el C\u00f3digo Dorado pueden comunicarse con la L\u00ednea Amiga 4444448.<\/p>\n<\/div>\n<div class=\"compartir\">Compartir en:<a title=\"\" href=\"http:\/\/www.facebook.com\/share.php?u=\" class=\"btCompartirFacebook btCompartir\" target=\"_blank\" rel=\"noopener\"><\/a><a title=\"\" href=\"http:\/\/twitter.com\/home?status=Haz%20clic%20para%20ver%20esta%20noticia%20en%20\" class=\"btCompartirTwitter btCompartir\"><\/a><a title=\"\" href=\"whatsapp:\/\/send?text=Haz%20clic%20para%20ver%20esta%20noticia%20en%20\" class=\"btCompartirWa btCompartir\"><\/a><\/div>\n<\/div>\n<p><script>try{comprobarImagen();fixBtnRedes();hitsMedellin();}catch(e){}<\/script><\/div>\n","protected":false},"excerpt":{"rendered":"<p>Foto: La Alcald\u00eda de Medell\u00edn present\u00f3 el C\u00f3digo Dorado para atender urgencias en salud mental. Fot\u00f3grafo: Foto Alcald\u00eda de Medell\u00edn 2021-04-21 La Alcald\u00eda de Medell\u00edn present\u00f3 el C\u00f3digo Dorado para atender urgencias en salud mental &#8230;<\/p>\n","protected":false},"author":1,"featured_media":60279,"comment_status":"open","ping_status":"open","sticky":false,"template":"","format":"standard","meta":[],"categories":[18],"tags":[451,443,452],"formato_nota":[],"programas_tax":[],"acf":[],"_links":{"self":[{"href":"https:\/\/www.medellin.gov.co\/es\/wp-json\/wp\/v2\/posts\/36053"}],"collection":[{"href":"https:\/\/www.medellin.gov.co\/es\/wp-json\/wp\/v2\/posts"}],"about":[{"href":"https:\/\/www.medellin.gov.co\/es\/wp-json\/wp\/v2\/types\/post"}],"author":[{"embeddable":true,"href":"https:\/\/www.medellin.gov.co\/es\/wp-json\/wp\/v2\/users\/1"}],"replies":[{"embeddable":true,"href":"https:\/\/www.medellin.gov.co\/es\/wp-json\/wp\/v2\/comments?post=36053"}],"version-history":[{"count":1,"href":"https:\/\/www.medellin.gov.co\/es\/wp-json\/wp\/v2\/posts\/36053\/revisions"}],"predecessor-version":[{"id":48666,"href":"https:\/\/www.medellin.gov.co\/es\/wp-json\/wp\/v2\/posts\/36053\/revisions\/48666"}],"wp:featuredmedia":[{"embeddable":true,"href":"https:\/\/www.medellin.gov.co\/es\/wp-json\/wp\/v2\/media\/60279"}],"wp:attachment":[{"href":"https:\/\/www.medellin.gov.co\/es\/wp-json\/wp\/v2\/media?parent=36053"}],"wp:term":[{"taxonomy":"category","embeddable":true,"href":"https:\/\/www.medellin.gov.co\/es\/wp-json\/wp\/v2\/categories?post=36053"},{"taxonomy":"post_tag","embeddable":true,"href":"https:\/\/www.medellin.gov.co\/es\/wp-json\/wp\/v2\/tags?post=36053"},{"taxonomy":"formato_nota","embeddable":true,"href":"https:\/\/www.medellin.gov.co\/es\/wp-json\/wp\/v2\/formato_nota?post=36053"},{"taxonomy":"programas_tax","embeddable":true,"href":"https:\/\/www.medellin.gov.co\/es\/wp-json\/wp\/v2\/programas_tax?post=36053"}],"curies":[{"name":"wp","href":"https:\/\/api.w.org\/{rel}","templated":true}]}}