{"id":36054,"date":"2021-04-20T00:00:00","date_gmt":"2021-04-20T05:00:00","guid":{"rendered":"https:\/\/www.medellin.gov.co\/es\/saladeprensa\/noticias\/hasta-el-30-de-abril-se-extiende-el-acompanamiento-en-casa-en-248-sedes-de-buen-comienzo\/"},"modified":"2022-03-27T23:18:54","modified_gmt":"2022-03-28T04:18:54","slug":"hasta-el-30-de-abril-se-extiende-el-acompanamiento-en-casa-en-248-sedes-de-buen-comienzo","status":"publish","type":"post","link":"https:\/\/www.medellin.gov.co\/es\/sala-de-prensa\/noticias\/hasta-el-30-de-abril-se-extiende-el-acompanamiento-en-casa-en-248-sedes-de-buen-comienzo\/","title":{"rendered":"Hasta el 30 de abril se extiende el acompa\u00f1amiento en casa en 248 sedes de Buen comienzo"},"content":{"rendered":"<div class=\"wrap contenido\">\n<div class=\"noticia\">\n<div class=\"imagen\">\n<div class=\"divContImageNoticia input_plantilla input_background\" data-input=\"fotografia\" ruta=\"\/galerias\/Imagenes\/Galer\u00eda d\u00eda a d\u00eda 2021\/500_400\/20210421-Buen-Comienzo-1.jpg\" fotografo=\"Foto Alcald\u00eda de Medell\u00edn\" descripcion=\"Hasta el 30 de abril se extiende el acompa\u00f1amiento en casa en 248 sedes de Buen comienzo.\" style=\"background-image:url('\/irj\/go\/km\/docs\/galerias\/Imagenes\/Galer\u00eda d\u00eda a d\u00eda 2021\/500_400\/20210421-Buen-Comienzo-1.jpg')\"><\/div>\n<p class=\"pMetaDesc\">Foto: Hasta el 30 de abril se extiende el acompa\u00f1amiento en casa en 248 sedes de Buen comienzo.<\/p>\n<p class=\"pMetaFotografo\">Fot\u00f3grafo: Foto Alcald\u00eda de Medell\u00edn<\/p>\n<\/div>\n<p class=\"fecha\"><span class=\"input_plantilla input_text\" data-input=\"fecha\">2021-04-21<\/span><\/p>\n<p itemprop=\"name\" class=\"input_plantilla input_text\" data-input=\"titulo\">Hasta el 30 de abril se extiende el acompa\u00f1amiento en casa en 248 sedes de Buen comienzo<\/p>\n<p class=\"input_plantilla input_text\" data-input=\"autor\">Por Mar\u00eda Victoria Caicedo G.<\/p>\n<div class=\"cuerpo input_plantilla input_area\" data-input=\"contenido\">\n<p>.: En la actualidad, el programa presta servicio integral a 54.168 ni\u00f1os y ni\u00f1as de la ciudad.<\/p>\n<p>.: Para la Modalidad Familiar siguen abiertas las inscripciones a trav\u00e9s del aplicativo Busca Tu Cupo.<\/p>\n<p>.: A los ni\u00f1os y ni\u00f1as se les hace entrega del paquete alimentario para dar continuidad al componente nutricional.<\/p>\n<p><a href=\"\/irj\/go\/km\/docs\/galerias\/Audios\/Audios d\u00eda a d\u00eda 2021\/20210421-Buen-Comienzo-01.mp3\" class=\"aContEnlace audio\" download=\"\" data-mce-href=\"\/irj\/go\/km\/docs\/galerias\/Audios\/Audios d\u00eda a d\u00eda 2021\/20210421-Buen-Comienzo-01.mp3\"><span>Palabras de Vivian Puerta, directora de la Unidad Administrativa Especial Buen Comienzo.<\/span><span><\/span><span>2082 Kb<\/span><\/a><\/p>\n<p>La Unidad Administrativa Especial Buen Comienzo contin\u00faa con la atenci\u00f3n a trav\u00e9s de las 248 sedes que operan de manera virtual en la ciudad de Medell\u00edn, debido al incremento de casos por coronavirus.<\/p>\n<p>Las actividades, dirigidas por los agentes educativos y coordinadores de Buen Comienzo, han permitido seguir adelante con el proceso pedag\u00f3gico, recreativo y nutricional. Esto \u00faltimo ha sido posible gracias a la entrega de los paquetes alimentarios.<\/p>\n<p>\u201c<em>La actual situaci\u00f3n de salud p\u00fablica que se vive, no solo en Medell\u00edn sino en todo el departamento de Antioquia, nos obliga a tomar medidas necesarias para proteger la salud y vida de nuestro ni\u00f1os y ni\u00f1as, de nuestros agentes educativos y de todas sus familias. Les informamos que los ni\u00f1os seguir\u00e1n recibiendo la atenci\u00f3n pedag\u00f3gica a trav\u00e9s de encuentros sincr\u00f3nicos y asincr\u00f3nicos, y la atenci\u00f3n nutricional a trav\u00e9s de la entrega de paquetes alimentarios<\/em>\u201d, dijo la directora de la Unidad Administrativa Especial Buen Comienzo, Vivian Puerta.<\/p>\n<p><a data-mce-href=\"\/irj\/go\/km\/docs\/galerias\/Imagenes\/Galer%C3%ADa%20d%C3%ADa%20a%20d%C3%ADa%202021\/1000_450\/20210421-Buen-Comienzo-2.jpg\" href=\"\/irj\/go\/km\/docs\/galerias\/Imagenes\/Galer%C3%ADa%20d%C3%ADa%20a%20d%C3%ADa%202021\/1000_450\/20210421-Buen-Comienzo-2.jpg\" title=\"Hasta el 30 de abril se extiende el acompa\u00f1amiento en casa en 248 sedes de Buen comienzo\" target=\"_blank\" rel=\"noopener\"><img src=\"\/irj\/go\/km\/docs\/galerias\/Imagenes\/Galer%C3%ADa%20d%C3%ADa%20a%20d%C3%ADa%202021\/1000_450\/20210421-Buen-Comienzo-2.jpg\" alt=\"Hasta el 30 de abril se extiende el acompa\u00f1amiento en casa en 248 sedes de Buen comienzo\" width=\"100%\"><\/a><br data-mce-bogus=\"1\"><\/p>\n<p>En la actualidad, Buen Comienzo presta servicio integral a 54.168 menores y avanza con el proceso de inscripci\u00f3n de madres gestantes, lactantes, ni\u00f1os y ni\u00f1as de hasta dos a\u00f1os para la Modalidad Familiar.<\/p>\n<p>Las actividades en casa se extender\u00e1n hasta el 30 abril considerando que la ciudad atraviesa el tercer pico de la pandemia y que prevalece la salud de todos, desde los beneficiarios hasta el personal encargado de la prestaci\u00f3n de los diferentes servicios.<\/p>\n<p>Los interesados en hacer el registro para la Modalidad Familiar pueden enviar un correo a la direcci\u00f3n electr\u00f3nica <a href=\"mailto:buencomienzo@medellin.gov.co\" data-mce-href=\"mailto:buencomienzo@medellin.gov.co\">buencomienzo@medellin.gov.co<\/a> o ingresar al siguiente enlace:<\/p>\n<p><a href=\"http:\/\/181.143.65.117:8080\/BuscaTuCupo\/\" data-mce-href=\"http:\/\/181.143.65.117:8080\/BuscaTuCupo\/\">http:\/\/181.143.65.117:8080\/BuscaTuCupo\/<\/a><\/p>\n<\/div>\n<div class=\"compartir\">Compartir en:<a title=\"\" href=\"http:\/\/www.facebook.com\/share.php?u=\" class=\"btCompartirFacebook btCompartir\" target=\"_blank\" rel=\"noopener\"><\/a><a title=\"\" href=\"http:\/\/twitter.com\/home?status=Haz%20clic%20para%20ver%20esta%20noticia%20en%20\" class=\"btCompartirTwitter btCompartir\"><\/a><a title=\"\" href=\"whatsapp:\/\/send?text=Haz%20clic%20para%20ver%20esta%20noticia%20en%20\" class=\"btCompartirWa btCompartir\"><\/a><\/div>\n<\/div>\n<p><script>try{comprobarImagen();fixBtnRedes();hitsMedellin();}catch(e){}<\/script><\/div>\n","protected":false},"excerpt":{"rendered":"<p>Foto: Hasta el 30 de abril se extiende el acompa\u00f1amiento en casa en 248 sedes de Buen comienzo. Fot\u00f3grafo: Foto Alcald\u00eda de Medell\u00edn 2021-04-21 Hasta el 30 de abril se extiende el acompa\u00f1amiento en casa &#8230;<\/p>\n","protected":false},"author":1,"featured_media":60280,"comment_status":"open","ping_status":"open","sticky":false,"template":"","format":"standard","meta":[],"categories":[1,533],"tags":[437,451,431],"formato_nota":[],"programas_tax":[],"acf":[],"_links":{"self":[{"href":"https:\/\/www.medellin.gov.co\/es\/wp-json\/wp\/v2\/posts\/36054"}],"collection":[{"href":"https:\/\/www.medellin.gov.co\/es\/wp-json\/wp\/v2\/posts"}],"about":[{"href":"https:\/\/www.medellin.gov.co\/es\/wp-json\/wp\/v2\/types\/post"}],"author":[{"embeddable":true,"href":"https:\/\/www.medellin.gov.co\/es\/wp-json\/wp\/v2\/users\/1"}],"replies":[{"embeddable":true,"href":"https:\/\/www.medellin.gov.co\/es\/wp-json\/wp\/v2\/comments?post=36054"}],"version-history":[{"count":1,"href":"https:\/\/www.medellin.gov.co\/es\/wp-json\/wp\/v2\/posts\/36054\/revisions"}],"predecessor-version":[{"id":48668,"href":"https:\/\/www.medellin.gov.co\/es\/wp-json\/wp\/v2\/posts\/36054\/revisions\/48668"}],"wp:featuredmedia":[{"embeddable":true,"href":"https:\/\/www.medellin.gov.co\/es\/wp-json\/wp\/v2\/media\/60280"}],"wp:attachment":[{"href":"https:\/\/www.medellin.gov.co\/es\/wp-json\/wp\/v2\/media?parent=36054"}],"wp:term":[{"taxonomy":"category","embeddable":true,"href":"https:\/\/www.medellin.gov.co\/es\/wp-json\/wp\/v2\/categories?post=36054"},{"taxonomy":"post_tag","embeddable":true,"href":"https:\/\/www.medellin.gov.co\/es\/wp-json\/wp\/v2\/tags?post=36054"},{"taxonomy":"formato_nota","embeddable":true,"href":"https:\/\/www.medellin.gov.co\/es\/wp-json\/wp\/v2\/formato_nota?post=36054"},{"taxonomy":"programas_tax","embeddable":true,"href":"https:\/\/www.medellin.gov.co\/es\/wp-json\/wp\/v2\/programas_tax?post=36054"}],"curies":[{"name":"wp","href":"https:\/\/api.w.org\/{rel}","templated":true}]}}