{"id":36055,"date":"2021-04-21T00:00:00","date_gmt":"2021-04-21T05:00:00","guid":{"rendered":"https:\/\/www.medellin.gov.co\/es\/saladeprensa\/noticias\/la-alcaldia-de-medellin-impulsara-el-fortalecimiento-empresarial-de-390-empresas\/"},"modified":"2022-03-27T23:18:55","modified_gmt":"2022-03-28T04:18:55","slug":"la-alcaldia-de-medellin-impulsara-el-fortalecimiento-empresarial-de-390-empresas","status":"publish","type":"post","link":"https:\/\/www.medellin.gov.co\/es\/sala-de-prensa\/noticias\/la-alcaldia-de-medellin-impulsara-el-fortalecimiento-empresarial-de-390-empresas\/","title":{"rendered":"La Alcald\u00eda de Medell\u00edn impulsar\u00e1 el fortalecimiento empresarial de 390 empresas"},"content":{"rendered":"<div class=\"wrap contenido\">\n<div class=\"noticia\">\n<div class=\"imagen\">\n<div class=\"divContImageNoticia input_plantilla input_background\" data-input=\"fotografia\" ruta=\"\/galerias\/Imagenes\/Galer\u00eda d\u00eda a d\u00eda 2021\/500_400\/20210422-fortalecimiento-empresarial-1.jpg\" fotografo=\"Foto Alcald\u00eda de Medelll\u00edn\" descripcion=\"La Alcald\u00eda de Medell\u00edn impulsar\u00e1 el fortalecimiento empresarial de 390 empresas. \" style=\"background-image:url('\/irj\/go\/km\/docs\/galerias\/Imagenes\/Galer\u00eda d\u00eda a d\u00eda 2021\/500_400\/20210422-fortalecimiento-empresarial-1.jpg')\"><\/div>\n<p class=\"pMetaDesc\">Foto: La Alcald\u00eda de Medell\u00edn impulsar\u00e1 el fortalecimiento empresarial de 390 empresas. <\/p>\n<p class=\"pMetaFotografo\">Fot\u00f3grafo: Foto Alcald\u00eda de Medelll\u00edn<\/p>\n<\/div>\n<p class=\"fecha\"><span class=\"input_plantilla input_text\" data-input=\"fecha\">2021-04-22<\/span><\/p>\n<p itemprop=\"name\" class=\"input_plantilla input_text\" data-input=\"titulo\">La Alcald\u00eda de Medell\u00edn impulsar\u00e1 el fortalecimiento empresarial de 390 empresas<\/p>\n<p class=\"input_plantilla input_text\" data-input=\"autor\">Por Mar\u00eda Camila S\u00e1nchez Zuluaga<\/p>\n<div class=\"cuerpo input_plantilla input_area\" data-input=\"contenido\">\n<p>.: Con tres programas: Enplanta, Desarrollo de Proveedores y Promotores de Innovaci\u00f3n, se busca fortalecer las capacidades del tejido empresarial.&nbsp;<\/p>\n<p>.: Las empresas se beneficiar\u00e1n con las convocatorias de fortalecimiento con enfoque en competitividad e innovaci\u00f3n.&nbsp;<\/p>\n<p>.: La Administraci\u00f3n Municipal cubrir\u00e1 el ciento por ciento del acompa\u00f1amiento a las empresas.<\/p>\n<p><a href=\"\/irj\/go\/km\/docs\/galerias\/Audios\/Audios d\u00eda a d\u00eda 2021\/20210422-fortalecimiento-empresarial-01.mp3\" class=\"aContEnlace audio\" download=\"\" data-mce-href=\"\/irj\/go\/km\/docs\/galerias\/Audios\/Audios d\u00eda a d\u00eda 2021\/20210422-fortalecimiento-empresarial-01.mp3\"><span>Palabras de Mauricio Valencia, subsecretario de Creaci\u00f3n y Fortalecimiento.<\/span><span><\/span><span>1003 Kb<\/span><\/a><\/p>\n<p>Para avanzar en el proceso de recuperaci\u00f3n econ\u00f3mica y consolidar el tejido empresarial, la Alcald\u00eda de Medell\u00edn abre una convocatoria para el fortalecimiento de 390 empresas de todos los sectores.<\/p>\n<p>La estrategia tiene tres componentes. El primero es el programa <em>Enplanta<\/em>, que ayudar\u00e1 a 150 compa\u00f1\u00edas a fortalecer su capacidad productiva y competitiva con \u00e9nfasis en transformaci\u00f3n digital, reenfoque de negocios y transferencia de buenas pr\u00e1cticas de productividad operacional.<\/p>\n<p>El segundo es <em>Desarrollo de Proveedores,<\/em> el cual acompa\u00f1ar\u00e1 a 100 empresas para el mantenimiento, reactivaci\u00f3n y repotenciaci\u00f3n de su operaci\u00f3n, enfoc\u00e1ndose en cadenas productivas, conexi\u00f3n empresarial y fortalecimiento sectorial dirigido a las empresas TIC y de gastronom\u00eda.<\/p>\n<p>El tercer componente es el programa <em>Promotores de Innovaci\u00f3n,<\/em> que busca fomentar cultura de innovaci\u00f3n en 140 empresas por medio de formaci\u00f3n y entrenamiento especializado, la implementaci\u00f3n de proyectos de innovaci\u00f3n y el fortalecimiento de conexiones.<\/p>\n<p><em>\u201cLos tres programas est\u00e1n enfocados en resolver las necesidades que se generaron en las empresas a causa de la pandemia. Los participantes estar\u00e1n acompa\u00f1ados de especialistas en productividad e innovaci\u00f3n quienes les van a ayudar a fortalecer sus modelos de negocio. Esto es un paso muy importante para recuperar nuestro tejido empresarial\u201d, <\/em>afirm\u00f3 el subsecretario de Creaci\u00f3n y Fortalecimiento, Mauricio Valencia.<\/p>\n<p><a href=\"https:\/\/www.medellin.gov.co\/irj\/go\/km\/docs\/galerias\/Imagenes\/Galer%C3%ADa%20d%C3%ADa%20a%20d%C3%ADa%202021\/20210422-fortalecimiento-empresarial-2.jpg\" target=\"_blank\" rel=\"noopener\" data-mce-href=\"https:\/\/www.medellin.gov.co\/irj\/go\/km\/docs\/galerias\/Imagenes\/Galer%C3%ADa%20d%C3%ADa%20a%20d%C3%ADa%202021\/20210422-fortalecimiento-empresarial-2.jpg\"><img src=\"https:\/\/www.medellin.gov.co\/irj\/go\/km\/docs\/galerias\/Imagenes\/Galer%C3%ADa%20d%C3%ADa%20a%20d%C3%ADa%202021\/1000_450\/20210422-fortalecimiento-empresarial-2.jpg\" alt=\"\" width=\"100%\" data-mce-src=\"https:\/\/www.medellin.gov.co\/irj\/go\/km\/docs\/galerias\/Imagenes\/Galer%C3%ADa%20d%C3%ADa%20a%20d%C3%ADa%202021\/1000_450\/20210422-fortalecimiento-empresarial-2.jpg\"><\/a><\/p>\n<p>En esta edici\u00f3n, la Alcald\u00eda de Medell\u00edn financiar\u00e1 en un ciento por ciento la participaci\u00f3n de las empresas, las cuales recibir\u00e1n acompa\u00f1amiento virtual de un grupo de especialistas y acceder\u00e1n a actividades y eventos en l\u00ednea enfocados en temas de productividad e innovaci\u00f3n.<\/p>\n<p>A la convocatoria, operada por el Centro de Ciencia y Tecnolog\u00eda de Antioquia (CTA), pueden aplicar negocios legalmente constituidos (m\u00ednimo seis meses de antig\u00fcedad) y con domicilio en Medell\u00edn (incluyendo los corregimientos).<\/p>\n<p>Las empresas deber\u00e1n seleccionar el programa y el componente de su preferencia y ser\u00e1n evaluadas por un equipo t\u00e9cnico para verificar el cumplimiento de los requisitos y la capacidad de cada una para atender el acompa\u00f1amiento.<\/p>\n<p>Toda la informaci\u00f3n de los tres programas y los requisitos para participar se encuentra accediendo al portal <span><a href=\"https:\/\/www.medellindigital.gov.co\/\" target=\"_blank\" rel=\"noopener\" data-mce-href=\"https:\/\/www.medellindigital.gov.co\/\">https:\/\/www.medellindigital.gov.co\/<\/a><\/span> Las inquietudes ser\u00e1n resueltas a trav\u00e9s de la l\u00ednea 444 28 72.<\/p>\n<\/div>\n<div class=\"compartir\">Compartir en:<a title=\"\" href=\"http:\/\/www.facebook.com\/share.php?u=\" class=\"btCompartirFacebook btCompartir\" target=\"_blank\" rel=\"noopener\"><\/a><a title=\"\" href=\"http:\/\/twitter.com\/home?status=Haz%20clic%20para%20ver%20esta%20noticia%20en%20\" class=\"btCompartirTwitter btCompartir\"><\/a><a title=\"\" href=\"whatsapp:\/\/send?text=Haz%20clic%20para%20ver%20esta%20noticia%20en%20\" class=\"btCompartirWa btCompartir\"><\/a><\/div>\n<\/div>\n<p><script>try{comprobarImagen();fixBtnRedes();hitsMedellin();}catch(e){}<\/script><\/div>\n","protected":false},"excerpt":{"rendered":"<p>Foto: La Alcald\u00eda de Medell\u00edn impulsar\u00e1 el fortalecimiento empresarial de 390 empresas. Fot\u00f3grafo: Foto Alcald\u00eda de Medelll\u00edn 2021-04-22 La Alcald\u00eda de Medell\u00edn impulsar\u00e1 el fortalecimiento empresarial de 390 empresas Por Mar\u00eda Camila S\u00e1nchez Zuluaga .: &#8230;<\/p>\n","protected":false},"author":1,"featured_media":60281,"comment_status":"open","ping_status":"open","sticky":false,"template":"","format":"standard","meta":[],"categories":[3],"tags":[433,434,443],"formato_nota":[],"programas_tax":[],"acf":[],"_links":{"self":[{"href":"https:\/\/www.medellin.gov.co\/es\/wp-json\/wp\/v2\/posts\/36055"}],"collection":[{"href":"https:\/\/www.medellin.gov.co\/es\/wp-json\/wp\/v2\/posts"}],"about":[{"href":"https:\/\/www.medellin.gov.co\/es\/wp-json\/wp\/v2\/types\/post"}],"author":[{"embeddable":true,"href":"https:\/\/www.medellin.gov.co\/es\/wp-json\/wp\/v2\/users\/1"}],"replies":[{"embeddable":true,"href":"https:\/\/www.medellin.gov.co\/es\/wp-json\/wp\/v2\/comments?post=36055"}],"version-history":[{"count":1,"href":"https:\/\/www.medellin.gov.co\/es\/wp-json\/wp\/v2\/posts\/36055\/revisions"}],"predecessor-version":[{"id":48670,"href":"https:\/\/www.medellin.gov.co\/es\/wp-json\/wp\/v2\/posts\/36055\/revisions\/48670"}],"wp:featuredmedia":[{"embeddable":true,"href":"https:\/\/www.medellin.gov.co\/es\/wp-json\/wp\/v2\/media\/60281"}],"wp:attachment":[{"href":"https:\/\/www.medellin.gov.co\/es\/wp-json\/wp\/v2\/media?parent=36055"}],"wp:term":[{"taxonomy":"category","embeddable":true,"href":"https:\/\/www.medellin.gov.co\/es\/wp-json\/wp\/v2\/categories?post=36055"},{"taxonomy":"post_tag","embeddable":true,"href":"https:\/\/www.medellin.gov.co\/es\/wp-json\/wp\/v2\/tags?post=36055"},{"taxonomy":"formato_nota","embeddable":true,"href":"https:\/\/www.medellin.gov.co\/es\/wp-json\/wp\/v2\/formato_nota?post=36055"},{"taxonomy":"programas_tax","embeddable":true,"href":"https:\/\/www.medellin.gov.co\/es\/wp-json\/wp\/v2\/programas_tax?post=36055"}],"curies":[{"name":"wp","href":"https:\/\/api.w.org\/{rel}","templated":true}]}}