{"id":36057,"date":"2021-04-21T00:00:00","date_gmt":"2021-04-21T05:00:00","guid":{"rendered":"https:\/\/www.medellin.gov.co\/es\/saladeprensa\/noticias\/el-premio-nacional-de-literatura-infantil-pedrito-botero-abre-sus-inscripciones\/"},"modified":"2022-03-27T23:18:57","modified_gmt":"2022-03-28T04:18:57","slug":"el-premio-nacional-de-literatura-infantil-pedrito-botero-abre-sus-inscripciones","status":"publish","type":"post","link":"https:\/\/www.medellin.gov.co\/es\/sala-de-prensa\/noticias\/el-premio-nacional-de-literatura-infantil-pedrito-botero-abre-sus-inscripciones\/","title":{"rendered":"El Premio Nacional de Literatura Infantil Pedrito Botero abre sus inscripciones"},"content":{"rendered":"<div class=\"wrap contenido\">\n<div class=\"noticia\">\n<div class=\"imagen\">\n<div class=\"divContImageNoticia input_plantilla input_background\" data-input=\"fotografia\" ruta=\"\/galerias\/Imagenes\/Galer\u00eda d\u00eda a d\u00eda 2021\/500_400\/20210422-Literatura-Infantil-2.jpg\" fotografo=\"Foto Alcald\u00eda de Medelll\u00edn\" descripcion=\"El Premio Nacional de Literatura Infantil Pedrito Botero abre sus inscripciones.\" style=\"background-image:url('\/irj\/go\/km\/docs\/galerias\/Imagenes\/Galer\u00eda d\u00eda a d\u00eda 2021\/500_400\/20210422-Literatura-Infantil-2.jpg')\"><\/div>\n<p class=\"pMetaDesc\">Foto: El Premio Nacional de Literatura Infantil Pedrito Botero abre sus inscripciones.<\/p>\n<p class=\"pMetaFotografo\">Fot\u00f3grafo: Foto Alcald\u00eda de Medelll\u00edn<\/p>\n<\/div>\n<p class=\"fecha\"><span class=\"input_plantilla input_text\" data-input=\"fecha\">2021-04-22<\/span><\/p>\n<p itemprop=\"name\" class=\"input_plantilla input_text\" data-input=\"titulo\"> El Premio Nacional de Literatura Infantil Pedrito Botero abre sus inscripciones<\/p>\n<p class=\"input_plantilla input_text\" data-input=\"autor\">Por Paula Andrea Rend\u00f3n Su\u00e1rez<\/p>\n<div class=\"cuerpo input_plantilla input_area\" data-input=\"contenido\">\n<p>.: Los escritores nacionales y extranjeros residentes en el pa\u00eds pueden presentar sus historias hasta el 26 de mayo de 2021.&nbsp;<\/p>\n<p>.: Se entregar\u00e1n $90 millones en premios y siete menciones de honor.<\/p>\n<p>.: El certamen es financiado por el Maestro Fernando Botero a trav\u00e9s de una donaci\u00f3n realizada a la Biblioteca P\u00fablica Piloto.&nbsp;<\/p>\n<p><a href=\"\/irj\/go\/km\/docs\/galerias\/Audios\/Audios d\u00eda a d\u00eda 2021\/20210422-Literatura-Infantil-01.mp3\" class=\"aContEnlace audio\" download=\"\" data-mce-href=\"\/irj\/go\/km\/docs\/galerias\/Audios\/Audios d\u00eda a d\u00eda 2021\/20210422-Literatura-Infantil-01.mp3\"><span>Palabras de \u00c1lvaro Narv\u00e1ez, secretario de Cultura Ciudadana.<\/span><span><\/span><span>815 Kb<\/span><\/a><\/p>\n<p><span><a href=\"\/irj\/go\/km\/docs\/galerias\/Audios\/Audios d\u00eda a d\u00eda 2021\/20210422-Literatura-Infantil-02.mp3\" class=\"aContEnlace audio\" download=\"\" data-mce-href=\"\/irj\/go\/km\/docs\/galerias\/Audios\/Audios d\u00eda a d\u00eda 2021\/20210422-Literatura-Infantil-02.mp3\"><span>Palabras de Shirley Zuluaga, directora de la Biblioteca P\u00fablica Piloto.<\/span><span><\/span><span>1593 Kb<\/span><\/a><\/span><\/p>\n<p>Desde este jueves 22 de abril y hasta el pr\u00f3ximo 26 de mayo estar\u00e1 abierta la convocatoria de la primera edici\u00f3n del Premio Nacional de Literatura Infantil Pedrito Botero, que reconoce la narrativa literaria y la escritura de cuentos infantiles de todos los escritores y escritoras, con o sin trayectoria, colombianos y extranjeros residentes en el pa\u00eds.<\/p>\n<p>Los relatos deben tener m\u00e1ximo tres cuartillas, estar dirigidos a un p\u00fablico entre los 6 y los 12 a\u00f1os, ser originales e in\u00e9ditos, no haber sido publicados total o parcialmente en medios impresos o digitales, no tener compromisos editoriales ni estar participando en concursos similares.<\/p>\n<p><em>\u201cPromover creatividad e imaginaci\u00f3n a la hora de contar historias a los ni\u00f1os es esperanza y futuro para formar nuevas generaciones m\u00e1s conscientes de su entorno y realidad. Invitamos a todos los creadores literarios a ser parte del premio Pedrito Botero\u201d, <\/em>manifest\u00f3 el secretario de Cultura Ciudadana, \u00c1lvaro Narv\u00e1ez.&nbsp;<\/p>\n<p><a href=\"https:\/\/www.medellin.gov.co\/irj\/go\/km\/docs\/galerias\/Imagenes\/Galer%C3%ADa%20d%C3%ADa%20a%20d%C3%ADa%202021\/20210422-Literatura-Infantil-1.jpg\" target=\"_blank\" rel=\"noopener\" data-mce-href=\"https:\/\/www.medellin.gov.co\/irj\/go\/km\/docs\/galerias\/Imagenes\/Galer%C3%ADa%20d%C3%ADa%20a%20d%C3%ADa%202021\/20210422-Literatura-Infantil-1.jpg\"><img src=\"https:\/\/www.medellin.gov.co\/irj\/go\/km\/docs\/galerias\/Imagenes\/Galer%C3%ADa%20d%C3%ADa%20a%20d%C3%ADa%202021\/20210422-Literatura-Infantil-1.jpg\" alt=\"\" width=\"100%\" data-mce-src=\"https:\/\/www.medellin.gov.co\/irj\/go\/km\/docs\/galerias\/Imagenes\/Galer%C3%ADa%20d%C3%ADa%20a%20d%C3%ADa%202021\/20210422-Literatura-Infantil-1.jpg\"><\/a><\/p>\n<p>Los ganadores, que se dar\u00e1n a conocer el 3 de octubre en la edici\u00f3n 15 de la Fiesta del Libro y la Cultura, disfrutar\u00e1n de una bolsa de premios que alcanza los $90 millones distribuidos as\u00ed: $60 millones para el primer lugar, $20 millones para el segundo y $10 millones para el tercer puesto. Adem\u00e1s, se entregar\u00e1n hasta siete menciones de honor que no tendr\u00e1n retribuci\u00f3n econ\u00f3mica.&nbsp;<\/p>\n<p><em>\u201cLos invitamos a que se unan a esta posibilidad de participar en este premio nacional que la Biblioteca P\u00fablica Piloto, La Secretar\u00eda de Cultura Ciudadana y los Eventos del libro abren para seguir promoviendo los escritores y las lecturas fant\u00e1sticas para los ni\u00f1os y las ni\u00f1as de Colombia\u201d<\/em>, dijo la directora de la Biblioteca P\u00fablica Piloto, Shirley Zuluaga.&nbsp;&nbsp;&nbsp;<\/p>\n<p>Este premio es organizado por la Secretar\u00eda de Cultura Ciudadana, la Biblioteca P\u00fablica Piloto y los Eventos del Libro de Medell\u00edn. Para m\u00e1s informaci\u00f3n, bases y condiciones, los interesados pueden ingresar a <span><a href=\"http:\/\/www.bibliotecapiloto.gov.co\" target=\"_blank\" rel=\"noopener\" data-mce-href=\"http:\/\/www.bibliotecapiloto.gov.co\">www.bibliotecapiloto.gov.co<\/a><\/span> o escribir al correo electr\u00f3nico <span><a href=\"mailto:premionacional@bibliotecapiloto.gov.co\" target=\"_blank\" rel=\"noopener\" data-mce-href=\"mailto:premionacional@bibliotecapiloto.gov.co\">premionacional@bibliotecapiloto.gov.co<\/a><\/span>.<\/p>\n<\/div>\n<div class=\"compartir\">Compartir en:<a title=\"\" href=\"http:\/\/www.facebook.com\/share.php?u=\" class=\"btCompartirFacebook btCompartir\" target=\"_blank\" rel=\"noopener\"><\/a><a title=\"\" href=\"http:\/\/twitter.com\/home?status=Haz%20clic%20para%20ver%20esta%20noticia%20en%20\" class=\"btCompartirTwitter btCompartir\"><\/a><a title=\"\" href=\"whatsapp:\/\/send?text=Haz%20clic%20para%20ver%20esta%20noticia%20en%20\" class=\"btCompartirWa btCompartir\"><\/a><\/div>\n<\/div>\n<p><script>try{comprobarImagen();fixBtnRedes();hitsMedellin();}catch(e){}<\/script><\/div>\n","protected":false},"excerpt":{"rendered":"<p>Foto: El Premio Nacional de Literatura Infantil Pedrito Botero abre sus inscripciones. Fot\u00f3grafo: Foto Alcald\u00eda de Medelll\u00edn 2021-04-22 El Premio Nacional de Literatura Infantil Pedrito Botero abre sus inscripciones Por Paula Andrea Rend\u00f3n Su\u00e1rez .: &#8230;<\/p>\n","protected":false},"author":1,"featured_media":60283,"comment_status":"open","ping_status":"open","sticky":false,"template":"","format":"standard","meta":[],"categories":[31],"tags":[444],"formato_nota":[],"programas_tax":[],"acf":[],"_links":{"self":[{"href":"https:\/\/www.medellin.gov.co\/es\/wp-json\/wp\/v2\/posts\/36057"}],"collection":[{"href":"https:\/\/www.medellin.gov.co\/es\/wp-json\/wp\/v2\/posts"}],"about":[{"href":"https:\/\/www.medellin.gov.co\/es\/wp-json\/wp\/v2\/types\/post"}],"author":[{"embeddable":true,"href":"https:\/\/www.medellin.gov.co\/es\/wp-json\/wp\/v2\/users\/1"}],"replies":[{"embeddable":true,"href":"https:\/\/www.medellin.gov.co\/es\/wp-json\/wp\/v2\/comments?post=36057"}],"version-history":[{"count":1,"href":"https:\/\/www.medellin.gov.co\/es\/wp-json\/wp\/v2\/posts\/36057\/revisions"}],"predecessor-version":[{"id":48674,"href":"https:\/\/www.medellin.gov.co\/es\/wp-json\/wp\/v2\/posts\/36057\/revisions\/48674"}],"wp:featuredmedia":[{"embeddable":true,"href":"https:\/\/www.medellin.gov.co\/es\/wp-json\/wp\/v2\/media\/60283"}],"wp:attachment":[{"href":"https:\/\/www.medellin.gov.co\/es\/wp-json\/wp\/v2\/media?parent=36057"}],"wp:term":[{"taxonomy":"category","embeddable":true,"href":"https:\/\/www.medellin.gov.co\/es\/wp-json\/wp\/v2\/categories?post=36057"},{"taxonomy":"post_tag","embeddable":true,"href":"https:\/\/www.medellin.gov.co\/es\/wp-json\/wp\/v2\/tags?post=36057"},{"taxonomy":"formato_nota","embeddable":true,"href":"https:\/\/www.medellin.gov.co\/es\/wp-json\/wp\/v2\/formato_nota?post=36057"},{"taxonomy":"programas_tax","embeddable":true,"href":"https:\/\/www.medellin.gov.co\/es\/wp-json\/wp\/v2\/programas_tax?post=36057"}],"curies":[{"name":"wp","href":"https:\/\/api.w.org\/{rel}","templated":true}]}}