{"id":36058,"date":"2021-04-22T00:00:00","date_gmt":"2021-04-22T05:00:00","guid":{"rendered":"https:\/\/www.medellin.gov.co\/es\/saladeprensa\/noticias\/bukz-del-comercio-electronico-a-una-libreria\/"},"modified":"2022-03-27T23:18:58","modified_gmt":"2022-03-28T04:18:58","slug":"bukz-del-comercio-electronico-a-una-libreria","status":"publish","type":"post","link":"https:\/\/www.medellin.gov.co\/es\/sala-de-prensa\/noticias\/bukz-del-comercio-electronico-a-una-libreria\/","title":{"rendered":"Bukz: del comercio electr\u00f3nico a una librer\u00eda"},"content":{"rendered":"<div class=\"wrap contenido\">\n<div class=\"noticia\">\n<div class=\"imagen\">\n<div class=\"divContImageNoticia input_plantilla input_background\" data-input=\"fotografia\" ruta=\"\/galerias\/Imagenes\/Galer\u00eda d\u00eda a d\u00eda 2021\/500_400\/20210422-libreria1 (1).jpg\" fotografo=\"Foto Alcald\u00eda de Medell\u00edn\" descripcion=\"Librer\u00eda Bukz.\" style=\"background-image:url('\/irj\/go\/km\/docs\/galerias\/Imagenes\/Galer\u00eda d\u00eda a d\u00eda 2021\/500_400\/20210422-libreria1 (1).jpg')\"><\/div>\n<p class=\"pMetaDesc\">Foto: Librer\u00eda Bukz.<\/p>\n<p class=\"pMetaFotografo\">Fot\u00f3grafo: Foto Alcald\u00eda de Medell\u00edn<\/p>\n<\/div>\n<p class=\"fecha\"><span class=\"input_plantilla input_text\" data-input=\"fecha\">2021-04-22<\/span><\/p>\n<p itemprop=\"name\" class=\"input_plantilla input_text\" data-input=\"titulo\">Bukz: del comercio electr\u00f3nico a una librer\u00eda<\/p>\n<p class=\"input_plantilla input_text\" data-input=\"autor\">Por Alcald\u00eda de Medell\u00edn<\/p>\n<div class=\"cuerpo input_plantilla input_area\" data-input=\"contenido\">\n<p><em>En el barrio Provenza de Medell\u00edn abri\u00f3 sus puertas esta librer\u00eda con una convicci\u00f3n: La lectura transforma mentes.<\/em><\/p>\n<p><span>#UnLibroALaVez es una premisa que tiene la librer\u00eda Bukz. Un libro a la vez como una experiencia individual que nutre la mente y hasta el alma, porque hay libros que dejan huella en sus lectores de formas diversas a la memoria. Un libro a la vez porque para sus tres socios, la lectura es un acto social, necesario y vital.<\/span>&nbsp;<\/p>\n<p><span>Bukz es la materializaci\u00f3n de un <em>e-commerce.<\/em> \u00a1Claro! es que el primer paso de Alejandro Rubiano, fue tener una plataforma digital fortalecida para la comercializaci\u00f3n de libros, pero luego de una reuni\u00f3n de amigos, llegaron Esteban Restrepo y Natalia Osorio. Entonces, Bukz se convirti\u00f3 en una librer\u00eda f\u00edsica en el barrio Provenza de Medell\u00edn, que abri\u00f3 sus puertas en febrero de 2020.<\/span>&nbsp;<\/p>\n<p><span>Poco m\u00e1s de un mes estuvieron de puertas abiertas, a quienes llegaron a conocer este nuevo y acogedor espacio de mural amarillo con libros por todos lados. Libros dif\u00edciles de hallar, libros recomendados, de editoriales independientes, de escritores emergentes.<\/span><\/p>\n<p><span><img src=\"\/irj\/go\/km\/docs\/galerias\/Imagenes\/Galer%C3%ADa%20d%C3%ADa%20a%20d%C3%ADa%202021\/1000_450\/20210422-libreria1%20(3).jpg\" alt=\"Librer\u00eda Bukz\" width=\"100%\" data-mce-src=\"\/irj\/go\/km\/docs\/galerias\/Imagenes\/Galer%C3%ADa%20d%C3%ADa%20a%20d%C3%ADa%202021\/1000_450\/20210422-libreria1%20(3).jpg\"><\/span><\/p>\n<p><span>La pandemia, como muchos saben ya, les oblig\u00f3 a cerrar, pero no con llave. \u201c<em>Nosotros tenemos una gran fortaleza en las ventas por internet. Ven\u00edamos de trabajar de esa manera, por lo tanto, durante el tiempo en que la librer\u00eda no prest\u00f3 servicio al p\u00fablico de forma presencial, siempre estuvo en contacto con sus clientes, v\u00eda redes sociales y p\u00e1gina web, para mantener las ventas y entregar los libros a tiempo\u201d,<\/em> explica Natalia.<\/span><span><\/span><\/p>\n<p><strong><span>Y, \u00bfc\u00f3mo es eso de apostarle a una librer\u00eda?<\/span><\/strong><strong><span>&nbsp;<\/span><\/strong><\/p>\n<p><span>Dice Natalia que, desde siempre, los tres socios han tenido claro que no compiten con librer\u00edas grandes y de trayectoria en el pa\u00eds. Su apuesta es el contacto con sus clientes. Son lectores que buscan lo que les gusta, que llegan para que les recomienden qu\u00e9 leer o porque en las interacciones digitales, encontraron una calidez y un lenguaje cercano que les ha hecho comprar con confianza y compartir, a su vez, la experiencia de lectura.<\/span>&nbsp;<\/p>\n<p><em><span>\u201cIntentamos tener los libros m\u00e1s vendidos en listas como las del New York Times, traemos libros en ingl\u00e9s, de finanzas y empresariales. Tambi\u00e9n tenemos libros hist\u00f3ricos, infantiles, y novelas. Tratamos de escuchar los gustos de nuestros clientes y tener una oferta variada para que siempre se lleven el libro que quieren\u201d<\/span><\/em><span>, afirma Natalia.<\/span><\/p>\n<p><span><img src=\"\/irj\/go\/km\/docs\/galerias\/Imagenes\/Galer%C3%ADa%20d%C3%ADa%20a%20d%C3%ADa%202021\/1000_450\/20210422-libreria1%20(4).jpg\" alt=\"Librer\u00eda Bukz\" width=\"100%\" data-mce-src=\"\/irj\/go\/km\/docs\/galerias\/Imagenes\/Galer%C3%ADa%20d%C3%ADa%20a%20d%C3%ADa%202021\/1000_450\/20210422-libreria1%20(4).jpg\"><\/span><\/p>\n<p><span>Adem\u00e1s, tambi\u00e9n consideran que parte de su ADN es entender a sus diferentes p\u00fablicos que, no solo llegan por redes sociales, recomendaciones o porque encontraron la p\u00e1gina web. Es que hay quienes prefieren el ambiente de la librer\u00eda, buscar los libros con calma, leer las rese\u00f1as y conversar con los libreros para tomar una decisi\u00f3n. As\u00ed que la apuesta de estos tres j\u00f3venes es poder mantener esta claridad y comunicar de la mejor manera este proyecto.<\/span>&nbsp;<\/p>\n<p><span>Bukz tiene sue\u00f1os. Muchos. Uno de ellos es continuar creciendo. Por ahora hacen parte de las tiendas de El Planetario, El Parque Explora y un <em>co-working<\/em>. A futuro, quisieran llegar a ciudades intermedias con su apuesta de #UnLibroALaVez.<\/span><span>&nbsp;<\/span><\/p>\n<p><span>Y no pod\u00edamos despedirnos de esta nueva librer\u00eda, que adem\u00e1s est\u00e1 en ampliaci\u00f3n, con una lista para celebrar el D\u00eda del Libro y del Idioma, con sus recomendados para estos d\u00edas, as\u00ed papel y l\u00e1piz para tomar nota:<\/span><span>&nbsp;<\/span><\/p>\n<ol>\n<li><span> Los Abismos de la escritora Pilar Quintana, ganadora del Premio Alfaguara de novela 2021. <\/span><\/li>\n<li><span> Como mat\u00e9 a mi padre de la antioque\u00f1a Sara Jaramillo, Klinkert, por dem\u00e1s, el libro m\u00e1s vendido en Bukz en 2020.<\/span><\/li>\n<li><span> Esta herida llena de peces de Lorena Salazar Masso. <\/span><\/li>\n<li><span> La tejedora de coronas de Germ\u00e1n Espinosa.<\/span><\/li>\n<li><span> La estrategia emergente de Alejandro Salazar Yusti <\/span><\/li>\n<li><span> Factfulness de Hans Rosling.<\/span>&nbsp;<\/li>\n<\/ol>\n<p><span>Y recuerda que hay libros que tambi\u00e9n son salvavidas, a los que muchos se anclan en momentos clave de sus vidas, porque un libro siempre ser\u00e1 una muy buena compa\u00f1\u00eda.<\/span><\/p>\n<\/div>\n<div class=\"compartir\">Compartir en:<a title=\"\" href=\"http:\/\/www.facebook.com\/share.php?u=\" class=\"btCompartirFacebook btCompartir\" target=\"_blank\" rel=\"noopener\"><\/a><a title=\"\" href=\"http:\/\/twitter.com\/home?status=Haz%20clic%20para%20ver%20esta%20noticia%20en%20\" class=\"btCompartirTwitter btCompartir\"><\/a><a title=\"\" href=\"whatsapp:\/\/send?text=Haz%20clic%20para%20ver%20esta%20noticia%20en%20\" class=\"btCompartirWa btCompartir\"><\/a><\/div>\n<\/div>\n<p><script>try{comprobarImagen();fixBtnRedes();hitsMedellin();}catch(e){}<\/script><\/div>\n","protected":false},"excerpt":{"rendered":"<p>Foto: Librer\u00eda Bukz. Fot\u00f3grafo: Foto Alcald\u00eda de Medell\u00edn 2021-04-22 Bukz: del comercio electr\u00f3nico a una librer\u00eda Por Alcald\u00eda de Medell\u00edn En el barrio Provenza de Medell\u00edn abri\u00f3 sus puertas esta librer\u00eda con una convicci\u00f3n: La &#8230;<\/p>\n","protected":false},"author":1,"featured_media":60284,"comment_status":"open","ping_status":"open","sticky":false,"template":"","format":"standard","meta":[],"categories":[31,3],"tags":[444],"formato_nota":[],"programas_tax":[],"acf":[],"_links":{"self":[{"href":"https:\/\/www.medellin.gov.co\/es\/wp-json\/wp\/v2\/posts\/36058"}],"collection":[{"href":"https:\/\/www.medellin.gov.co\/es\/wp-json\/wp\/v2\/posts"}],"about":[{"href":"https:\/\/www.medellin.gov.co\/es\/wp-json\/wp\/v2\/types\/post"}],"author":[{"embeddable":true,"href":"https:\/\/www.medellin.gov.co\/es\/wp-json\/wp\/v2\/users\/1"}],"replies":[{"embeddable":true,"href":"https:\/\/www.medellin.gov.co\/es\/wp-json\/wp\/v2\/comments?post=36058"}],"version-history":[{"count":1,"href":"https:\/\/www.medellin.gov.co\/es\/wp-json\/wp\/v2\/posts\/36058\/revisions"}],"predecessor-version":[{"id":48676,"href":"https:\/\/www.medellin.gov.co\/es\/wp-json\/wp\/v2\/posts\/36058\/revisions\/48676"}],"wp:featuredmedia":[{"embeddable":true,"href":"https:\/\/www.medellin.gov.co\/es\/wp-json\/wp\/v2\/media\/60284"}],"wp:attachment":[{"href":"https:\/\/www.medellin.gov.co\/es\/wp-json\/wp\/v2\/media?parent=36058"}],"wp:term":[{"taxonomy":"category","embeddable":true,"href":"https:\/\/www.medellin.gov.co\/es\/wp-json\/wp\/v2\/categories?post=36058"},{"taxonomy":"post_tag","embeddable":true,"href":"https:\/\/www.medellin.gov.co\/es\/wp-json\/wp\/v2\/tags?post=36058"},{"taxonomy":"formato_nota","embeddable":true,"href":"https:\/\/www.medellin.gov.co\/es\/wp-json\/wp\/v2\/formato_nota?post=36058"},{"taxonomy":"programas_tax","embeddable":true,"href":"https:\/\/www.medellin.gov.co\/es\/wp-json\/wp\/v2\/programas_tax?post=36058"}],"curies":[{"name":"wp","href":"https:\/\/api.w.org\/{rel}","templated":true}]}}