{"id":36063,"date":"2021-04-22T00:00:00","date_gmt":"2021-04-22T05:00:00","guid":{"rendered":"https:\/\/www.medellin.gov.co\/es\/saladeprensa\/noticias\/medellin-recibio-donacion-de-la-organizacion-internacional-para-las-migraciones-oim-para-promover-derechos-sexuales-y-reproductivos\/"},"modified":"2022-03-27T23:19:04","modified_gmt":"2022-03-28T04:19:04","slug":"medellin-recibio-donacion-de-la-organizacion-internacional-para-las-migraciones-oim-para-promover-derechos-sexuales-y-reproductivos","status":"publish","type":"post","link":"https:\/\/www.medellin.gov.co\/es\/sala-de-prensa\/noticias\/medellin-recibio-donacion-de-la-organizacion-internacional-para-las-migraciones-oim-para-promover-derechos-sexuales-y-reproductivos\/","title":{"rendered":"Medell\u00edn recibi\u00f3 donaci\u00f3n de la Organizaci\u00f3n Internacional para las Migraciones (OIM) para promover derechos sexuales y reproductivos"},"content":{"rendered":"<div class=\"wrap contenido\">\n<div class=\"noticia\">\n<div class=\"imagen\">\n<div class=\"divContImageNoticia input_plantilla input_background\" data-input=\"fotografia\" ruta=\"\/galerias\/Imagenes\/Galer\u00eda d\u00eda a d\u00eda 2021\/500_400\/20210423-Derechos-Sexuales-1.jpg\" fotografo=\"Foto Alcald\u00eda de Medell\u00edn\" descripcion=\"Medell\u00edn recibi\u00f3 donaci\u00f3n de la Organizaci\u00f3n Internacional para las Migraciones (OIM) para promover derechos sexuales y reproductivos.\" style=\"background-image:url('\/irj\/go\/km\/docs\/galerias\/Imagenes\/Galer\u00eda d\u00eda a d\u00eda 2021\/500_400\/20210423-Derechos-Sexuales-1.jpg')\"><\/div>\n<p class=\"pMetaDesc\">Foto: Medell\u00edn recibi\u00f3 donaci\u00f3n de la Organizaci\u00f3n Internacional para las Migraciones (OIM) para promover derechos sexuales y reproductivos.<\/p>\n<p class=\"pMetaFotografo\">Fot\u00f3grafo: Foto Alcald\u00eda de Medell\u00edn<\/p>\n<\/div>\n<p class=\"fecha\"><span class=\"input_plantilla input_text\" data-input=\"fecha\">2021-04-23<\/span><\/p>\n<p itemprop=\"name\" class=\"input_plantilla input_text\" data-input=\"titulo\">Medell\u00edn recibi\u00f3 donaci\u00f3n de la Organizaci\u00f3n Internacional para las Migraciones (OIM) para promover derechos sexuales y reproductivos<\/p>\n<p class=\"input_plantilla input_text\" data-input=\"autor\">Por Lina Mar\u00eda Zapata V\u00e9lez<\/p>\n<div class=\"cuerpo input_plantilla input_area\" data-input=\"contenido\">\n<p>.: Las Gestoras de Igualdad llevar\u00e1n a las comunas y corregimientos estas actividades pedag\u00f3gicas.<\/p>\n<p>.: Este a\u00f1o, la Alcald\u00eda de Medell\u00edn sensibilizar\u00e1 en este tema a 10.000 personas, especialmente mujeres, y realizar\u00e1 120 acciones de movilizaci\u00f3n social.<\/p>\n<p>.: En 2020, 500 mujeres recibieron servicios en salud sexual y reproductiva, gracias a la articulaci\u00f3n con la OIM.<\/p>\n<p>La Organizaci\u00f3n Internacional para las Migraciones (OIM) entreg\u00f3 a la Administraci\u00f3n Municipal una maleta pedag\u00f3gica con diez actividades y juegos para que los ni\u00f1os, ni\u00f1as, adolescentes y mujeres de Medell\u00edn reciban herramientas acerca de sus derechos sexuales y reproductivos.<\/p>\n<p>\u201c<em>Con informaci\u00f3n y formaci\u00f3n sobre derechos sexuales y derechos reproductivos, a trav\u00e9s de la pedagog\u00eda que permite esta maleta, podremos abordar en las comunas y corregimientos temas como sexualidad, genitalidad, anticoncepci\u00f3n, prevenci\u00f3n del embarazo adolescente, infecciones de transmisi\u00f3n sexual. Agradecemos a la OIM porque esta donaci\u00f3n nos permitir\u00e1 reforzar el trabajo institucional en territorio para empoderar a las mujeres y las ni\u00f1as de sus derechos<\/em>\u201d, dijo la secretaria de las Mujeres, Juliana Mart\u00ednez Londo\u00f1o.<\/p>\n<p>La Alcald\u00eda de Medell\u00edn recibe esta donaci\u00f3n, gracias a la articulaci\u00f3n que realiz\u00f3 el a\u00f1o anterior con la OIM, la Agencia de los Estados Unidos para el Desarrollo Internacional (USAID por sus siglas en ingl\u00e9s) y Rescue, y que permiti\u00f3 el acceso de m\u00e1s de 500 mujeres a servicios de atenci\u00f3n de baja complejidad en salud.<\/p>\n<p><a data-mce-href=\"\/irj\/go\/km\/docs\/galerias\/Imagenes\/Galer%C3%ADa%20d%C3%ADa%20a%20d%C3%ADa%202021\/20210423-Derechos-Sexuales-2.jpg\" href=\"\/irj\/go\/km\/docs\/galerias\/Imagenes\/Galer%C3%ADa%20d%C3%ADa%20a%20d%C3%ADa%202021\/20210423-Derechos-Sexuales-2.jpg\" title=\"Medell\u00edn recibi\u00f3 donaci\u00f3n de la Organizaci\u00f3n Internacional para las Migraciones (OIM) para promover derechos sexuales y reproductivos \" target=\"_blank\" rel=\"noopener\"><img src=\"\/irj\/go\/km\/docs\/galerias\/Imagenes\/Galer%C3%ADa%20d%C3%ADa%20a%20d%C3%ADa%202021\/1000_450\/20210423-Derechos-Sexuales-2.jpg\" alt=\"Medell\u00edn recibi\u00f3 donaci\u00f3n de la Organizaci\u00f3n Internacional para las Migraciones (OIM) para promover derechos sexuales y reproductivos \" width=\"100%\"><\/a><br data-mce-bogus=\"1\"><\/p>\n<p>Recibieron medicamentos, citolog\u00eda, asesor\u00eda en regulaci\u00f3n de la fertilidad y aplicaci\u00f3n e inserci\u00f3n de anticonceptivos de larga duraci\u00f3n, control de gestaci\u00f3n a maternas, control de crecimiento y desarrollo para los y las ni\u00f1as asistentes con sus madres, se practicaron pruebas r\u00e1pidas de s\u00edfilis y VIH a mujeres en ejercicio de prostituci\u00f3n y la OIM entreg\u00f3 kits con implementos de aseo personal.<\/p>\n<p>\u201c<em>Debido a que las herramientas pedag\u00f3gicas de la maleta est\u00e1n separadas por edades, ha sido mucho m\u00e1s f\u00e1cil trabajar con ni\u00f1os y ni\u00f1as, con poblaci\u00f3n adolescente y con mujeres adultas. Por ejemplo, una de las herramientas tiene que ver con el mapa genital, identificar las partes del cuerpo y nombrarlas correctamente y eso es un proceso muy importante porque permite trabajar con ni\u00f1os y ni\u00f1as el tema de violencias o de acoso<\/em>\u201d, manifest\u00f3 la gestora de igualdad, Lenyn C\u00f3rdoba Palacios.<\/p>\n<p>Este a\u00f1o, el gobierno local, a trav\u00e9s de la Secretar\u00eda de las Mujeres, sensibilizar\u00e1 a 10.000 personas, especialmente a mujeres, en derechos sexuales y reproductivos y realizar\u00e1 120 acciones de movilizaci\u00f3n social sobre este mismo tema.<\/p>\n<\/div>\n<div class=\"compartir\">Compartir en:<a title=\"\" href=\"http:\/\/www.facebook.com\/share.php?u=\" class=\"btCompartirFacebook btCompartir\" target=\"_blank\" rel=\"noopener\"><\/a><a title=\"\" href=\"http:\/\/twitter.com\/home?status=Haz%20clic%20para%20ver%20esta%20noticia%20en%20\" class=\"btCompartirTwitter btCompartir\"><\/a><a title=\"\" href=\"whatsapp:\/\/send?text=Haz%20clic%20para%20ver%20esta%20noticia%20en%20\" class=\"btCompartirWa btCompartir\"><\/a><\/div>\n<\/div>\n<p><script>try{comprobarImagen();fixBtnRedes();hitsMedellin();}catch(e){}<\/script><\/div>\n","protected":false},"excerpt":{"rendered":"<p>Foto: Medell\u00edn recibi\u00f3 donaci\u00f3n de la Organizaci\u00f3n Internacional para las Migraciones (OIM) para promover derechos sexuales y reproductivos. Fot\u00f3grafo: Foto Alcald\u00eda de Medell\u00edn 2021-04-23 Medell\u00edn recibi\u00f3 donaci\u00f3n de la Organizaci\u00f3n Internacional para las Migraciones (OIM) &#8230;<\/p>\n","protected":false},"author":1,"featured_media":60288,"comment_status":"open","ping_status":"open","sticky":false,"template":"","format":"standard","meta":[],"categories":[534,15],"tags":[431,434,452],"formato_nota":[],"programas_tax":[],"acf":[],"_links":{"self":[{"href":"https:\/\/www.medellin.gov.co\/es\/wp-json\/wp\/v2\/posts\/36063"}],"collection":[{"href":"https:\/\/www.medellin.gov.co\/es\/wp-json\/wp\/v2\/posts"}],"about":[{"href":"https:\/\/www.medellin.gov.co\/es\/wp-json\/wp\/v2\/types\/post"}],"author":[{"embeddable":true,"href":"https:\/\/www.medellin.gov.co\/es\/wp-json\/wp\/v2\/users\/1"}],"replies":[{"embeddable":true,"href":"https:\/\/www.medellin.gov.co\/es\/wp-json\/wp\/v2\/comments?post=36063"}],"version-history":[{"count":1,"href":"https:\/\/www.medellin.gov.co\/es\/wp-json\/wp\/v2\/posts\/36063\/revisions"}],"predecessor-version":[{"id":48685,"href":"https:\/\/www.medellin.gov.co\/es\/wp-json\/wp\/v2\/posts\/36063\/revisions\/48685"}],"wp:featuredmedia":[{"embeddable":true,"href":"https:\/\/www.medellin.gov.co\/es\/wp-json\/wp\/v2\/media\/60288"}],"wp:attachment":[{"href":"https:\/\/www.medellin.gov.co\/es\/wp-json\/wp\/v2\/media?parent=36063"}],"wp:term":[{"taxonomy":"category","embeddable":true,"href":"https:\/\/www.medellin.gov.co\/es\/wp-json\/wp\/v2\/categories?post=36063"},{"taxonomy":"post_tag","embeddable":true,"href":"https:\/\/www.medellin.gov.co\/es\/wp-json\/wp\/v2\/tags?post=36063"},{"taxonomy":"formato_nota","embeddable":true,"href":"https:\/\/www.medellin.gov.co\/es\/wp-json\/wp\/v2\/formato_nota?post=36063"},{"taxonomy":"programas_tax","embeddable":true,"href":"https:\/\/www.medellin.gov.co\/es\/wp-json\/wp\/v2\/programas_tax?post=36063"}],"curies":[{"name":"wp","href":"https:\/\/api.w.org\/{rel}","templated":true}]}}