{"id":36064,"date":"2021-04-23T00:00:00","date_gmt":"2021-04-23T05:00:00","guid":{"rendered":"https:\/\/www.medellin.gov.co\/es\/saladeprensa\/noticias\/con-maraton-de-lecturas-telefonicas-y-poemas-para-el-personal-medico-medellin-celebra-el-dia-del-idioma\/"},"modified":"2022-03-27T23:19:05","modified_gmt":"2022-03-28T04:19:05","slug":"con-maraton-de-lecturas-telefonicas-y-poemas-para-el-personal-medico-medellin-celebra-el-dia-del-idioma","status":"publish","type":"post","link":"https:\/\/www.medellin.gov.co\/es\/sala-de-prensa\/noticias\/con-maraton-de-lecturas-telefonicas-y-poemas-para-el-personal-medico-medellin-celebra-el-dia-del-idioma\/","title":{"rendered":"Con marat\u00f3n de lecturas telef\u00f3nicas y poemas para el personal m\u00e9dico, Medell\u00edn celebra el D\u00eda del Idioma"},"content":{"rendered":"<div class=\"wrap contenido\">\n<div class=\"noticia\">\n<div class=\"imagen\">\n<div class=\"divContImageNoticia input_plantilla input_background\" data-input=\"fotografia\" ruta=\"\/galerias\/Imagenes\/Galer\u00eda d\u00eda a d\u00eda 2021\/500_400\/20210423-Lecturas-Telef\u00f3nicas-1.jpg\" fotografo=\"Foto Alcald\u00eda de Medell\u00edn\" descripcion=\"Con marat\u00f3n de lecturas telef\u00f3nicas y poemas para el personal m\u00e9dico, Medell\u00edn celebra el D\u00eda del Idioma.\" style=\"background-image:url('\/irj\/go\/km\/docs\/galerias\/Imagenes\/Galer\u00eda d\u00eda a d\u00eda 2021\/500_400\/20210423-Lecturas-Telef\u00f3nicas-1.jpg')\"><\/div>\n<p class=\"pMetaDesc\">Foto: Con marat\u00f3n de lecturas telef\u00f3nicas y poemas para el personal m\u00e9dico, Medell\u00edn celebra el D\u00eda del Idioma.<\/p>\n<p class=\"pMetaFotografo\">Fot\u00f3grafo: Foto Alcald\u00eda de Medell\u00edn<\/p>\n<\/div>\n<p class=\"fecha\"><span class=\"input_plantilla input_text\" data-input=\"fecha\">2021-04-23<\/span><\/p>\n<p itemprop=\"name\" class=\"input_plantilla input_text\" data-input=\"titulo\">Con marat\u00f3n de lecturas telef\u00f3nicas y poemas para el personal m\u00e9dico, Medell\u00edn celebra el D\u00eda del Idioma<\/p>\n<p class=\"input_plantilla input_text\" data-input=\"autor\">Por Nidia Stella Escobar Cruz<\/p>\n<div class=\"cuerpo input_plantilla input_area\" data-input=\"contenido\">\n<p>&nbsp;.: Desde el Sistema de Bibliotecas P\u00fablicas de Medell\u00edn se ofrecer\u00e1n m\u00e1s de 20 actividades virtuales como lecturas y lanzamientos de libros.<\/p>\n<p>.: Durante todo el d\u00eda se realizar\u00e1n 850 lecturas telef\u00f3nicas como regalos literarios a la ciudadan\u00eda.<\/p>\n<p>.: El personal m\u00e9dico y hospitalario recibir\u00e1 dedicatorias de poemas como mensajes de aliento y agradecimiento por su labor.<\/p>\n<p>Este viernes 23 de abril, D\u00eda del Idioma, Medell\u00edn celebrar\u00e1 con palabras que curan el alma. Una marat\u00f3n de lecturas telef\u00f3nicas, dedicatorias de poemas para el personal m\u00e9dico y hospitalario, y m\u00e1s de 20 actividades para disfrutar en la virtualidad, hacen parte de la programaci\u00f3n que ofrece la Alcald\u00eda de Medell\u00edn, a trav\u00e9s del Sistema de Bibliotecas P\u00fablicas.<\/p>\n<p>\u201c<em>Tendremos una marat\u00f3n de lecturas telef\u00f3nicas donde llamaremos a dedicarles poemas y cuentos a cientos de ciudadanos que se inscribieron previamente. Tambi\u00e9n un homenaje al personal m\u00e9dico de nuestra ciudad con literatura para el alma, literatura para esos corazones, en este momento, de dolor. Y tambi\u00e9n, m\u00e1s de 20 actividades que podremos disfrutar en <a href=\"https:\/\/bibliotecasmedellin.gov.co\/\" data-mce-href=\"https:\/\/bibliotecasmedellin.gov.co\/\">https:\/\/bibliotecasmedellin.gov.co\/<\/a> y en las redes sociales<\/em>\u201d, expres\u00f3 el subsecretario de Bibliotecas, Lectura y Patrimonio, Sebasti\u00e1n Trujillo Osorio.<\/p>\n<p>La actividad m\u00e1s destacada ser\u00e1 la marat\u00f3n de lecturas telef\u00f3nicas, mediante la cual, el personal de las bibliotecas p\u00fablicas realizar\u00e1 850 llamadas a los ciudadanos que, previamente inscritos (hasta el 21 de abril), solicitaron para ellos mismos o para un ser querido la lectura de un cuento o poema.<\/p>\n<p><a data-mce-href=\"\/irj\/go\/km\/docs\/galerias\/Imagenes\/Galer%C3%ADa%20d%C3%ADa%20a%20d%C3%ADa%202021\/20210423-Lecturas-Telef\u00f3nicas-2.jpg\" href=\"\/irj\/go\/km\/docs\/galerias\/Imagenes\/Galer%C3%ADa%20d%C3%ADa%20a%20d%C3%ADa%202021\/20210423-Lecturas-Telef\u00f3nicas-2.jpg\" title=\"Con marat\u00f3n de lecturas telef\u00f3nicas y poemas para el personal m\u00e9dico, Medell\u00edn celebra el D\u00eda del Idioma\" target=\"_blank\" rel=\"noopener\"><img src=\"\/irj\/go\/km\/docs\/galerias\/Imagenes\/Galer%C3%ADa%20d%C3%ADa%20a%20d%C3%ADa%202021\/1000_450\/20210423-Lecturas-Telef\u00f3nicas-2.jpg\" alt=\"Con marat\u00f3n de lecturas telef\u00f3nicas y poemas para el personal m\u00e9dico, Medell\u00edn celebra el D\u00eda del Idioma\" width=\"100%\"><\/a><br data-mce-bogus=\"1\"><\/p>\n<p>El personal m\u00e9dico y hospitalario de la ciudad tambi\u00e9n recibir\u00e1 durante el d\u00eda, un regalo literario muy especial: dedicatorias de poemas, en reconocimiento a su labor, su entrega y por no dejar apagar la luz en la adversidad.<\/p>\n<p>A trav\u00e9s de WhatsApp, correo electr\u00f3nico o incluso por altavoces, escuchar\u00e1n poemas como \u201cGratitud\u201d, del poeta argentino Oliverio Girondo; \u201cNo te rindas\u201d, del uruguayo Mario Benedetti; y \u201cCuando vayan mal las cosas\u201d de Rudyard Kipling, en las voces de los gestores de lectura del Sistema de Bibliotecas P\u00fablicas de Medell\u00edn.&nbsp;<\/p>\n<p>\u201c<em>Hoy, la celebraci\u00f3n del D\u00eda del Idioma es una de las razones para elogiar las letras y las lecturas por tel\u00e9fono, esta actividad que les ha acompa\u00f1ado a ustedes en este confinamiento llegando hasta sus hogares con diferentes lecturas, cuentos, fragmentos literarios y poes\u00eda<\/em>\u201d, indic\u00f3 Mery Cardona, gestora de lectura del Parque Biblioteca Tom\u00e1s Carrasquilla \u2013 La Quintana.<\/p>\n<p>A las dedicatorias de poemas se han vinculado la Secretar\u00eda de Salud, Metrosalud, el Hospital General de Medell\u00edn, la L\u00ednea 123 Social de la Secretar\u00eda de Inclusi\u00f3n Social, Familia y Derechos Humanos, y varias cl\u00ednicas y hospitales de la ciudad que compartir\u00e1n los poemas al personal m\u00e9dico y hospitalario que lucha intensamente por salvar vidas.<\/p>\n<p>El D\u00eda del Idioma tambi\u00e9n marca la apertura del Seminario de Literatura Juvenil que, en su edici\u00f3n 30, tiene como tema central las formas de la oralidad. Por medio de charlas y encuentros se tratar\u00e1n temas como las bibliotecas humanas (personas con mucho conocimiento), los cantos de vaquer\u00eda, los alabaos, la tecnolog\u00eda de las palabras y hasta la oralidad en las redes sociales.<\/p>\n<p>En la p\u00e1gina <a href=\"https:\/\/bibliotecasmedellin.gov.co\/\" data-mce-href=\"https:\/\/bibliotecasmedellin.gov.co\/\">https:\/\/bibliotecasmedellin.gov.co\/<\/a> se puede acceder a toda la programaci\u00f3n virtual del D\u00eda del Idioma, as\u00ed como a las actividades abiertas y sin previa inscripci\u00f3n del Seminario de Literatura Juvenil que ir\u00e1 hasta el 29 de abril.<\/p>\n<\/div>\n<div class=\"compartir\">Compartir en:<a title=\"\" href=\"http:\/\/www.facebook.com\/share.php?u=\" class=\"btCompartirFacebook btCompartir\" target=\"_blank\" rel=\"noopener\"><\/a><a title=\"\" href=\"http:\/\/twitter.com\/home?status=Haz%20clic%20para%20ver%20esta%20noticia%20en%20\" class=\"btCompartirTwitter btCompartir\"><\/a><a title=\"\" href=\"whatsapp:\/\/send?text=Haz%20clic%20para%20ver%20esta%20noticia%20en%20\" class=\"btCompartirWa btCompartir\"><\/a><\/div>\n<\/div>\n<p><script>try{comprobarImagen();fixBtnRedes();hitsMedellin();}catch(e){}<\/script><\/div>\n","protected":false},"excerpt":{"rendered":"<p>Foto: Con marat\u00f3n de lecturas telef\u00f3nicas y poemas para el personal m\u00e9dico, Medell\u00edn celebra el D\u00eda del Idioma. Fot\u00f3grafo: Foto Alcald\u00eda de Medell\u00edn 2021-04-23 Con marat\u00f3n de lecturas telef\u00f3nicas y poemas para el personal m\u00e9dico, &#8230;<\/p>\n","protected":false},"author":1,"featured_media":60289,"comment_status":"open","ping_status":"open","sticky":false,"template":"","format":"standard","meta":[],"categories":[31,12],"tags":[444],"formato_nota":[],"programas_tax":[],"acf":[],"_links":{"self":[{"href":"https:\/\/www.medellin.gov.co\/es\/wp-json\/wp\/v2\/posts\/36064"}],"collection":[{"href":"https:\/\/www.medellin.gov.co\/es\/wp-json\/wp\/v2\/posts"}],"about":[{"href":"https:\/\/www.medellin.gov.co\/es\/wp-json\/wp\/v2\/types\/post"}],"author":[{"embeddable":true,"href":"https:\/\/www.medellin.gov.co\/es\/wp-json\/wp\/v2\/users\/1"}],"replies":[{"embeddable":true,"href":"https:\/\/www.medellin.gov.co\/es\/wp-json\/wp\/v2\/comments?post=36064"}],"version-history":[{"count":1,"href":"https:\/\/www.medellin.gov.co\/es\/wp-json\/wp\/v2\/posts\/36064\/revisions"}],"predecessor-version":[{"id":48687,"href":"https:\/\/www.medellin.gov.co\/es\/wp-json\/wp\/v2\/posts\/36064\/revisions\/48687"}],"wp:featuredmedia":[{"embeddable":true,"href":"https:\/\/www.medellin.gov.co\/es\/wp-json\/wp\/v2\/media\/60289"}],"wp:attachment":[{"href":"https:\/\/www.medellin.gov.co\/es\/wp-json\/wp\/v2\/media?parent=36064"}],"wp:term":[{"taxonomy":"category","embeddable":true,"href":"https:\/\/www.medellin.gov.co\/es\/wp-json\/wp\/v2\/categories?post=36064"},{"taxonomy":"post_tag","embeddable":true,"href":"https:\/\/www.medellin.gov.co\/es\/wp-json\/wp\/v2\/tags?post=36064"},{"taxonomy":"formato_nota","embeddable":true,"href":"https:\/\/www.medellin.gov.co\/es\/wp-json\/wp\/v2\/formato_nota?post=36064"},{"taxonomy":"programas_tax","embeddable":true,"href":"https:\/\/www.medellin.gov.co\/es\/wp-json\/wp\/v2\/programas_tax?post=36064"}],"curies":[{"name":"wp","href":"https:\/\/api.w.org\/{rel}","templated":true}]}}