{"id":360771,"date":"2024-11-03T09:59:42","date_gmt":"2024-11-03T14:59:42","guid":{"rendered":"https:\/\/www.medellin.gov.co\/es\/?p=360771"},"modified":"2024-11-03T09:59:42","modified_gmt":"2024-11-03T14:59:42","slug":"las-104-iniciativas-que-aspiran-a-los-premios-medellin-investiga-fortalecen-los-avances-del-distrito-de-ciencia-tecnologia-e-innovacion","status":"publish","type":"post","link":"https:\/\/www.medellin.gov.co\/es\/sala-de-prensa\/noticias\/las-104-iniciativas-que-aspiran-a-los-premios-medellin-investiga-fortalecen-los-avances-del-distrito-de-ciencia-tecnologia-e-innovacion\/","title":{"rendered":"Las 104 iniciativas que aspiran a los Premios Medell\u00edn Investiga fortalecen los avances del Distrito de Ciencia, Tecnolog\u00eda e Innovaci\u00f3n"},"content":{"rendered":"<ul>\n<li class=\"p1\"><b>Se entregar\u00e1n 19 reconocimientos en tres categor\u00edas, con est\u00edmulos por <\/b><b>un total de $391 millones.<\/b><\/li>\n<li class=\"p1\"><b>El 6 de noviembre habr\u00e1 un foro con expertos locales y nacionales, y el 28 <\/b><b>de noviembre se celebrar\u00e1 la gala de premiaci\u00f3n.<\/b><\/li>\n<\/ul>\n<!--[if lt IE 9]><script>document.createElement('audio');<\/script><![endif]-->\n\t<div class=\"wp-playlist wp-audio-playlist wp-playlist-light\">\n\t\t\t<div class=\"wp-playlist-current-item\"><\/div>\n\t\t<audio controls=\"controls\" preload=\"none\" width=\"640\"\n\t\t\t><\/audio>\n\t<div class=\"wp-playlist-next\"><\/div>\n\t<div class=\"wp-playlist-prev\"><\/div>\n\t<noscript>\n\t<ol>\n\t\t<li><a href='https:\/\/www.medellin.gov.co\/es\/wp-content\/uploads\/2024\/11\/premios-medellin-01.mp3'>Palabras de Salom\u00f3n Cruz, director de Sapiencia<\/a><\/li><li><a href='https:\/\/www.medellin.gov.co\/es\/wp-content\/uploads\/2024\/11\/premios-medellin-02.mp3'>Palabras de Santiago Echavarr\u00eda Escobar, director del Centro de Ciencia y Tecnolog\u00eda de Antioquia \u2013 CTA \u2013<\/a><\/li>\t<\/ol>\n\t<\/noscript>\n\t<script type=\"application\/json\" class=\"wp-playlist-script\">{\"type\":\"audio\",\"tracklist\":true,\"tracknumbers\":true,\"images\":true,\"artists\":true,\"tracks\":[{\"src\":\"https:\\\/\\\/www.medellin.gov.co\\\/es\\\/wp-content\\\/uploads\\\/2024\\\/11\\\/premios-medellin-01.mp3\",\"type\":\"audio\\\/mpeg\",\"title\":\"Palabras de Salom\\u00f3n Cruz, director de Sapiencia\",\"caption\":\"\",\"description\":\"\\u00abPalabras de Salom\\u00f3n Cruz, director de Sapiencia\\u00bb.\",\"meta\":{\"length_formatted\":\"1:03\"},\"image\":{\"src\":\"https:\\\/\\\/www.medellin.gov.co\\\/es\\\/wp-includes\\\/images\\\/media\\\/audio.png\",\"width\":48,\"height\":64},\"thumb\":{\"src\":\"https:\\\/\\\/www.medellin.gov.co\\\/es\\\/wp-includes\\\/images\\\/media\\\/audio.png\",\"width\":48,\"height\":64}},{\"src\":\"https:\\\/\\\/www.medellin.gov.co\\\/es\\\/wp-content\\\/uploads\\\/2024\\\/11\\\/premios-medellin-02.mp3\",\"type\":\"audio\\\/mpeg\",\"title\":\"Palabras de Santiago Echavarr\\u00eda Escobar, director del Centro de Ciencia y Tecnolog\\u00eda de Antioquia \\u2013 CTA \\u2013\",\"caption\":\"\",\"description\":\"\\u00abPalabras de Santiago Echavarr\\u00eda Escobar, director del Centro de Ciencia y Tecnolog\\u00eda de Antioquia \\u2013 CTA \\u2013\\u00bb.\",\"meta\":{\"length_formatted\":\"1:24\"},\"image\":{\"src\":\"https:\\\/\\\/www.medellin.gov.co\\\/es\\\/wp-includes\\\/images\\\/media\\\/audio.png\",\"width\":48,\"height\":64},\"thumb\":{\"src\":\"https:\\\/\\\/www.medellin.gov.co\\\/es\\\/wp-includes\\\/images\\\/media\\\/audio.png\",\"width\":48,\"height\":64}}]}<\/script>\n<\/div>\n\t\n<p class=\"p1\">Medell\u00edn avanza hacia la consolidaci\u00f3n de un ecosistema de ciencia, tecnolog\u00eda\u00a0e innovaci\u00f3n, como lo demuestran los proyectos inscritos a los Premios Medell\u00edn\u00a0Investiga 2024, organizados por Sapiencia, la Agencia de Educaci\u00f3n\u00a0Postsecundaria de la ciudad. En total, se recibieron 104 postulaciones de\u00a0investigadores, docentes y estudiantes de 15 instituciones de educaci\u00f3n superior\u00a0y centros de investigaci\u00f3n.<\/p>\n<div id=\"attachment_360779\" style=\"width: 1210px\" class=\"wp-caption aligncenter\"><a href=\"https:\/\/www.medellin.gov.co\/es\/wp-content\/uploads\/2024\/11\/premios-medellin-3.jpg\" target=\"_blank\" rel=\"noopener\"><img aria-describedby=\"caption-attachment-360779\" loading=\"lazy\" class=\"wp-image-360779 size-full\" title=\"Las 104 iniciativas que aspiran a los Premios Medell\u00edn Investiga fortalecen los avances del Distrito de Ciencia, Tecnolog\u00eda e Innovaci\u00f3n\" src=\"https:\/\/www.medellin.gov.co\/es\/wp-content\/uploads\/2024\/11\/premios-medellin-3.jpg\" alt=\"Las 104 iniciativas que aspiran a los Premios Medell\u00edn Investiga fortalecen los avances del Distrito de Ciencia, Tecnolog\u00eda e Innovaci\u00f3n\" width=\"1200\" height=\"799\" srcset=\"https:\/\/www.medellin.gov.co\/es\/wp-content\/uploads\/2024\/11\/premios-medellin-3.jpg 1200w, https:\/\/www.medellin.gov.co\/es\/wp-content\/uploads\/2024\/11\/premios-medellin-3-300x200.jpg 300w, https:\/\/www.medellin.gov.co\/es\/wp-content\/uploads\/2024\/11\/premios-medellin-3-1024x682.jpg 1024w, https:\/\/www.medellin.gov.co\/es\/wp-content\/uploads\/2024\/11\/premios-medellin-3-150x100.jpg 150w, https:\/\/www.medellin.gov.co\/es\/wp-content\/uploads\/2024\/11\/premios-medellin-3-768x511.jpg 768w\" sizes=\"(max-width: 1200px) 100vw, 1200px\" \/><\/a><p id=\"caption-attachment-360779\" class=\"wp-caption-text\">Las 104 iniciativas que aspiran a los Premios Medell\u00edn Investiga fortalecen los avances del Distrito de Ciencia, Tecnolog\u00eda e Innovaci\u00f3n &#8211; Foto alcaldia de Medell\u00edn<\/p><\/div>\n<p class=\"p1\"><i>\u201cEstos premios representan un aporte que la Alcald\u00eda de Medell\u00edn, a trav\u00e9s de\u00a0<\/i><i>Sapiencia, en alianza con el CTA, hace a la ciudad. Hemos recibido proyectos\u00a0<\/i><i>que abordan problem\u00e1ticas locales en salud, inteligencia artificial y medio\u00a0<\/i><i>ambiente, demostrando un enfoque multidisciplinario que contribuye a este\u00a0<\/i><i>sue\u00f1o de consolidar a Medell\u00edn como un ecosistema de ciencia, tecnolog\u00eda e\u00a0<\/i><i>innovaci\u00f3n\u201d,<\/i> expres\u00f3 el director de Sapiencia, Salom\u00f3n Cruz Zirene.<\/p>\n<p class=\"p1\">La convocatoria muestra la diversidad de proyectos que reflejan un enfoque\u00a0articulado con las necesidades del territorio. Por ejemplo, en el \u00e1rea de salud se\u00a0destacan investigaciones sobre la fisiopatolog\u00eda de la hipertensi\u00f3n arterial y la\u00a0inclusi\u00f3n de personas con discapacidad visual o neurol\u00f3gica; en ingenier\u00eda y\u00a0tecnolog\u00eda sobresalen propuestas de automatizaci\u00f3n, inteligencia artificial,\u00a0rob\u00f3tica, biotecnolog\u00eda y sostenibilidad; y desde las ciencias naturales se\u00a0postularon estudios sobre la erosi\u00f3n de suelos y la conservaci\u00f3n del medio\u00a0ambiente, entre otros.<\/p>\n<div id=\"attachment_360781\" style=\"width: 1210px\" class=\"wp-caption aligncenter\"><a href=\"https:\/\/www.medellin.gov.co\/es\/wp-content\/uploads\/2024\/11\/premios-medellin-4.jpg\" target=\"_blank\" rel=\"noopener\"><img aria-describedby=\"caption-attachment-360781\" loading=\"lazy\" class=\"wp-image-360781 size-full\" title=\" Las 104 iniciativas que aspiran a los Premios Medell\u00edn Investiga fortalecen los avances del Distrito de Ciencia, Tecnolog\u00eda e Innovaci\u00f3n\" src=\"https:\/\/www.medellin.gov.co\/es\/wp-content\/uploads\/2024\/11\/premios-medellin-4.jpg\" alt=\"Las 104 iniciativas que aspiran a los Premios Medell\u00edn Investiga fortalecen los avances del Distrito de Ciencia, Tecnolog\u00eda e Innovaci\u00f3n\" width=\"1200\" height=\"799\" srcset=\"https:\/\/www.medellin.gov.co\/es\/wp-content\/uploads\/2024\/11\/premios-medellin-4.jpg 1200w, https:\/\/www.medellin.gov.co\/es\/wp-content\/uploads\/2024\/11\/premios-medellin-4-300x200.jpg 300w, https:\/\/www.medellin.gov.co\/es\/wp-content\/uploads\/2024\/11\/premios-medellin-4-1024x682.jpg 1024w, https:\/\/www.medellin.gov.co\/es\/wp-content\/uploads\/2024\/11\/premios-medellin-4-150x100.jpg 150w, https:\/\/www.medellin.gov.co\/es\/wp-content\/uploads\/2024\/11\/premios-medellin-4-768x511.jpg 768w\" sizes=\"(max-width: 1200px) 100vw, 1200px\" \/><\/a><p id=\"caption-attachment-360781\" class=\"wp-caption-text\">Las 104 iniciativas que aspiran a los Premios Medell\u00edn Investiga fortalecen los avances del Distrito de Ciencia, Tecnolog\u00eda e Innovaci\u00f3n<\/p><\/div>\n<p class=\"p1\">Por instituciones de educaci\u00f3n superior, la Universidad de Antioquia lider\u00f3 las\u00a0postulaciones con 36 proyectos, seguida por EAFIT con 22 y la Universidad Pontificia Bolivariana con 17, la Instituci\u00f3n Universitaria ITM con siete, el CES y\u00a0la Universidad Nacional de Colombia Sede Medell\u00edn con cinco cada una\u00a0Tambi\u00e9n participaron la Instituci\u00f3n Universitaria Pascual Bravo, la Corporaci\u00f3n\u00a0Universitaria Adventista, el Colegio Mayor de Antioquia, la Instituci\u00f3n\u00a0Universitaria Digital de Antioquia, el Polit\u00e9cnico Colombiano Jaime Isaza\u00a0Cadavid, la Universidad de San Buenaventura y la Universidad Nacional Abierta\u00a0y a Distancia.<\/p>\n<p class=\"p1\"><i>\u201cLa ciencia y la tecnolog\u00eda aplicadas, especialmente en salud, la automatizaci\u00f3n\u00a0<\/i><i>y la ingenier\u00eda, se posicionan como pilares fundamentales para el avance de la\u00a0<\/i><i>sociedad. Un aspecto destacado de los proyectos postulados es su enfoque\u00a0<\/i><i>multidisciplinario, en el que se presentan interrelaciones como ciencia biom\u00e9dica\u00a0<\/i><i>con nanotecnolog\u00eda, econom\u00eda con desarrollo urbano y rob\u00f3tica con materiales\u00a0<\/i><i>sostenibles. Este enfoque integrador impulsa soluciones complejas y relevantes\u00a0<\/i><i>a los desaf\u00edos actuales de la ciudad, en clave de la producci\u00f3n de conocimiento,\u00a0<\/i><i>con un desarrollo m\u00e1s inclusivo y sostenible\u201d<\/i>, a\u00f1adi\u00f3 el director del Centro de\u00a0Ciencia y Tecnolog\u00eda de Antioquia (CTA), Santiago Echavarr\u00eda Escobar.<\/p>\n<div id=\"attachment_360772\" style=\"width: 1210px\" class=\"wp-caption aligncenter\"><a href=\"https:\/\/www.medellin.gov.co\/es\/wp-content\/uploads\/2024\/11\/premios-medellin-1.jpg\" target=\"_blank\" rel=\"noopener\"><img aria-describedby=\"caption-attachment-360772\" loading=\"lazy\" class=\"wp-image-360772 size-full\" title=\"Las 104 iniciativas que aspiran a los Premios Medell\u00edn Investiga fortalecen los avances del Distrito de Ciencia, Tecnolog\u00eda e Innovaci\u00f3n\" src=\"https:\/\/www.medellin.gov.co\/es\/wp-content\/uploads\/2024\/11\/premios-medellin-1.jpg\" alt=\"Las 104 iniciativas que aspiran a los Premios Medell\u00edn Investiga fortalecen los avances del Distrito de Ciencia, Tecnolog\u00eda e Innovaci\u00f3n\" width=\"1200\" height=\"675\" srcset=\"https:\/\/www.medellin.gov.co\/es\/wp-content\/uploads\/2024\/11\/premios-medellin-1.jpg 1200w, https:\/\/www.medellin.gov.co\/es\/wp-content\/uploads\/2024\/11\/premios-medellin-1-300x169.jpg 300w, https:\/\/www.medellin.gov.co\/es\/wp-content\/uploads\/2024\/11\/premios-medellin-1-1024x576.jpg 1024w, https:\/\/www.medellin.gov.co\/es\/wp-content\/uploads\/2024\/11\/premios-medellin-1-150x84.jpg 150w, https:\/\/www.medellin.gov.co\/es\/wp-content\/uploads\/2024\/11\/premios-medellin-1-768x432.jpg 768w\" sizes=\"(max-width: 1200px) 100vw, 1200px\" \/><\/a><p id=\"caption-attachment-360772\" class=\"wp-caption-text\">Las 104 iniciativas que aspiran a los Premios Medell\u00edn Investiga fortalecen los avances del Distrito de Ciencia, Tecnolog\u00eda e Innovaci\u00f3n &#8211; Foto alcaldia de Medell\u00edn<\/p><\/div>\n<p class=\"p1\">En la gala del 28 de noviembre se entregar\u00e1n 19 premios en tres categor\u00edas. En\u00a0la categor\u00eda \u00abDistinci\u00f3n Alcald\u00eda de Medell\u00edn\u201d se premiar\u00e1 a una persona con un\u00a0incentivo de $9 millones; en la categor\u00eda \u00abPremio a la Investigaci\u00f3n de Mayor\u00a0Impacto en el A\u00f1o\u00bb ser\u00e1n cinco los ganadores que recibir\u00e1n $40 millones cada\u00a0uno. Finalmente, en \u00abPremio a Estudiantes de Pregrado Destacados por su\u00a0Vinculaci\u00f3n a la Investigaci\u00f3n\u00bb se entregar\u00e1n 13 premios de $14 millones cada\u00a0uno.<\/p>\n<p class=\"p1\">Como parte de la programaci\u00f3n, el 6 de noviembre se realizar\u00e1 el foro \u201cLa\u00a0Transformaci\u00f3n Digital y Sostenible\u201d, en la Ciudadela de Occidente \u2013 C4TA, con\u00a0previa inscripci\u00f3n. El evento se desarrollar\u00e1 de 8:00 a. m. a 12:00 m.<\/p>\n<p class=\"p1\">Para inscripciones, informaci\u00f3n sobre el foro y la gala de los Premios Medell\u00edn\u00a0<span class=\"s1\">Investiga est\u00e1 disponible: <\/span><a href=\"https:\/\/premiosinvestigacionmedellin.org\" target=\"_blank\" rel=\"noopener\">https:\/\/premiosinvestigacionmedellin.org<\/a><span class=\"s1\">.<\/span><\/p>\n","protected":false},"excerpt":{"rendered":"<p>Se entregar\u00e1n 19 reconocimientos en tres categor\u00edas, con est\u00edmulos por un total de $391 millones. El 6 de noviembre habr\u00e1 un foro con expertos locales y nacionales, y el 28 de noviembre se celebrar\u00e1 la &#8230;<\/p>\n","protected":false},"author":84,"featured_media":360776,"comment_status":"open","ping_status":"open","sticky":false,"template":"","format":"standard","meta":[],"categories":[17],"tags":[711,455,692],"formato_nota":[],"programas_tax":[],"acf":[],"_links":{"self":[{"href":"https:\/\/www.medellin.gov.co\/es\/wp-json\/wp\/v2\/posts\/360771"}],"collection":[{"href":"https:\/\/www.medellin.gov.co\/es\/wp-json\/wp\/v2\/posts"}],"about":[{"href":"https:\/\/www.medellin.gov.co\/es\/wp-json\/wp\/v2\/types\/post"}],"author":[{"embeddable":true,"href":"https:\/\/www.medellin.gov.co\/es\/wp-json\/wp\/v2\/users\/84"}],"replies":[{"embeddable":true,"href":"https:\/\/www.medellin.gov.co\/es\/wp-json\/wp\/v2\/comments?post=360771"}],"version-history":[{"count":1,"href":"https:\/\/www.medellin.gov.co\/es\/wp-json\/wp\/v2\/posts\/360771\/revisions"}],"predecessor-version":[{"id":360783,"href":"https:\/\/www.medellin.gov.co\/es\/wp-json\/wp\/v2\/posts\/360771\/revisions\/360783"}],"wp:featuredmedia":[{"embeddable":true,"href":"https:\/\/www.medellin.gov.co\/es\/wp-json\/wp\/v2\/media\/360776"}],"wp:attachment":[{"href":"https:\/\/www.medellin.gov.co\/es\/wp-json\/wp\/v2\/media?parent=360771"}],"wp:term":[{"taxonomy":"category","embeddable":true,"href":"https:\/\/www.medellin.gov.co\/es\/wp-json\/wp\/v2\/categories?post=360771"},{"taxonomy":"post_tag","embeddable":true,"href":"https:\/\/www.medellin.gov.co\/es\/wp-json\/wp\/v2\/tags?post=360771"},{"taxonomy":"formato_nota","embeddable":true,"href":"https:\/\/www.medellin.gov.co\/es\/wp-json\/wp\/v2\/formato_nota?post=360771"},{"taxonomy":"programas_tax","embeddable":true,"href":"https:\/\/www.medellin.gov.co\/es\/wp-json\/wp\/v2\/programas_tax?post=360771"}],"curies":[{"name":"wp","href":"https:\/\/api.w.org\/{rel}","templated":true}]}}