{"id":360786,"date":"2024-11-03T13:31:03","date_gmt":"2024-11-03T18:31:03","guid":{"rendered":"https:\/\/www.medellin.gov.co\/es\/?p=360786"},"modified":"2024-11-03T13:31:03","modified_gmt":"2024-11-03T18:31:03","slug":"la-alcaldia-de-medellin-promueve-el-futbol-en-paz-en-las-instituciones-educativas","status":"publish","type":"post","link":"https:\/\/www.medellin.gov.co\/es\/sala-de-prensa\/noticias\/la-alcaldia-de-medellin-promueve-el-futbol-en-paz-en-las-instituciones-educativas\/","title":{"rendered":"La Alcald\u00eda de Medell\u00edn promueve el f\u00fatbol en paz en las instituciones educativas"},"content":{"rendered":"<!--[if lt IE 9]><script>document.createElement('audio');<\/script><![endif]-->\n\t<div class=\"wp-playlist wp-audio-playlist wp-playlist-light\">\n\t\t\t<div class=\"wp-playlist-current-item\"><\/div>\n\t\t<audio controls=\"controls\" preload=\"none\" width=\"640\"\n\t\t\t><\/audio>\n\t<div class=\"wp-playlist-next\"><\/div>\n\t<div class=\"wp-playlist-prev\"><\/div>\n\t<noscript>\n\t<ol>\n\t\t<li><a href='https:\/\/www.medellin.gov.co\/es\/wp-content\/uploads\/2024\/11\/futbol-en-paz-01.mp3'>Palabras de Juliana V\u00e9lez, subdirectora de Fomento Inder<\/a><\/li>\t<\/ol>\n\t<\/noscript>\n\t<script type=\"application\/json\" class=\"wp-playlist-script\">{\"type\":\"audio\",\"tracklist\":true,\"tracknumbers\":true,\"images\":true,\"artists\":true,\"tracks\":[{\"src\":\"https:\\\/\\\/www.medellin.gov.co\\\/es\\\/wp-content\\\/uploads\\\/2024\\\/11\\\/futbol-en-paz-01.mp3\",\"type\":\"audio\\\/mpeg\",\"title\":\"Palabras de Juliana V\\u00e9lez, subdirectora de Fomento Inder\",\"caption\":\"\",\"description\":\"\\u00abPalabras de Juliana V\\u00e9lez, subdirectora de Fomento Inder\\u00bb.\",\"meta\":{\"length_formatted\":\"0:50\"},\"image\":{\"src\":\"https:\\\/\\\/www.medellin.gov.co\\\/es\\\/wp-includes\\\/images\\\/media\\\/audio.png\",\"width\":48,\"height\":64},\"thumb\":{\"src\":\"https:\\\/\\\/www.medellin.gov.co\\\/es\\\/wp-includes\\\/images\\\/media\\\/audio.png\",\"width\":48,\"height\":64}}]}<\/script>\n<\/div>\n\t\n<p class=\"p1\">Este a\u00f1o, la Administraci\u00f3n Distrital, por medio del Inder, ha llegado con la\u00a0estrategia Deporte y Convivencia a 230 grupos en 42 instituciones educativas y\u00a0ha efectuado 8.000 sensibilizaciones. En las actividades se profundiza en el\u00a0fortalecimiento de habilidades como el liderazgo, la empat\u00eda, el respeto, la\u00a0resiliencia y la toma de decisiones, por medio de herramientas para el tr\u00e1mite de\u00a0conflictos de manera pac\u00edfica.<\/p>\n\n\t\t<style type=\"text\/css\">\n\t\t\t#gallery-1 {\n\t\t\t\tmargin: auto;\n\t\t\t}\n\t\t\t#gallery-1 .gallery-item {\n\t\t\t\tfloat: left;\n\t\t\t\tmargin-top: 10px;\n\t\t\t\ttext-align: center;\n\t\t\t\twidth: 50%;\n\t\t\t}\n\t\t\t#gallery-1 img {\n\t\t\t\tborder: 2px solid #cfcfcf;\n\t\t\t}\n\t\t\t#gallery-1 .gallery-caption {\n\t\t\t\tmargin-left: 0;\n\t\t\t}\n\t\t\t\/* see gallery_shortcode() in wp-includes\/media.php *\/\n\t\t<\/style>\n\t\t<div id='gallery-1' class='gallery galleryid-360786 gallery-columns-2 gallery-size-large'><dl class='gallery-item'>\n\t\t\t<dt class='gallery-icon landscape'>\n\t\t\t\t<a href='https:\/\/www.medellin.gov.co\/es\/sala-de-prensa\/noticias\/la-alcaldia-de-medellin-promueve-el-futbol-en-paz-en-las-instituciones-educativas\/futbol-en-paz-5-2\/'><img width=\"1024\" height=\"682\" src=\"https:\/\/www.medellin.gov.co\/es\/wp-content\/uploads\/2024\/11\/futbol-en-paz-5-1024x682.jpg\" class=\"attachment-large size-large\" alt=\"La Alcald\u00eda de Medell\u00edn promueve el f\u00fatbol en paz en las instituciones educativas\" loading=\"lazy\" aria-describedby=\"gallery-1-360795\" srcset=\"https:\/\/www.medellin.gov.co\/es\/wp-content\/uploads\/2024\/11\/futbol-en-paz-5-1024x682.jpg 1024w, https:\/\/www.medellin.gov.co\/es\/wp-content\/uploads\/2024\/11\/futbol-en-paz-5-300x200.jpg 300w, https:\/\/www.medellin.gov.co\/es\/wp-content\/uploads\/2024\/11\/futbol-en-paz-5-150x100.jpg 150w, https:\/\/www.medellin.gov.co\/es\/wp-content\/uploads\/2024\/11\/futbol-en-paz-5-768x511.jpg 768w, https:\/\/www.medellin.gov.co\/es\/wp-content\/uploads\/2024\/11\/futbol-en-paz-5.jpg 1200w\" sizes=\"(max-width: 1024px) 100vw, 1024px\" \/><\/a>\n\t\t\t<\/dt>\n\t\t\t\t<dd class='wp-caption-text gallery-caption' id='gallery-1-360795'>\n\t\t\t\tLa Alcald\u00eda de Medell\u00edn promueve el f\u00fatbol en paz en las instituciones educativas\n\t\t\t\t<\/dd><\/dl><dl class='gallery-item'>\n\t\t\t<dt class='gallery-icon landscape'>\n\t\t\t\t<a href='https:\/\/www.medellin.gov.co\/es\/sala-de-prensa\/noticias\/la-alcaldia-de-medellin-promueve-el-futbol-en-paz-en-las-instituciones-educativas\/futbol-en-paz-1-4\/'><img width=\"1024\" height=\"682\" src=\"https:\/\/www.medellin.gov.co\/es\/wp-content\/uploads\/2024\/11\/futbol-en-paz-1-1024x682.jpg\" class=\"attachment-large size-large\" alt=\"La Alcald\u00eda de Medell\u00edn promueve el f\u00fatbol en paz en las instituciones educativas\" loading=\"lazy\" aria-describedby=\"gallery-1-360788\" srcset=\"https:\/\/www.medellin.gov.co\/es\/wp-content\/uploads\/2024\/11\/futbol-en-paz-1-1024x682.jpg 1024w, https:\/\/www.medellin.gov.co\/es\/wp-content\/uploads\/2024\/11\/futbol-en-paz-1-300x200.jpg 300w, https:\/\/www.medellin.gov.co\/es\/wp-content\/uploads\/2024\/11\/futbol-en-paz-1-150x100.jpg 150w, https:\/\/www.medellin.gov.co\/es\/wp-content\/uploads\/2024\/11\/futbol-en-paz-1-768x511.jpg 768w, https:\/\/www.medellin.gov.co\/es\/wp-content\/uploads\/2024\/11\/futbol-en-paz-1.jpg 1200w\" sizes=\"(max-width: 1024px) 100vw, 1024px\" \/><\/a>\n\t\t\t<\/dt>\n\t\t\t\t<dd class='wp-caption-text gallery-caption' id='gallery-1-360788'>\n\t\t\t\tLa Alcald\u00eda de Medell\u00edn promueve el f\u00fatbol en paz en las instituciones educativas\n\t\t\t\t<\/dd><\/dl><br style=\"clear: both\" \/>\n\t\t<\/div>\n\n<p class=\"p1\">En la tribuna occidental del estadio Atanasio Girardot, se realiz\u00f3 GolVivencia,\u00a0actividad que integr\u00f3 a 12 establecimientos de educaci\u00f3n, con los cuales se\u00a0abord\u00f3 el tema del f\u00fatbol con \u00e9nfasis en el autocontrol, la convivencia escolar y\u00a0la inclusi\u00f3n.<\/p>\n<p class=\"p1\">Adem\u00e1s, en el evento denominado F\u00fatbolVivencia, se integr\u00f3 a hinchas del\u00a0Deportivo Independiente Medell\u00edn y Atl\u00e9tico Nacional, pertenecientes a las\u00a0barras Rexixtenxia Norte y Los Del Sur, a trav\u00e9s de un festival deportivo que\u00a0tuvo diferentes momentos para fortalecer la convivencia.<\/p>\n\n\t\t<style type=\"text\/css\">\n\t\t\t#gallery-2 {\n\t\t\t\tmargin: auto;\n\t\t\t}\n\t\t\t#gallery-2 .gallery-item {\n\t\t\t\tfloat: left;\n\t\t\t\tmargin-top: 10px;\n\t\t\t\ttext-align: center;\n\t\t\t\twidth: 50%;\n\t\t\t}\n\t\t\t#gallery-2 img {\n\t\t\t\tborder: 2px solid #cfcfcf;\n\t\t\t}\n\t\t\t#gallery-2 .gallery-caption {\n\t\t\t\tmargin-left: 0;\n\t\t\t}\n\t\t\t\/* see gallery_shortcode() in wp-includes\/media.php *\/\n\t\t<\/style>\n\t\t<div id='gallery-2' class='gallery galleryid-360786 gallery-columns-2 gallery-size-large'><dl class='gallery-item'>\n\t\t\t<dt class='gallery-icon landscape'>\n\t\t\t\t<a href='https:\/\/www.medellin.gov.co\/es\/sala-de-prensa\/noticias\/la-alcaldia-de-medellin-promueve-el-futbol-en-paz-en-las-instituciones-educativas\/futbol-en-paz-4-2\/'><img width=\"1024\" height=\"700\" src=\"https:\/\/www.medellin.gov.co\/es\/wp-content\/uploads\/2024\/11\/futbol-en-paz-4-1024x700.jpg\" class=\"attachment-large size-large\" alt=\"La Alcald\u00eda de Medell\u00edn promueve el f\u00fatbol en paz en las instituciones educativas\" loading=\"lazy\" aria-describedby=\"gallery-2-360794\" srcset=\"https:\/\/www.medellin.gov.co\/es\/wp-content\/uploads\/2024\/11\/futbol-en-paz-4-1024x700.jpg 1024w, https:\/\/www.medellin.gov.co\/es\/wp-content\/uploads\/2024\/11\/futbol-en-paz-4-300x205.jpg 300w, https:\/\/www.medellin.gov.co\/es\/wp-content\/uploads\/2024\/11\/futbol-en-paz-4-150x103.jpg 150w, https:\/\/www.medellin.gov.co\/es\/wp-content\/uploads\/2024\/11\/futbol-en-paz-4-768x525.jpg 768w, https:\/\/www.medellin.gov.co\/es\/wp-content\/uploads\/2024\/11\/futbol-en-paz-4.jpg 1200w\" sizes=\"(max-width: 1024px) 100vw, 1024px\" \/><\/a>\n\t\t\t<\/dt>\n\t\t\t\t<dd class='wp-caption-text gallery-caption' id='gallery-2-360794'>\n\t\t\t\tLa Alcald\u00eda de Medell\u00edn promueve el f\u00fatbol en paz en las instituciones educativas\n\t\t\t\t<\/dd><\/dl><dl class='gallery-item'>\n\t\t\t<dt class='gallery-icon landscape'>\n\t\t\t\t<a href='https:\/\/www.medellin.gov.co\/es\/sala-de-prensa\/noticias\/la-alcaldia-de-medellin-promueve-el-futbol-en-paz-en-las-instituciones-educativas\/futbol-en-paz-3-2\/'><img width=\"1024\" height=\"724\" src=\"https:\/\/www.medellin.gov.co\/es\/wp-content\/uploads\/2024\/11\/futbol-en-paz-3-1024x724.jpg\" class=\"attachment-large size-large\" alt=\"La Alcald\u00eda de Medell\u00edn promueve el f\u00fatbol en paz en las instituciones educativas\" loading=\"lazy\" aria-describedby=\"gallery-2-360792\" srcset=\"https:\/\/www.medellin.gov.co\/es\/wp-content\/uploads\/2024\/11\/futbol-en-paz-3-1024x724.jpg 1024w, https:\/\/www.medellin.gov.co\/es\/wp-content\/uploads\/2024\/11\/futbol-en-paz-3-300x212.jpg 300w, https:\/\/www.medellin.gov.co\/es\/wp-content\/uploads\/2024\/11\/futbol-en-paz-3-150x106.jpg 150w, https:\/\/www.medellin.gov.co\/es\/wp-content\/uploads\/2024\/11\/futbol-en-paz-3-768x543.jpg 768w, https:\/\/www.medellin.gov.co\/es\/wp-content\/uploads\/2024\/11\/futbol-en-paz-3.jpg 1200w\" sizes=\"(max-width: 1024px) 100vw, 1024px\" \/><\/a>\n\t\t\t<\/dt>\n\t\t\t\t<dd class='wp-caption-text gallery-caption' id='gallery-2-360792'>\n\t\t\t\tLa Alcald\u00eda de Medell\u00edn promueve el f\u00fatbol en paz en las instituciones educativas\n\t\t\t\t<\/dd><\/dl><br style=\"clear: both\" \/>\n\t\t<\/div>\n\n","protected":false},"excerpt":{"rendered":"<p>Este a\u00f1o, la Administraci\u00f3n Distrital, por medio del Inder, ha llegado con la\u00a0estrategia Deporte y Convivencia a 230 grupos en 42 instituciones educativas y\u00a0ha efectuado 8.000 sensibilizaciones. En las actividades se profundiza en el\u00a0fortalecimiento de &#8230;<\/p>\n","protected":false},"author":84,"featured_media":360790,"comment_status":"open","ping_status":"open","sticky":false,"template":"","format":"standard","meta":[],"categories":[17],"tags":[689,455],"formato_nota":[],"programas_tax":[],"acf":[],"_links":{"self":[{"href":"https:\/\/www.medellin.gov.co\/es\/wp-json\/wp\/v2\/posts\/360786"}],"collection":[{"href":"https:\/\/www.medellin.gov.co\/es\/wp-json\/wp\/v2\/posts"}],"about":[{"href":"https:\/\/www.medellin.gov.co\/es\/wp-json\/wp\/v2\/types\/post"}],"author":[{"embeddable":true,"href":"https:\/\/www.medellin.gov.co\/es\/wp-json\/wp\/v2\/users\/84"}],"replies":[{"embeddable":true,"href":"https:\/\/www.medellin.gov.co\/es\/wp-json\/wp\/v2\/comments?post=360786"}],"version-history":[{"count":1,"href":"https:\/\/www.medellin.gov.co\/es\/wp-json\/wp\/v2\/posts\/360786\/revisions"}],"predecessor-version":[{"id":360797,"href":"https:\/\/www.medellin.gov.co\/es\/wp-json\/wp\/v2\/posts\/360786\/revisions\/360797"}],"wp:featuredmedia":[{"embeddable":true,"href":"https:\/\/www.medellin.gov.co\/es\/wp-json\/wp\/v2\/media\/360790"}],"wp:attachment":[{"href":"https:\/\/www.medellin.gov.co\/es\/wp-json\/wp\/v2\/media?parent=360786"}],"wp:term":[{"taxonomy":"category","embeddable":true,"href":"https:\/\/www.medellin.gov.co\/es\/wp-json\/wp\/v2\/categories?post=360786"},{"taxonomy":"post_tag","embeddable":true,"href":"https:\/\/www.medellin.gov.co\/es\/wp-json\/wp\/v2\/tags?post=360786"},{"taxonomy":"formato_nota","embeddable":true,"href":"https:\/\/www.medellin.gov.co\/es\/wp-json\/wp\/v2\/formato_nota?post=360786"},{"taxonomy":"programas_tax","embeddable":true,"href":"https:\/\/www.medellin.gov.co\/es\/wp-json\/wp\/v2\/programas_tax?post=360786"}],"curies":[{"name":"wp","href":"https:\/\/api.w.org\/{rel}","templated":true}]}}