{"id":36079,"date":"2021-04-24T00:00:00","date_gmt":"2021-04-24T05:00:00","guid":{"rendered":"https:\/\/www.medellin.gov.co\/es\/saladeprensa\/noticias\/con-encuentro-internacional-en-gestion-deportiva-medellin-capacita-a-organizaciones-para-los-retos-de-la-pandemia\/"},"modified":"2022-03-27T23:19:24","modified_gmt":"2022-03-28T04:19:24","slug":"con-encuentro-internacional-en-gestion-deportiva-medellin-capacita-a-organizaciones-para-los-retos-de-la-pandemia","status":"publish","type":"post","link":"https:\/\/www.medellin.gov.co\/es\/sala-de-prensa\/noticias\/con-encuentro-internacional-en-gestion-deportiva-medellin-capacita-a-organizaciones-para-los-retos-de-la-pandemia\/","title":{"rendered":"Con encuentro internacional en gesti\u00f3n deportiva, Medell\u00edn capacita a organizaciones para los retos de la pandemia"},"content":{"rendered":"<div class=\"wrap contenido\">\n<div class=\"noticia\">\n<div class=\"imagen\">\n<div class=\"divContImageNoticia input_plantilla input_background\" data-input=\"fotografia\" ruta=\"\/pccdesign\/medellin\/Temas\/AtencionCiudadana_0\/Noticias\/Shared Content\/Imagenes\/2021\/20210425-encuentro-internacional-1.jpg\" fotografo=\"Alcald\u00eda de Medell\u00edn\" descripcion=\"Con encuentro internacional en gesti\u00f3n deportiva, Medell\u00edn capacita a organizaciones para los retos de la pandemia.\" style=\"background-image:url('\/irj\/go\/km\/docs\/pccdesign\/medellin\/Temas\/AtencionCiudadana_0\/Noticias\/Shared Content\/Imagenes\/2021\/20210425-encuentro-internacional-1.jpg')\"><\/div>\n<p class=\"pMetaDesc\">Foto: Con encuentro internacional en gesti\u00f3n deportiva, Medell\u00edn capacita a organizaciones para los retos de la pandemia.<\/p>\n<p class=\"pMetaFotografo\">Fot\u00f3grafo: Alcald\u00eda de Medell\u00edn<\/p>\n<\/div>\n<p class=\"fecha\"><span class=\"input_plantilla input_text\" data-input=\"fecha\">2021-04-25<\/span><\/p>\n<p itemprop=\"name\" class=\"input_plantilla input_text\" data-input=\"titulo\">Con encuentro internacional en gesti\u00f3n deportiva, Medell\u00edn capacita a organizaciones para los retos de la pandemia<\/p>\n<p class=\"input_plantilla input_text\" data-input=\"autor\">Por Diego Giraldo Parra<\/p>\n<div class=\"cuerpo input_plantilla input_area\" data-input=\"contenido\">\n<p>.: El evento se cumplir\u00e1, de manera virtual, los d\u00edas 28 y 29 de abril.&nbsp;<\/p>\n<p>.: Las inscripciones son gratuitas y se pueden hacer por intermedio de la p\u00e1gina web del INDER <a href=\"http:\/\/www.inder.gov.co\" data-mce-href=\"http:\/\/www.inder.gov.co\">inder.gov.co<\/a>.&nbsp;<\/p>\n<p><a href=\"\/irj\/go\/km\/docs\/pccdesign\/medellin\/Temas\/AtencionCiudadana_0\/Noticias\/Shared Content\/Documentos\/2021\/20210425-encuentro-internacional-01.mp3\" class=\"aContEnlace audio\" download=\"\" data-mce-href=\"\/irj\/go\/km\/docs\/pccdesign\/medellin\/Temas\/AtencionCiudadana_0\/Noticias\/Shared Content\/Documentos\/2021\/20210425-encuentro-internacional-01.mp3\"><span>Palabras de Andr\u00e9s Colorado, coordinador acad\u00e9mico de la Facultad de Educaci\u00f3n F\u00edsica, Recreaci\u00f3n y Deporte del Polit\u00e9cnico.<\/span><span>4057 Kb<\/span><\/a><\/p>\n<p><span><a href=\"\/irj\/go\/km\/docs\/pccdesign\/medellin\/Temas\/AtencionCiudadana_0\/Noticias\/Shared Content\/Documentos\/2021\/20210425-encuentro-internacional-02.mp3\" class=\"aContEnlace audio\" download=\"\" data-mce-href=\"\/irj\/go\/km\/docs\/pccdesign\/medellin\/Temas\/AtencionCiudadana_0\/Noticias\/Shared Content\/Documentos\/2021\/20210425-encuentro-internacional-02.mp3\"><span>Palabras de Carlos Romero, director del INDER Medell\u00edn.<\/span><span>1969 Kb<\/span><\/a><\/span><\/p>\n<p>Se espera que mil personas se inscriban en el encuentro internacional de gesti\u00f3n deportiva que organizar\u00e1 el INDER Medell\u00edn en alianza con el Polit\u00e9cnico Colombiano Jaime Isaza Cadavid y la Asociaci\u00f3n Latinoamericana de Gesti\u00f3n Deportiva.&nbsp;<\/p>\n<p>El evento busca generar conocimiento sobre c\u00f3mo afrontar los retos que ha tra\u00eddo la pandemia bajo experiencias internacionales. Para ello, se tendr\u00e1n tres ponentes: uno de Argentina, uno de Uruguay y uno de M\u00e9xico.&nbsp;<\/p>\n<p><em>\u201cEl encuentro internacional de gesti\u00f3n deportiva plantear\u00e1 la hoja de ruta en temas globales, administrativos y financieros, para las entidades deportivas y los l\u00edderes deportivos\u201d<\/em>, explic\u00f3 el director del INDER Medell\u00edn, Carlos Romero.&nbsp;<\/p>\n<p>El encuentro en gesti\u00f3n deportiva se cumplir\u00e1 de manera virtual en la plataforma Zoom los d\u00edas 28 y 29 de abril y las inscripciones son gratuitas a trav\u00e9s de la p\u00e1gina web del Instituto de Deportes y Recreaci\u00f3n de Medell\u00edn. Los asistentes ser\u00e1n certificados por el Polit\u00e9cnico Colombiano Jaime Isaza Cadavid.<em>&nbsp;<\/em><\/p>\n<p><em>\u201cDesde la parte acad\u00e9mica queremos darle una gran fuerza para lograr que las instituciones, que conforman el sistema nacional del deporte, tengan esa posibilidad de adaptarse a la nueva realidad y generar servicios, programas que tengan en cuenta las necesidades de las personas\u201d,<\/em> expres\u00f3 el coordinador acad\u00e9mico de la Facultad de Educaci\u00f3n F\u00edsica, Recreaci\u00f3n y Deporte del Polit\u00e9cnico, Andr\u00e9s Colorado.&nbsp;<\/p>\n<p>Las inscripciones para el Encuentro Internacional de Gesti\u00f3n Deportiva estar\u00e1n habilitadas hasta el pr\u00f3ximo 27 de abril. Los horarios, los dos d\u00edas, ser\u00e1n de 8:00 a. m. a 1:00 p. m. La agenda, tem\u00e1ticas e informaci\u00f3n de los ponentes est\u00e1 disponible en <span><a href=\"http:\/\/www.inder.gov.co\" data-mce-href=\"http:\/\/www.inder.gov.co\">www.inder.gov.co<\/a><\/span>.<\/p>\n<\/div>\n<div class=\"compartir\">Compartir en:<a title=\"\" href=\"http:\/\/www.facebook.com\/share.php?u=\" class=\"btCompartirFacebook btCompartir\" target=\"_blank\" rel=\"noopener\"><\/a><a title=\"\" href=\"http:\/\/twitter.com\/home?status=Haz%20clic%20para%20ver%20esta%20noticia%20en%20\" class=\"btCompartirTwitter btCompartir\"><\/a><a title=\"\" href=\"whatsapp:\/\/send?text=Haz%20clic%20para%20ver%20esta%20noticia%20en%20\" class=\"btCompartirWa btCompartir\"><\/a><\/div>\n<\/div>\n<p><script>try{comprobarImagen();fixBtnRedes();hitsMedellin();}catch(e){}<\/script><\/div>\n","protected":false},"excerpt":{"rendered":"<p>Foto: Con encuentro internacional en gesti\u00f3n deportiva, Medell\u00edn capacita a organizaciones para los retos de la pandemia. Fot\u00f3grafo: Alcald\u00eda de Medell\u00edn 2021-04-25 Con encuentro internacional en gesti\u00f3n deportiva, Medell\u00edn capacita a organizaciones para los retos &#8230;<\/p>\n","protected":false},"author":1,"featured_media":60304,"comment_status":"open","ping_status":"open","sticky":false,"template":"","format":"standard","meta":[],"categories":[293,2,17],"tags":[451,431,452],"formato_nota":[],"programas_tax":[],"acf":[],"_links":{"self":[{"href":"https:\/\/www.medellin.gov.co\/es\/wp-json\/wp\/v2\/posts\/36079"}],"collection":[{"href":"https:\/\/www.medellin.gov.co\/es\/wp-json\/wp\/v2\/posts"}],"about":[{"href":"https:\/\/www.medellin.gov.co\/es\/wp-json\/wp\/v2\/types\/post"}],"author":[{"embeddable":true,"href":"https:\/\/www.medellin.gov.co\/es\/wp-json\/wp\/v2\/users\/1"}],"replies":[{"embeddable":true,"href":"https:\/\/www.medellin.gov.co\/es\/wp-json\/wp\/v2\/comments?post=36079"}],"version-history":[{"count":1,"href":"https:\/\/www.medellin.gov.co\/es\/wp-json\/wp\/v2\/posts\/36079\/revisions"}],"predecessor-version":[{"id":48717,"href":"https:\/\/www.medellin.gov.co\/es\/wp-json\/wp\/v2\/posts\/36079\/revisions\/48717"}],"wp:featuredmedia":[{"embeddable":true,"href":"https:\/\/www.medellin.gov.co\/es\/wp-json\/wp\/v2\/media\/60304"}],"wp:attachment":[{"href":"https:\/\/www.medellin.gov.co\/es\/wp-json\/wp\/v2\/media?parent=36079"}],"wp:term":[{"taxonomy":"category","embeddable":true,"href":"https:\/\/www.medellin.gov.co\/es\/wp-json\/wp\/v2\/categories?post=36079"},{"taxonomy":"post_tag","embeddable":true,"href":"https:\/\/www.medellin.gov.co\/es\/wp-json\/wp\/v2\/tags?post=36079"},{"taxonomy":"formato_nota","embeddable":true,"href":"https:\/\/www.medellin.gov.co\/es\/wp-json\/wp\/v2\/formato_nota?post=36079"},{"taxonomy":"programas_tax","embeddable":true,"href":"https:\/\/www.medellin.gov.co\/es\/wp-json\/wp\/v2\/programas_tax?post=36079"}],"curies":[{"name":"wp","href":"https:\/\/api.w.org\/{rel}","templated":true}]}}