{"id":360800,"date":"2024-11-03T13:47:33","date_gmt":"2024-11-03T18:47:33","guid":{"rendered":"https:\/\/www.medellin.gov.co\/es\/?p=360800"},"modified":"2024-11-03T13:47:33","modified_gmt":"2024-11-03T18:47:33","slug":"2-500-libros-llegan-a-dos-comunas-y-tres-corregimientos-de-medellin-con-historia-cultural-sobre-sus-territorios","status":"publish","type":"post","link":"https:\/\/www.medellin.gov.co\/es\/sala-de-prensa\/noticias\/2-500-libros-llegan-a-dos-comunas-y-tres-corregimientos-de-medellin-con-historia-cultural-sobre-sus-territorios\/","title":{"rendered":"2.500 libros llegan a dos comunas y tres corregimientos de Medell\u00edn con historia cultural sobre sus territorios"},"content":{"rendered":"<ul>\n<li class=\"p1\"><b>Son 500 colecciones que recogen el diagn\u00f3stico, los relatos del sector <\/b><b>cultural y las historias, sue\u00f1os y desaf\u00edos de las comunidades.<\/b><\/li>\n<li class=\"p1\"><b>Este proceso investigativo tuvo una financiaci\u00f3n del Distrito de $3.775 <\/b><b>millones priorizados por la comunidad.<\/b><\/li>\n<\/ul>\n<!--[if lt IE 9]><script>document.createElement('audio');<\/script><![endif]-->\n\t<div class=\"wp-playlist wp-audio-playlist wp-playlist-light\">\n\t\t\t<div class=\"wp-playlist-current-item\"><\/div>\n\t\t<audio controls=\"controls\" preload=\"none\" width=\"640\"\n\t\t\t><\/audio>\n\t<div class=\"wp-playlist-next\"><\/div>\n\t<div class=\"wp-playlist-prev\"><\/div>\n\t<noscript>\n\t<ol>\n\t\t<li><a href='https:\/\/www.medellin.gov.co\/es\/wp-content\/uploads\/2024\/11\/Libros-para-comunas-y-corregimientos-01.mp3'>Palabras de Santiago Silva, secretario de Cultura Ciudadana<\/a><\/li><li><a href='https:\/\/www.medellin.gov.co\/es\/wp-content\/uploads\/2024\/11\/Libros-para-comunas-y-corregimientos-02.mp3'>Palabras de Mar\u00eda Floralba Loaiza, habitante del corregimiento Altavista<\/a><\/li>\t<\/ol>\n\t<\/noscript>\n\t<script type=\"application\/json\" class=\"wp-playlist-script\">{\"type\":\"audio\",\"tracklist\":true,\"tracknumbers\":true,\"images\":true,\"artists\":true,\"tracks\":[{\"src\":\"https:\\\/\\\/www.medellin.gov.co\\\/es\\\/wp-content\\\/uploads\\\/2024\\\/11\\\/Libros-para-comunas-y-corregimientos-01.mp3\",\"type\":\"audio\\\/mpeg\",\"title\":\"Palabras de Santiago Silva, secretario de Cultura Ciudadana\",\"caption\":\"\",\"description\":\"\\u00abPalabras de Santiago Silva, secretario de Cultura Ciudadana\\u00bb.\",\"meta\":{\"length_formatted\":\"1:06\"},\"image\":{\"src\":\"https:\\\/\\\/www.medellin.gov.co\\\/es\\\/wp-includes\\\/images\\\/media\\\/audio.png\",\"width\":48,\"height\":64},\"thumb\":{\"src\":\"https:\\\/\\\/www.medellin.gov.co\\\/es\\\/wp-includes\\\/images\\\/media\\\/audio.png\",\"width\":48,\"height\":64}},{\"src\":\"https:\\\/\\\/www.medellin.gov.co\\\/es\\\/wp-content\\\/uploads\\\/2024\\\/11\\\/Libros-para-comunas-y-corregimientos-02.mp3\",\"type\":\"audio\\\/mpeg\",\"title\":\"Palabras de Mar\\u00eda Floralba Loaiza, habitante del corregimiento Altavista\",\"caption\":\"\",\"description\":\"\\u00abPalabras de Mar\\u00eda Floralba Loaiza, habitante del corregimiento Altavista\\u00bb.\",\"meta\":{\"length_formatted\":\"1:22\"},\"image\":{\"src\":\"https:\\\/\\\/www.medellin.gov.co\\\/es\\\/wp-includes\\\/images\\\/media\\\/audio.png\",\"width\":48,\"height\":64},\"thumb\":{\"src\":\"https:\\\/\\\/www.medellin.gov.co\\\/es\\\/wp-includes\\\/images\\\/media\\\/audio.png\",\"width\":48,\"height\":64}}]}<\/script>\n<\/div>\n\t\n<p class=\"p1\">Como parte de un proceso del Centro de Investigaci\u00f3n Cultural (CIC) del programa\u00a0de Planeaci\u00f3n del Desarrollo Local y Presupuesto Participativo Cultura, en las\u00a0comunas 3 -Manrique y 13 -San Javier, as\u00ed como en los corregimientos San\u00a0Sebasti\u00e1n de Palmitas, San Crist\u00f3bal y Santa Elena, se est\u00e1n entregando libros\u00a0que reflejan las miradas y sentires de actores culturales de esos territorios.<\/p>\n<p class=\"p1\">La investigaci\u00f3n tuvo una financiaci\u00f3n del Distrito por $3.775 millones priorizados\u00a0por parte de la comunidad. Las obras son el resultado que ha permitido reconocer\u00a0los logros culturales de su entorno.<\/p>\n<div id=\"attachment_360805\" style=\"width: 1210px\" class=\"wp-caption aligncenter\"><a href=\"https:\/\/www.medellin.gov.co\/es\/wp-content\/uploads\/2024\/11\/Libros-para-comunas-y-corregimientos-2.jpg\" target=\"_blank\" rel=\"noopener\"><img aria-describedby=\"caption-attachment-360805\" loading=\"lazy\" class=\"wp-image-360805 size-full\" title=\"2.500 libros llegan a dos comunas y tres corregimientos de Medell\u00edn con historia cultural sobre sus territorios\" src=\"https:\/\/www.medellin.gov.co\/es\/wp-content\/uploads\/2024\/11\/Libros-para-comunas-y-corregimientos-2.jpg\" alt=\"2.500 libros llegan a dos comunas y tres corregimientos de Medell\u00edn con historia cultural sobre sus territorios\" width=\"1200\" height=\"799\" srcset=\"https:\/\/www.medellin.gov.co\/es\/wp-content\/uploads\/2024\/11\/Libros-para-comunas-y-corregimientos-2.jpg 1200w, https:\/\/www.medellin.gov.co\/es\/wp-content\/uploads\/2024\/11\/Libros-para-comunas-y-corregimientos-2-300x200.jpg 300w, https:\/\/www.medellin.gov.co\/es\/wp-content\/uploads\/2024\/11\/Libros-para-comunas-y-corregimientos-2-1024x682.jpg 1024w, https:\/\/www.medellin.gov.co\/es\/wp-content\/uploads\/2024\/11\/Libros-para-comunas-y-corregimientos-2-150x100.jpg 150w, https:\/\/www.medellin.gov.co\/es\/wp-content\/uploads\/2024\/11\/Libros-para-comunas-y-corregimientos-2-768x511.jpg 768w\" sizes=\"(max-width: 1200px) 100vw, 1200px\" \/><\/a><p id=\"caption-attachment-360805\" class=\"wp-caption-text\">2.500 libros llegan a dos comunas y tres corregimientos de Medell\u00edn con historia cultural sobre sus territorios &#8211; Foto alcaldia de Medell\u00edn<\/p><\/div>\n<p class=\"p1\"><i>\u201cEl proceso desarrollado demuestra c\u00f3mo la construcci\u00f3n colectiva y el trabajo\u00a0<\/i><i>\u201cParticipar en el CIC fue maravilloso. Somos cuatro microcuencas y las din\u00e1micas\u00a0<\/i><i>de cada una son diferentes. Tienen la particularidad de que no tienen conexi\u00f3n\u00a0<\/i><i>entre s\u00ed, sino que es con otras comunas o corregimientos de Medell\u00edn, lo que hace\u00a0<\/i><i>que se permeen de esas culturas y que no seamos un todo sino cuatro todos.\u00a0<\/i><\/p>\n<p class=\"p1\"><i>Esas particularidades quedaron plasmadas en el libro, son cuatro historias\u00a0<\/i><i>narradas por cuatro promotores\u201d,<\/i> explic\u00f3 la habitante del corregimiento Altavista,\u00a0Mar\u00eda Floralba Loaiza.<\/p>\n<p class=\"p1\">Cada libro presenta un enfoque \u00fanico. Aborda la diversidad art\u00edstica de cada\u00a0comuna. Esta recopilaci\u00f3n de informaci\u00f3n sobre las realidades locales ofrece\u00a0insumos relevantes para pensar el arte y la cultura a futuro desde la perspectiva\u00a0de la comunidad, que colabor\u00f3 activamente en su elaboraci\u00f3n, lo que asegura que\u00a0la informaci\u00f3n sea relevante y representativa. Adem\u00e1s, el proceso creativo incluy\u00f3\u00a0talleres de escritura que fomentaron la creaci\u00f3n literaria y fortalecieron las\u00a0habilidades narrativas de los participantes.<\/p>\n<div id=\"attachment_360807\" style=\"width: 1210px\" class=\"wp-caption aligncenter\"><a href=\"https:\/\/www.medellin.gov.co\/es\/wp-content\/uploads\/2024\/11\/Libros-para-comunas-y-corregimientos-3.jpg\" target=\"_blank\" rel=\"noopener\"><img aria-describedby=\"caption-attachment-360807\" loading=\"lazy\" class=\"wp-image-360807 size-full\" title=\"2.500 libros llegan a dos comunas y tres corregimientos de Medell\u00edn con historia cultural sobre sus territorios\" src=\"https:\/\/www.medellin.gov.co\/es\/wp-content\/uploads\/2024\/11\/Libros-para-comunas-y-corregimientos-3.jpg\" alt=\"2.500 libros llegan a dos comunas y tres corregimientos de Medell\u00edn con historia cultural sobre sus territorios\" width=\"1200\" height=\"799\" srcset=\"https:\/\/www.medellin.gov.co\/es\/wp-content\/uploads\/2024\/11\/Libros-para-comunas-y-corregimientos-3.jpg 1200w, https:\/\/www.medellin.gov.co\/es\/wp-content\/uploads\/2024\/11\/Libros-para-comunas-y-corregimientos-3-300x200.jpg 300w, https:\/\/www.medellin.gov.co\/es\/wp-content\/uploads\/2024\/11\/Libros-para-comunas-y-corregimientos-3-1024x682.jpg 1024w, https:\/\/www.medellin.gov.co\/es\/wp-content\/uploads\/2024\/11\/Libros-para-comunas-y-corregimientos-3-150x100.jpg 150w, https:\/\/www.medellin.gov.co\/es\/wp-content\/uploads\/2024\/11\/Libros-para-comunas-y-corregimientos-3-768x511.jpg 768w\" sizes=\"(max-width: 1200px) 100vw, 1200px\" \/><\/a><p id=\"caption-attachment-360807\" class=\"wp-caption-text\">2.500 libros llegan a dos comunas y tres corregimientos de Medell\u00edn con historia cultural sobre sus territorios &#8211; Foto alcaldia de Medell\u00edn<\/p><\/div>\n<p class=\"p1\">Este a\u00f1o el CIC tiene un nuevo recurso priorizado a trav\u00e9s del Presupuesto\u00a0Participativo Cultura que supera los $ 3.474 millones, con el que podr\u00e1 alojar un\u00a0repositorio de memoria cultural, recursos educativos e investigaci\u00f3n para la\u00a0comunidad en los diferentes territorios.<\/p>\n<p class=\"p1\"><i>con la ciudadan\u00eda son clave para fortalecer el tejido cultural de Medell\u00edn. Estos\u00a0<\/i><i>libros, que recogen el diagn\u00f3stico y los relatos del sector cultural y art\u00edstico de las\u00a0<\/i><i>comunas, son el fruto de una investigaci\u00f3n comprometida, que no solo revela el\u00a0<\/i><i>estado actual del sector, sino tambi\u00e9n las historias, sue\u00f1os y desaf\u00edos que\u00a0<\/i><i>moldean la identidad cultural de cada territorio\u201d,<\/i> expres\u00f3 el secretario de Cultura\u00a0Ciudadana, Santiago Silva.<\/p>\n<div id=\"attachment_360808\" style=\"width: 1210px\" class=\"wp-caption aligncenter\"><a href=\"https:\/\/www.medellin.gov.co\/es\/wp-content\/uploads\/2024\/11\/Libros-para-comunas-y-corregimientos-4.jpg\" target=\"_blank\" rel=\"noopener\"><img aria-describedby=\"caption-attachment-360808\" loading=\"lazy\" class=\"wp-image-360808 size-full\" title=\"2.500 libros llegan a dos comunas y tres corregimientos de Medell\u00edn con historia cultural sobre sus territorios\" src=\"https:\/\/www.medellin.gov.co\/es\/wp-content\/uploads\/2024\/11\/Libros-para-comunas-y-corregimientos-4.jpg\" alt=\"2.500 libros llegan a dos comunas y tres corregimientos de Medell\u00edn con historia cultural sobre sus territorios\" width=\"1200\" height=\"799\" srcset=\"https:\/\/www.medellin.gov.co\/es\/wp-content\/uploads\/2024\/11\/Libros-para-comunas-y-corregimientos-4.jpg 1200w, https:\/\/www.medellin.gov.co\/es\/wp-content\/uploads\/2024\/11\/Libros-para-comunas-y-corregimientos-4-300x200.jpg 300w, https:\/\/www.medellin.gov.co\/es\/wp-content\/uploads\/2024\/11\/Libros-para-comunas-y-corregimientos-4-1024x682.jpg 1024w, https:\/\/www.medellin.gov.co\/es\/wp-content\/uploads\/2024\/11\/Libros-para-comunas-y-corregimientos-4-150x100.jpg 150w, https:\/\/www.medellin.gov.co\/es\/wp-content\/uploads\/2024\/11\/Libros-para-comunas-y-corregimientos-4-768x511.jpg 768w\" sizes=\"(max-width: 1200px) 100vw, 1200px\" \/><\/a><p id=\"caption-attachment-360808\" class=\"wp-caption-text\">2.500 libros llegan a dos comunas y tres corregimientos de Medell\u00edn con historia cultural sobre sus territorios &#8211; Foto alcaldia de Medell\u00edn<\/p><\/div>\n<p class=\"p1\">Ver sus historias y experiencias plasmadas en las p\u00e1ginas, refuerza en los\u00a0habitantes la importancia de la investigaci\u00f3n y el desarrollo cultural en sus\u00a0territorios. Los t\u00edtulos, \u2018Tejiendo historias palmite\u00f1as\u2019; \u2018Tejiendo historias de la\u00a0comuna 3 Manrique\u2019; \u2018El sector cultural de Altavista: entre tejidos, voces,\u00a0motivaciones, experiencias y discontinuidades\u2019; \u2018Caminado Santa Elena,\u00a0Bosquejos culturales\u2019; y \u2018Comuna 13: una mirada cultural del territorio\u2019, son el\u00a0reflejo del tejido social de cada una de las comunas y corregimientos.<\/p>\n","protected":false},"excerpt":{"rendered":"<p>Son 500 colecciones que recogen el diagn\u00f3stico, los relatos del sector cultural y las historias, sue\u00f1os y desaf\u00edos de las comunidades. Este proceso investigativo tuvo una financiaci\u00f3n del Distrito de $3.775 millones priorizados por la &#8230;<\/p>\n","protected":false},"author":84,"featured_media":360803,"comment_status":"open","ping_status":"open","sticky":false,"template":"","format":"standard","meta":[],"categories":[31],"tags":[444,434,455],"formato_nota":[],"programas_tax":[],"acf":[],"_links":{"self":[{"href":"https:\/\/www.medellin.gov.co\/es\/wp-json\/wp\/v2\/posts\/360800"}],"collection":[{"href":"https:\/\/www.medellin.gov.co\/es\/wp-json\/wp\/v2\/posts"}],"about":[{"href":"https:\/\/www.medellin.gov.co\/es\/wp-json\/wp\/v2\/types\/post"}],"author":[{"embeddable":true,"href":"https:\/\/www.medellin.gov.co\/es\/wp-json\/wp\/v2\/users\/84"}],"replies":[{"embeddable":true,"href":"https:\/\/www.medellin.gov.co\/es\/wp-json\/wp\/v2\/comments?post=360800"}],"version-history":[{"count":1,"href":"https:\/\/www.medellin.gov.co\/es\/wp-json\/wp\/v2\/posts\/360800\/revisions"}],"predecessor-version":[{"id":360811,"href":"https:\/\/www.medellin.gov.co\/es\/wp-json\/wp\/v2\/posts\/360800\/revisions\/360811"}],"wp:featuredmedia":[{"embeddable":true,"href":"https:\/\/www.medellin.gov.co\/es\/wp-json\/wp\/v2\/media\/360803"}],"wp:attachment":[{"href":"https:\/\/www.medellin.gov.co\/es\/wp-json\/wp\/v2\/media?parent=360800"}],"wp:term":[{"taxonomy":"category","embeddable":true,"href":"https:\/\/www.medellin.gov.co\/es\/wp-json\/wp\/v2\/categories?post=360800"},{"taxonomy":"post_tag","embeddable":true,"href":"https:\/\/www.medellin.gov.co\/es\/wp-json\/wp\/v2\/tags?post=360800"},{"taxonomy":"formato_nota","embeddable":true,"href":"https:\/\/www.medellin.gov.co\/es\/wp-json\/wp\/v2\/formato_nota?post=360800"},{"taxonomy":"programas_tax","embeddable":true,"href":"https:\/\/www.medellin.gov.co\/es\/wp-json\/wp\/v2\/programas_tax?post=360800"}],"curies":[{"name":"wp","href":"https:\/\/api.w.org\/{rel}","templated":true}]}}