{"id":36081,"date":"2021-04-25T00:00:00","date_gmt":"2021-04-25T05:00:00","guid":{"rendered":"https:\/\/www.medellin.gov.co\/es\/saladeprensa\/noticias\/54-111-hogares-de-los-estratos-1-2-y-3-se-benefician-con-el-auspicio-del-minimo-vital-de-agua-potable\/"},"modified":"2022-03-27T23:19:27","modified_gmt":"2022-03-28T04:19:27","slug":"54-111-hogares-de-los-estratos-1-2-y-3-se-benefician-con-el-auspicio-del-minimo-vital-de-agua-potable","status":"publish","type":"post","link":"https:\/\/www.medellin.gov.co\/es\/sala-de-prensa\/noticias\/54-111-hogares-de-los-estratos-1-2-y-3-se-benefician-con-el-auspicio-del-minimo-vital-de-agua-potable\/","title":{"rendered":"54.111 hogares de los estratos 1, 2 y 3 se benefician con el auspicio del M\u00ednimo Vital de Agua Potable"},"content":{"rendered":"<div class=\"wrap contenido\">\n<div class=\"noticia\">\n<div class=\"imagen\">\n<div class=\"divContImageNoticia input_plantilla input_background\" data-input=\"fotografia\" ruta=\"\/pccdesign\/medellin\/Temas\/Catastro\/noticias\/Shared Content\/imagenes\/2021\/20210426-Agua-Potable-1.jpg\" fotografo=\"Alcald\u00eda de Medell\u00edn\" descripcion=\"54.111 hogares de los estratos 1, 2 y 3 se benefician con el auspicio del M\u00ednimo Vital de Agua Potable.\" style=\"background-image:url('\/irj\/go\/km\/docs\/pccdesign\/medellin\/Temas\/Catastro\/noticias\/Shared Content\/imagenes\/2021\/20210426-Agua-Potable-1.jpg')\"><\/div>\n<p class=\"pMetaDesc\">Foto: 54.111 hogares de los estratos 1, 2 y 3 se benefician con el auspicio del M\u00ednimo Vital de Agua Potable.<\/p>\n<p class=\"pMetaFotografo\">Fot\u00f3grafo: Alcald\u00eda de Medell\u00edn<\/p>\n<\/div>\n<p class=\"fecha\"><span class=\"input_plantilla input_text\" data-input=\"fecha\">2021-04-26<\/span><\/p>\n<p itemprop=\"name\" class=\"input_plantilla input_text\" data-input=\"titulo\"> 54.111 hogares de los estratos 1, 2 y 3 se benefician con el auspicio del M\u00ednimo Vital de Agua Potable<\/p>\n<p class=\"input_plantilla input_text\" data-input=\"autor\">Por Johan Arenas Rueda<\/p>\n<div class=\"cuerpo input_plantilla input_area\" data-input=\"contenido\">\n<p>.: Desde que inici\u00f3 el programa en el a\u00f1o 2009 con 7.179 hogares, hasta el 28 de febrero de 2021 se ha incrementado en 756 % el n\u00famero de familias beneficiadas.&nbsp;<\/p>\n<p>.: Actualmente, 270.993 personas reciben este beneficio por parte de la Alcald\u00eda de Medell\u00edn.&nbsp;<\/p>\n<p><a href=\"\/irj\/go\/km\/docs\/pccdesign\/medellin\/Temas\/Catastro\/noticias\/Shared Content\/documentos\/2021\/20210426-Agua-Potable-01.mp3\" class=\"aContEnlace audio\" download=\"\" data-mce-href=\"\/irj\/go\/km\/docs\/pccdesign\/medellin\/Temas\/Catastro\/noticias\/Shared Content\/documentos\/2021\/20210426-Agua-Potable-01.mp3\"><span>Palabras de Roger Jim\u00e9nez Fern\u00e1ndez, subsecretario de Servicios P\u00fablicos.<\/span><span>3175 Kb<\/span><\/a><\/p>\n<p><span><a href=\"\/irj\/go\/km\/docs\/pccdesign\/medellin\/Temas\/Catastro\/noticias\/Shared Content\/documentos\/2021\/20210426-Agua-Potable-02.mp3\" class=\"aContEnlace audio\" download=\"\" data-mce-href=\"\/irj\/go\/km\/docs\/pccdesign\/medellin\/Temas\/Catastro\/noticias\/Shared Content\/documentos\/2021\/20210426-Agua-Potable-02.mp3\"><span>Palabras de Orfa Nelly Varela, habitante del sector La Torre.<\/span><span>832 Kb<\/span><\/a><\/span><\/p>\n<p>Este mes, el programa M\u00ednimo Vital de Agua Potable de la Administraci\u00f3n Municipal cumple 12 a\u00f1os, iniciativa que desde 2009 mejora la calidad de vida de personas de Medell\u00edn que reciben mensualmente un auspicio de 2.5 metros c\u00fabicos o 2.500 litros de agua potable para sus necesidades b\u00e1sicas.&nbsp;<\/p>\n<p>A la fecha, se benefician 54.111 hogares de los estratos 1, 2 y 3 de las 16 comunas y los cinco corregimientos de la ciudad. Las personas que cuentan con el auspicio tienen un puntaje del Sisb\u00e9n de hasta 47.99 versi\u00f3n 3 o se encuentran en condici\u00f3n de desplazamiento certificada por la Unidad de Atenci\u00f3n al Desplazado.&nbsp;&nbsp;<\/p>\n<p>De acuerdo con el subsecretario de Servicios P\u00fablicos, Roger Jim\u00e9nez Fern\u00e1ndez, \u201c<em>hoy tenemos 270.000 personas que reciben este beneficio. Tambi\u00e9n durante la pandemia podemos decir que pudimos conservar aquellos beneficiarios que a pesar de que no hab\u00edan podido pagar sus facturas, pudimos hacer excepciones durante los meses m\u00e1s dif\u00edciles\u201d.<\/em>&nbsp;<\/p>\n<p>Uno de los logros del programa es el hecho de haber incrementado en un 756 % el n\u00famero de hogares beneficiados desde su implementaci\u00f3n, hasta el 28 de febrero de este a\u00f1o; mientras que en abril de 2009 se beneficiaban 7.179 hogares, el auspicio hoy supera las 54 mil familias.&nbsp;<\/p>\n<p><a href=\"https:\/\/www.medellin.gov.co\/irj\/go\/km\/docs\/pccdesign\/medellin\/Temas\/Catastro\/noticias\/Shared%20Content\/imagenes\/2021\/20210426-Agua-Potable-2.jpg\" target=\"_blank\" rel=\"noopener\" data-mce-href=\"https:\/\/www.medellin.gov.co\/irj\/go\/km\/docs\/pccdesign\/medellin\/Temas\/Catastro\/noticias\/Shared%20Content\/imagenes\/2021\/20210426-Agua-Potable-2.jpg\"><img src=\"https:\/\/www.medellin.gov.co\/irj\/go\/km\/docs\/pccdesign\/medellin\/Temas\/Catastro\/noticias\/Shared%20Content\/imagenes\/2021\/20210426-Agua-Potable-2.jpg\" alt=\"\" width=\"100%\" data-mce-src=\"https:\/\/www.medellin.gov.co\/irj\/go\/km\/docs\/pccdesign\/medellin\/Temas\/Catastro\/noticias\/Shared%20Content\/imagenes\/2021\/20210426-Agua-Potable-2.jpg\"><\/a><\/p>\n<p>Con el prop\u00f3sito de garantizar la continuidad del programa y contemplar la posibilidad de llegar a m\u00e1s usuarios, la Alcald\u00eda de Medell\u00edn realiza campa\u00f1as de sensibilizaci\u00f3n y, a trav\u00e9s de visitas de verificaci\u00f3n, motiva a los beneficiarios al uso racional del agua.&nbsp;<\/p>\n<p>Gracias a ese acompa\u00f1amiento, durante febrero, 25.002 hogares hicieron uso racional del servicio de agua potable, es decir que, el 49,65 % de las familias auspiciadas ahorraron 155.585 metros c\u00fabicos del l\u00edquido durante el mes.&nbsp;<\/p>\n<p><em>\u201cLa verdad me he sentido muy bendecida con la Alcald\u00eda de Medell\u00edn, porque hasta aqu\u00ed, hasta este punto, han llegado muchas oportunidades, oportunidades que me han servido mucho para tantos gastos de la casa, especialmente este a\u00f1o que ha sido tan duro para todos\u201d<\/em>, se\u00f1al\u00f3 Orfa Nelly Varela, habitante del sector La Torre, en la comuna 1-Popular, y beneficiaria del programa.&nbsp;<\/p>\n<p>El M\u00ednimo Vital de Agua Potable sostiene contrato con los 22 peque\u00f1os prestadores legalizados para brindar el servicio de acueducto y alcantarillado y con el mayor prestador, que es Empresas P\u00fablicas de Medell\u00edn, para ampliar la cobertura en zonas rurales.&nbsp;<\/p>\n<p>La cantidad de agua que se entrega es el estimado por la Organizaci\u00f3n Mundial de la Salud como el requerido por una persona para atender sus necesidades b\u00e1sicas mensuales.&nbsp;<\/p>\n<\/div>\n<div class=\"compartir\">Compartir en:<a title=\"\" href=\"http:\/\/www.facebook.com\/share.php?u=\" class=\"btCompartirFacebook btCompartir\" target=\"_blank\" rel=\"noopener\"><\/a><a title=\"\" href=\"http:\/\/twitter.com\/home?status=Haz%20clic%20para%20ver%20esta%20noticia%20en%20\" class=\"btCompartirTwitter btCompartir\"><\/a><a title=\"\" href=\"whatsapp:\/\/send?text=Haz%20clic%20para%20ver%20esta%20noticia%20en%20\" class=\"btCompartirWa btCompartir\"><\/a><\/div>\n<\/div>\n<p><script>try{comprobarImagen();fixBtnRedes();hitsMedellin();}catch(e){}<\/script><\/div>\n","protected":false},"excerpt":{"rendered":"<p>Foto: 54.111 hogares de los estratos 1, 2 y 3 se benefician con el auspicio del M\u00ednimo Vital de Agua Potable. Fot\u00f3grafo: Alcald\u00eda de Medell\u00edn 2021-04-26 54.111 hogares de los estratos 1, 2 y 3 &#8230;<\/p>\n","protected":false},"author":1,"featured_media":60306,"comment_status":"open","ping_status":"open","sticky":false,"template":"","format":"standard","meta":[],"categories":[7],"tags":[437,451,453,434,443,452],"formato_nota":[],"programas_tax":[],"acf":[],"_links":{"self":[{"href":"https:\/\/www.medellin.gov.co\/es\/wp-json\/wp\/v2\/posts\/36081"}],"collection":[{"href":"https:\/\/www.medellin.gov.co\/es\/wp-json\/wp\/v2\/posts"}],"about":[{"href":"https:\/\/www.medellin.gov.co\/es\/wp-json\/wp\/v2\/types\/post"}],"author":[{"embeddable":true,"href":"https:\/\/www.medellin.gov.co\/es\/wp-json\/wp\/v2\/users\/1"}],"replies":[{"embeddable":true,"href":"https:\/\/www.medellin.gov.co\/es\/wp-json\/wp\/v2\/comments?post=36081"}],"version-history":[{"count":1,"href":"https:\/\/www.medellin.gov.co\/es\/wp-json\/wp\/v2\/posts\/36081\/revisions"}],"predecessor-version":[{"id":48721,"href":"https:\/\/www.medellin.gov.co\/es\/wp-json\/wp\/v2\/posts\/36081\/revisions\/48721"}],"wp:featuredmedia":[{"embeddable":true,"href":"https:\/\/www.medellin.gov.co\/es\/wp-json\/wp\/v2\/media\/60306"}],"wp:attachment":[{"href":"https:\/\/www.medellin.gov.co\/es\/wp-json\/wp\/v2\/media?parent=36081"}],"wp:term":[{"taxonomy":"category","embeddable":true,"href":"https:\/\/www.medellin.gov.co\/es\/wp-json\/wp\/v2\/categories?post=36081"},{"taxonomy":"post_tag","embeddable":true,"href":"https:\/\/www.medellin.gov.co\/es\/wp-json\/wp\/v2\/tags?post=36081"},{"taxonomy":"formato_nota","embeddable":true,"href":"https:\/\/www.medellin.gov.co\/es\/wp-json\/wp\/v2\/formato_nota?post=36081"},{"taxonomy":"programas_tax","embeddable":true,"href":"https:\/\/www.medellin.gov.co\/es\/wp-json\/wp\/v2\/programas_tax?post=36081"}],"curies":[{"name":"wp","href":"https:\/\/api.w.org\/{rel}","templated":true}]}}