{"id":36082,"date":"2021-04-26T00:00:00","date_gmt":"2021-04-26T05:00:00","guid":{"rendered":"https:\/\/www.medellin.gov.co\/es\/saladeprensa\/noticias\/el-metrocable-picacho-comienza-su-recta-final-con-la-marcha-blanca-de-sus-primeros-usuarios\/"},"modified":"2022-03-27T23:19:29","modified_gmt":"2022-03-28T04:19:29","slug":"el-metrocable-picacho-comienza-su-recta-final-con-la-marcha-blanca-de-sus-primeros-usuarios","status":"publish","type":"post","link":"https:\/\/www.medellin.gov.co\/es\/sala-de-prensa\/noticias\/el-metrocable-picacho-comienza-su-recta-final-con-la-marcha-blanca-de-sus-primeros-usuarios\/","title":{"rendered":"El Metrocable Picacho comienza su recta final con la marcha blanca de sus primeros usuarios"},"content":{"rendered":"<div class=\"wrap contenido\">\n<div class=\"noticia\">\n<div class=\"imagen\">\n<div class=\"divContImageNoticia input_plantilla input_background\" data-input=\"fotografia\" ruta=\"\/galerias\/Imagenes\/Galer\u00eda d\u00eda a d\u00eda 2021\/500_400\/20210426-Metrocable-Picacho-1.jpg\" fotografo=\"Foto Alcald\u00eda de Medell\u00edn\" descripcion=\"El Metrocable Picacho comienza su recta final con la marcha blanca de sus primeros usuarios.\" style=\"background-image:url('\/irj\/go\/km\/docs\/galerias\/Imagenes\/Galer\u00eda d\u00eda a d\u00eda 2021\/500_400\/20210426-Metrocable-Picacho-1.jpg')\"><\/div>\n<p class=\"pMetaDesc\">Foto: El Metrocable Picacho comienza su recta final con la marcha blanca de sus primeros usuarios.<\/p>\n<p class=\"pMetaFotografo\">Fot\u00f3grafo: Foto Alcald\u00eda de Medell\u00edn<\/p>\n<\/div>\n<p class=\"fecha\"><span class=\"input_plantilla input_text\" data-input=\"fecha\">2021-04-26<\/span><\/p>\n<p itemprop=\"name\" class=\"input_plantilla input_text\" data-input=\"titulo\">El Metrocable Picacho comienza su recta final con la marcha blanca de sus primeros usuarios<\/p>\n<p class=\"input_plantilla input_text\" data-input=\"autor\">Por Byron Garc\u00eda Correa<\/p>\n<div class=\"cuerpo input_plantilla input_area\" data-input=\"contenido\">\n<p>.: La Alcald\u00eda y el Metro de Medell\u00edn iniciaron la marcha blanca de la nueva L\u00ednea P. Se trata de pruebas con usuarios del sistema.<\/p>\n<p>.: El Metrocable Picacho es el primer sistema de cable local que incorpora la tecnolog\u00eda de direct drive para reducir el ruido del sistema.<\/p>\n<p>.: Ser\u00e1n m\u00e1s de 420.000 las personas beneficiadas, gracias a la inversi\u00f3n hecha por la Administraci\u00f3n Municipal que asciende a los $364.955 millones.<\/p>\n<p><a href=\"\/irj\/go\/km\/docs\/pccdesign\/medellin\/Temas\/InfraestructuraFisica\/Noticias\/Shared Content\/Documentos\/2021\/20210426-Alcalde-Metrocable-Picacho-01.mp3\" class=\"aContEnlace audio\" download=\"\" data-mce-href=\"\/irj\/go\/km\/docs\/pccdesign\/medellin\/Temas\/InfraestructuraFisica\/Noticias\/Shared Content\/Documentos\/2021\/20210426-Alcalde-Metrocable-Picacho-01.mp3\"><span><\/span><span>Palabras de Daniel Quintero Calle, alcalde de Medell\u00edn (intervenci\u00f3n 1).<\/span><span>2292 Kb<\/span><\/a><\/p>\n<p><a href=\"\/irj\/go\/km\/docs\/pccdesign\/medellin\/Temas\/InfraestructuraFisica\/Noticias\/Shared Content\/Documentos\/2021\/20210426-Alcalde-Metrocable-Picacho-02.mp3\" class=\"aContEnlace audio\" download=\"\" data-mce-href=\"\/irj\/go\/km\/docs\/pccdesign\/medellin\/Temas\/InfraestructuraFisica\/Noticias\/Shared Content\/Documentos\/2021\/20210426-Alcalde-Metrocable-Picacho-02.mp3\"><span>Palabras de Daniel Quintero Calle, alcalde de Medell\u00edn (intervenci\u00f3n 2).<\/span><span>5995 Kb<\/span><\/a><\/p>\n<p><a href=\"\/irj\/go\/km\/docs\/pccdesign\/medellin\/Temas\/InfraestructuraFisica\/Noticias\/Shared Content\/Documentos\/2021\/20210426-Metrocable-Picacho-03.mp3\" class=\"aContEnlace audio\" download=\"\" data-mce-href=\"\/irj\/go\/km\/docs\/pccdesign\/medellin\/Temas\/InfraestructuraFisica\/Noticias\/Shared Content\/Documentos\/2021\/20210426-Metrocable-Picacho-03.mp3\"><span><\/span><span>Palabras de Natalia Urrego Arias, secretaria de Infraestructura F\u00edsica.<\/span><span>954 Kb<\/span><\/a><\/p>\n<p><a href=\"\/irj\/go\/km\/docs\/pccdesign\/medellin\/Temas\/InfraestructuraFisica\/Noticias\/Shared Content\/Documentos\/2021\/20210426-Metrocable-Picacho-04.mp3\" class=\"aContEnlace audio\" download=\"\" data-mce-href=\"\/irj\/go\/km\/docs\/pccdesign\/medellin\/Temas\/InfraestructuraFisica\/Noticias\/Shared Content\/Documentos\/2021\/20210426-Metrocable-Picacho-04.mp3\"><span><\/span><span>Palabras de Beatriz Salgado, presidenta Junta de Acci\u00f3n Comunal (JAC) barrio Girardot.<\/span><span>1565 Kb<\/span><\/a><\/p>\n<p>La L\u00ednea P del Metro ya es una realidad. Este 26 de abril comenz\u00f3 la denominada marcha blanca que es la \u00faltima fase de pruebas antes de la entrada en operaci\u00f3n comercial del sistema. Se trata de un proceso en el que los usuarios utilizan el metrocable de manera gratuita para conocer las bondades del proyecto y familiarizarse con \u00e9l.<\/p>\n<p>\u201c<em>Esta obra va a beneficiar a 420.000 personas en la comunas 5 y 6, se han invertido cerca de $360.000 millones de pesos en los \u00faltimos cinco a\u00f1os y, adem\u00e1s de toda la infraestructura de movilidad que significa el Metrocable Picacho, hay toda una inversi\u00f3n en la zona que incluye no solo las obras del mismo Metro, que van muy avanzadas, sino tambi\u00e9n unos Proyectos Urbanos Integrales (PUI) de la Secretar\u00eda de infraestructura que se est\u00e1n ejecutando al mismo tiempo<\/em>\u201d, dijo el alcalde Daniel Quintero Calle.<\/p>\n<p>El Metrocable Picacho ser\u00e1 el de mayor capacidad y velocidad del pa\u00eds, reducir\u00e1 la emisi\u00f3n de 979 toneladas de CO2 por a\u00f1o, sumar\u00e1 30.000 metros cuadrados de nuevo espacio p\u00fablico en la zona noroccidental y podr\u00e1 movilizar hasta 4.000 pasajeros hora\/sentido.<\/p>\n<p><a data-mce-href=\"\/irj\/go\/km\/docs\/galerias\/Imagenes\/Galer%C3%ADa%20d%C3%ADa%20a%20d%C3%ADa%202021\/20210426-Metrocable-Picacho-2.jpg\" href=\"\/irj\/go\/km\/docs\/galerias\/Imagenes\/Galer%C3%ADa%20d%C3%ADa%20a%20d%C3%ADa%202021\/20210426-Metrocable-Picacho-2.jpg\" title=\"El Metrocable Picacho comienza su recta final con la marcha blanca de sus primeros usuarios\" target=\"_blank\" rel=\"noopener\"><img src=\"\/irj\/go\/km\/docs\/galerias\/Imagenes\/Galer%C3%ADa%20d%C3%ADa%20a%20d%C3%ADa%202021\/1000_450\/20210426-Metrocable-Picacho-2.jpg\" alt=\"El Metrocable Picacho comienza su recta final con la marcha blanca de sus primeros usuarios\" width=\"100%\" data-mce-src=\"\/irj\/go\/km\/docs\/galerias\/Imagenes\/Galer%C3%ADa%20d%C3%ADa%20a%20d%C3%ADa%202021\/1000_450\/20210426-Metrocable-Picacho-2.jpg\"><\/a><br data-mce-bogus=\"1\"><\/p>\n<p>Esta l\u00ednea del metrocable actualmente emplea 1.009 personas, 898 son hombres y 111 mujeres. Adem\u00e1s, es el primer sistema de cable en la ciudad que incorpora la tecnolog\u00eda de direct drive que reducir\u00e1 el ruido del sistema y con ello requerir\u00e1 menos mantenimientos.<\/p>\n<p>Durante el evento que da inicio a la marcha blanca, el mandatario local agradeci\u00f3 el apoyo de la comunidad durante el desarrollo del proyecto y realiz\u00f3 un minuto de silencio en honor a todas las personas que han muerto durante la pandemia, especialmente por uno de los habitantes de la zona que sigui\u00f3 el avance de la obra hasta que hace una semana perdi\u00f3 la batalla contra el virus.<\/p>\n<p>\u201c<em>La propuesta del barrio es apuntar al ecobarrio, porque estamos muy unidos a la propuesta del se\u00f1or Alcalde que tiene que ver con la ecociudad, creemos que Medell\u00edn lo necesita. Queremos que sea el inicio del proyecto y que la ciudad sea como un jard\u00edn bot\u00e1nico con el cultivo de arom\u00e1ticas, flores, caf\u00e9, y empezar a educar a la comunidad<\/em>\u201d, indic\u00f3 la presidenta de la Junta de Acci\u00f3n Comunal (JAC) del barrio Girardot, Beatriz Salgado.<\/p>\n<p><a data-mce-href=\"\/irj\/go\/km\/docs\/galerias\/Imagenes\/Galer%C3%ADa%20d%C3%ADa%20a%20d%C3%ADa%202021\/20210426-Metrocable-Picacho-3.jpg\" href=\"\/irj\/go\/km\/docs\/galerias\/Imagenes\/Galer%C3%ADa%20d%C3%ADa%20a%20d%C3%ADa%202021\/20210426-Metrocable-Picacho-3.jpg\" title=\"El Metrocable Picacho comienza su recta final con la marcha blanca de sus primeros usuarios\" target=\"_blank\" rel=\"noopener\"><img src=\"\/irj\/go\/km\/docs\/galerias\/Imagenes\/Galer%C3%ADa%20d%C3%ADa%20a%20d%C3%ADa%202021\/1000_450\/20210426-Metrocable-Picacho-3.jpg\" alt=\"El Metrocable Picacho comienza su recta final con la marcha blanca de sus primeros usuarios\" width=\"100%\"><\/a><br data-mce-bogus=\"1\"><\/p>\n<p>Estas pruebas con usuarios, que se extender\u00e1n hasta finales de mayo, se dividir\u00e1n en cuatro fases para cumplir con un cronograma que permita abarcar a los p\u00fablicos de inter\u00e9s en las comunas 5-Castilla y 6-Doce de Octubre. La marcha blanca estar\u00e1 dividida as\u00ed:<\/p>\n<p>Semana 1: ingreso por la estaci\u00f3n SENA.<br \/>Semana 2: ingreso por la estaci\u00f3n Doce de Octubre.<br \/>Semana 3: ingreso por estaci\u00f3n El Progreso.<br \/>Semana 4: ingreso por Acevedo.<\/p>\n<p>Los invitados har\u00e1n un carrusel, es decir, dar\u00e1n la vuelta por las cuatro estaciones sin bajarse en ellas y descender\u00e1n cuando lleguen nuevamente a la estaci\u00f3n de ingreso. Este recorrido completo tiene una duraci\u00f3n de 22 minutos aproximadamente. \u201cEstamos haciendo un plan de movilidad caminera, vamos a integrar los andenes y las v\u00edas peatonales para que la caminata tambi\u00e9n sea uno de los modos sostenibles que permitan llegar a las estaciones\u201d, explic\u00f3 la secretaria de Infraestructura F\u00edsica, Natalia Urrego Arias.<\/p>\n<p>Entre los invitados a la marcha blanca se encuentran los l\u00edderes comunitarios de Castilla y Doce de Octubre (JAL, JAC, CCCP, Mesas, p\u00e1rrocos, clubes de vida), comunidad acad\u00e9mica del sector, integrantes de corporaciones culturales y vecinos de las estaciones, entre otros, que manifestaron su intenci\u00f3n de convertir los barrios en \u201cecobarrios\u201d que rodeen la cultura metro de la ciudad.<\/p>\n<p>Este proceso se lleva a cabo con todos los protocolos de bioseguridad como parte del relacionamiento positivo de la Alcald\u00eda y del Metro con sus grupos de inter\u00e9s. \u201c<em>Recibimos la certificaci\u00f3n de seguridad sobre las pruebas con carga sobre el sistema, por un organismo independiente, que nos da la tranquilidad de ejecutar el plan de tener una estaci\u00f3n con invitados especiales de la comunidad<\/em>\u201d, manifest\u00f3 el gerente del Metro de Medell\u00edn, Tom\u00e1s Elejalde.<\/p>\n<p>Con la operaci\u00f3n de l\u00ednea P, se evitar\u00e1n 5.176 accidentes de tr\u00e1nsito al a\u00f1o, lo que equivale a un ahorro de $3.430 millones en el mismo periodo. Adem\u00e1s, diariamente se movilizar\u00e1n, en promedio, 36.800 pasajeros, gracias a la capacidad de 12 personas por cabina (superior a la del resto de los cables en la ciudad).<\/p>\n<p>La L\u00ednea P es el sexto cable a\u00e9reo en Medell\u00edn, parte de su financiaci\u00f3n cont\u00f3 con la participaci\u00f3n de la Gobernaci\u00f3n de Antioquia a trav\u00e9s de $25.000 millones y una vez entre en operaci\u00f3n dispondr\u00e1 de cuatro estaciones (Acevedo, SENA, Doce de Octubre y El Progreso) y la siembra de unos 1.400 \u00e1rboles en la zona de influencia del proyecto, lo que demuestra la apuesta de la Administraci\u00f3n Municipal por continuar fortaleciendo la Ecociudad en todo el territorio.<\/p>\n<p>\u201c<em>Cuando el Metro llega a un barrio en la ciudad se transforma la cultura, la gente aprende a amar la ciudad y es como si meti\u00e9ramos el territorio. Por eso tambi\u00e9n la apuesta que hicimos, para que en medio de las dificultades presupuestales del pa\u00eds sac\u00e1ramos adelante la financiaci\u00f3n del Metro de la 80 y no paramos en todos los proyectos que signifiquen conectar, concentrar, crear espacios y parques para que nos encontremos<\/em>\u201d, dijo el alcalde Daniel Quintero Calle.<\/p>\n<\/div>\n<div class=\"compartir\">Compartir en:<a title=\"\" href=\"http:\/\/www.facebook.com\/share.php?u=\" class=\"btCompartirFacebook btCompartir\" target=\"_blank\" rel=\"noopener\"><\/a><a title=\"\" href=\"http:\/\/twitter.com\/home?status=Haz%20clic%20para%20ver%20esta%20noticia%20en%20\" class=\"btCompartirTwitter btCompartir\"><\/a><a title=\"\" href=\"whatsapp:\/\/send?text=Haz%20clic%20para%20ver%20esta%20noticia%20en%20\" class=\"btCompartirWa btCompartir\"><\/a><\/div>\n<\/div>\n<p><script>try{comprobarImagen();fixBtnRedes();hitsMedellin();}catch(e){}<\/script><\/div>\n","protected":false},"excerpt":{"rendered":"<p>Foto: El Metrocable Picacho comienza su recta final con la marcha blanca de sus primeros usuarios. Fot\u00f3grafo: Foto Alcald\u00eda de Medell\u00edn 2021-04-26 El Metrocable Picacho comienza su recta final con la marcha blanca de sus &#8230;<\/p>\n","protected":false},"author":1,"featured_media":60307,"comment_status":"open","ping_status":"open","sticky":false,"template":"","format":"standard","meta":[],"categories":[293,26,11],"tags":[440,434,447,442,443],"formato_nota":[],"programas_tax":[],"acf":[],"_links":{"self":[{"href":"https:\/\/www.medellin.gov.co\/es\/wp-json\/wp\/v2\/posts\/36082"}],"collection":[{"href":"https:\/\/www.medellin.gov.co\/es\/wp-json\/wp\/v2\/posts"}],"about":[{"href":"https:\/\/www.medellin.gov.co\/es\/wp-json\/wp\/v2\/types\/post"}],"author":[{"embeddable":true,"href":"https:\/\/www.medellin.gov.co\/es\/wp-json\/wp\/v2\/users\/1"}],"replies":[{"embeddable":true,"href":"https:\/\/www.medellin.gov.co\/es\/wp-json\/wp\/v2\/comments?post=36082"}],"version-history":[{"count":1,"href":"https:\/\/www.medellin.gov.co\/es\/wp-json\/wp\/v2\/posts\/36082\/revisions"}],"predecessor-version":[{"id":48723,"href":"https:\/\/www.medellin.gov.co\/es\/wp-json\/wp\/v2\/posts\/36082\/revisions\/48723"}],"wp:featuredmedia":[{"embeddable":true,"href":"https:\/\/www.medellin.gov.co\/es\/wp-json\/wp\/v2\/media\/60307"}],"wp:attachment":[{"href":"https:\/\/www.medellin.gov.co\/es\/wp-json\/wp\/v2\/media?parent=36082"}],"wp:term":[{"taxonomy":"category","embeddable":true,"href":"https:\/\/www.medellin.gov.co\/es\/wp-json\/wp\/v2\/categories?post=36082"},{"taxonomy":"post_tag","embeddable":true,"href":"https:\/\/www.medellin.gov.co\/es\/wp-json\/wp\/v2\/tags?post=36082"},{"taxonomy":"formato_nota","embeddable":true,"href":"https:\/\/www.medellin.gov.co\/es\/wp-json\/wp\/v2\/formato_nota?post=36082"},{"taxonomy":"programas_tax","embeddable":true,"href":"https:\/\/www.medellin.gov.co\/es\/wp-json\/wp\/v2\/programas_tax?post=36082"}],"curies":[{"name":"wp","href":"https:\/\/api.w.org\/{rel}","templated":true}]}}