{"id":36086,"date":"2021-04-26T00:00:00","date_gmt":"2021-04-26T05:00:00","guid":{"rendered":"https:\/\/www.medellin.gov.co\/es\/saladeprensa\/noticias\/el-amor-y-la-empatia-todo-lo-pueden\/"},"modified":"2022-03-27T23:19:33","modified_gmt":"2022-03-28T04:19:33","slug":"el-amor-y-la-empatia-todo-lo-pueden","status":"publish","type":"post","link":"https:\/\/www.medellin.gov.co\/es\/sala-de-prensa\/noticias\/el-amor-y-la-empatia-todo-lo-pueden\/","title":{"rendered":"El amor y la empat\u00eda todo lo pueden"},"content":{"rendered":"<div class=\"wrap contenido\">\n<div class=\"noticia\">\n<div class=\"imagen\">\n<div class=\"divContImageNoticia input_plantilla input_background\" data-input=\"fotografia\" ruta=\"\/galerias\/Imagenes\/Galer\u00eda d\u00eda a d\u00eda 2021\/500_400\/20210426-SANDRA ARBOLEDA arbol.jpg\" fotografo=\"Foto Alcald\u00eda de Medell\u00edn\" descripcion=\"Sandra Arboleda es la vicepresidenta de Asocomunal Comuna 7.\" style=\"background-image:url('\/irj\/go\/km\/docs\/galerias\/Imagenes\/Galer\u00eda d\u00eda a d\u00eda 2021\/500_400\/20210426-SANDRA ARBOLEDA arbol.jpg')\"><\/div>\n<p class=\"pMetaDesc\">Foto: Sandra Arboleda es la vicepresidenta de Asocomunal Comuna 7.<\/p>\n<p class=\"pMetaFotografo\">Fot\u00f3grafo: Foto Alcald\u00eda de Medell\u00edn<\/p>\n<\/div>\n<p class=\"fecha\"><span class=\"input_plantilla input_text\" data-input=\"fecha\">2021-04-27<\/span><\/p>\n<p itemprop=\"name\" class=\"input_plantilla input_text\" data-input=\"titulo\">El amor y la empat\u00eda todo lo pueden<\/p>\n<p class=\"input_plantilla input_text\" data-input=\"autor\">Por: Matilde Alvarado<\/p>\n<div class=\"cuerpo input_plantilla input_area\" data-input=\"contenido\">\n<p style=\"text-align: center;\" data-mce-style=\"text-align: center;\"><em>La siguiente es una historia cotidiana, de una mujer que ha sabido adaptarse a las circunstancias que han llegado a su vida.<\/em><\/p>\n<p>Sandra Arboleda es una mujer de estatura mediana, trigue\u00f1a, de cabello ondulado, casi siempre recogido hacia atr\u00e1s con una banda. Cuando la conoc\u00ed, la percib\u00ed cautelosa, firme y directa. Pero en la medida en que avanzaba mi entrevista fui complementando, eso que se llama la primera impresi\u00f3n y fui descubriendo esa mujer de carne y hueso, que vive intensamente y que llena de amor cada cosa que hace. Sandra result\u00f3 ser toda una <em>\u201ccaja de sorpresas<\/em>\u201c como ella misma dice.<\/p>\n<p>Vive en las laderas del occidente de Medell\u00edn, desde donde se ve una ciudad distinta: el sur a la derecha, el norte a la izquierda y el oriente al frente. A Robledo lleg\u00f3 en 1997 para cumplir el sue\u00f1o de mucha gente: tener casa propia. Y aunque para Sandra en ese momento su sue\u00f1o se convirti\u00f3 en una pesadilla por el tema del UPAC, logro ser propietaria y convertir su sue\u00f1o en realidad. <em>\u201cSalimos adelante gracias a uno de nuestros emprendimientos: Avisos \u201cHandS\u201d- Centro de Decoraci\u00f3n de Veh\u00edculos\u201d. Una de nuestras empresas, a la que le dedicamos 25 a\u00f1os de nuestras vidas y que logramos convertir en l\u00edder para transformar la imagen corporativa del transporte en la Ciudad de Medell\u00edn\u201d.<\/em><\/p>\n<p>Pero como la vida no fluye por el mismo cauce, ni con la misma velocidad, ni con la misma fuerza, a veces da unos giros imprevistos que nos llevan por caminos inesperados y borrascosos. Un d\u00eda, la vida de su familia tuvo un giro de 180 grados: su pareja Hilda Mar\u00eda, sufri\u00f3 un accidente que cambi\u00f3 sus vidas para siempre. Las 38 hospitalizaciones que han sobrevivido dan cuenta de la gravedad de la situaci\u00f3n. De ah\u00ed que Sandra, se vea obligada a tomar la decisi\u00f3n mas dif\u00edcil: dejar sus estudios de Artes Pl\u00e1sticas en la Universidad de Antioquia y cerrar sus empresas. \u201c<em>Nos toc\u00f3 cerrar porque primero hab\u00eda que lograr la recuperaci\u00f3n de Hilda, que la generaci\u00f3n de ingresos\u201d.<\/em><\/p>\n<p><em><img src=\"https:\/\/www.medellin.gov.co\/irj\/go\/km\/docs\/pccdesign\/medellin\/Temas\/MedellnDiversa\/Shared%20Content\/Imagenes\/2021\/20210426-SANDRA%20ARBOLEDA%20mirando%20la%20ciudad.jpg\" alt=\"Sandra Arboleda es la vicepresidenta de Asocomunal Comuna 7\" width=\"100%\" data-mce-src=\"https:\/\/www.medellin.gov.co\/irj\/go\/km\/docs\/pccdesign\/medellin\/Temas\/MedellnDiversa\/Shared%20Content\/Imagenes\/2021\/20210426-SANDRA%20ARBOLEDA%20mirando%20la%20ciudad.jpg\"><\/em><\/p>\n<p>La condici\u00f3n de discapacidad de su pareja, enfrentar una nueva situaci\u00f3n econ\u00f3mica, renunciar a la vida que ten\u00eda para convertirse en la cuidadora del amor de su vida, fueron los caminos inesperados que pusieron a prueba el amor de Sandra y que ella ha recorrido cada vez con m\u00e1s fluidez y menos resistencia. <em>\u201cEso sumado a los deseos de seguir adelante, nos ha permitido consolidar nuestra relaci\u00f3n de 33 a\u00f1os y de superar las dificultades del d\u00eda a d\u00eda. Todo lo que hab\u00edamos construido como pareja se convirti\u00f3 en el motor que hoy nos permite salir adelante\u201d.<\/em><\/p>\n<p>Adem\u00e1s de su amor, Sandra a puesto a prueba su creatividad y resiliencia para sobrevivir. <em>\u201cHe podido generar recursos gracias a mis habilidades y conocimientos, he buscado oportunidades en peque\u00f1os negocios, gestionando emprendimientos para ir mitigando nuestras necesidades<\/em>. En la pandemia, en medio del encierro surgieron ideas innovadoras con los elementos que ten\u00edan a la mano, es as\u00ed como nace \u201cCompro y vendo en la Comuna 7\u201d, un grupo comercial en <em>WhatsApp<\/em> con capacidad para 256 compradores y vendedores y que ahora quieren convertir en una aplicaci\u00f3n web que permita interacci\u00f3n sin limite de participantes.&nbsp;<\/p>\n<p>A trav\u00e9s del trabajo social y colaborativo, con el apoyo de Carlos Humberto Garc\u00eda de Fedemedell\u00edn, La Fundaci\u00f3n Saciar, la Polic\u00eda Nacional, Asocomunal Comuna 7 y un grupo de vecinos y colaboradores, crearon tambi\u00e9n una gran alianza llamada \u201cEl fog\u00f3n de mi barrio\u201d, con 19 fogones en toda la ciudad y que funcion\u00f3 desde mayo hasta diciembre de 2020. Con esta estrategia fue posible la alimentaci\u00f3n de 140 personas d\u00eda de por medio. Estas acciones la hacieron merecedora del <em>\u201cGalard\u00f3n Medalla al M\u00e9rito Femenino categor\u00eda Oro en 2020\u201d<\/em>, que premiaba las acciones de las lideresas comunales encaminadas a la empat\u00eda durante la crisis de la COVID-19.<\/p>\n<p><em>\u201cElla es como un libro abierto en el que uno encuentra de todo, de todo lo que usted le pregunte, ella tiene una respuesta\u201d<\/em>, dice do\u00f1a Luz Marina Torres, integrante del Colectivo de Mujeres Transformadoras de vida, a quien encontramos trabajando con ella en el momento de la entrevista; y quien certifica que Sandra Arboleda ha ayudado a cambiar la vida de muchas personas de la Comuna 7 &#8211; Robledo en el occidente de Medell\u00edn.<\/p>\n<p>En la actualidad, Sandra Arboleda es la vicepresidenta de Asocomunal Comuna 7, cargo al que llega con Mario Arturo V\u00e9lez como presidente y a quien reconoce como su compa\u00f1ero de f\u00f3rmula para construir procesos de liderazgo desde la equidad. Hace parte del colectivo de Mujeres Transformadoras de Vida; es asesora externa de la mesa de Convivencia, Derechos Humanos y Paz; presidenta de la JAC Tulipanes, delegada a Fedemedellin, es activista LGBTIQ+ desde la Mesa \u201cProyecci\u00f3n Diversa\u201d de la Comuna 7, directora de la Corporaci\u00f3n Tulipanes y representante de las Organizaciones Sociales de su territorio en el Consejo Comunal de Planeaci\u00f3n<em>. \u201cPara mi, Sandra es una persona muy profesional, muy equitativa, es una persona que ha llegado al colectivo a aportar con sus ideas\u201d, <\/em>asegura Berenice R\u00faa, coordinadora del colectivo de Mujeres Transformadoras de Vida.<\/p>\n<p>En el \u00e1mbito personal Sandra es una mujer dedicada a su familia y en los pocos ratos libres que le quedan se dedica al arte y la cultura; lee, escribe, pinta mandalas y elabora figuras con adhesivos de colores. Para ella su familia es lo m\u00e1s importante y su compa\u00f1era, con quien lleva 33 a\u00f1os de vida compartidos, es el eje central de su vida.<\/p>\n<p><em>\u201cMi gran aprendizaje es la empat\u00eda. Si no hubiera sido ella sino yo quien sufriera ese accidente me gustar\u00eda que me tratara como yo intento hacerlo con ella: con amor, por eso mi dedicaci\u00f3n para cuidarla y mi compromiso para ayudar en su recuperaci\u00f3n. Cada d\u00eda es para m\u00ed una oportunidad de ayudar a otros, sin quejas y de esa manera ayudarme a m\u00ed misma\u201d.<\/em><\/p>\n<p>Hoy, D\u00eda Internacional de la Visibilidad L\u00e9sbica desde la Gerencia de Diversidades Sexuales e Identidades de G\u00e9nero de la Alcald\u00eda de Medell\u00edn, queremos reconocer a trav\u00e9s de la historia de Sandra Arboleda, a tantas mujeres diversas de nuestra ciudad que trabajan por el desarrollo de sus comunidades.<\/p>\n<\/div>\n<div class=\"compartir\">Compartir en:<a title=\"\" href=\"http:\/\/www.facebook.com\/share.php?u=\" class=\"btCompartirFacebook btCompartir\" target=\"_blank\" rel=\"noopener\"><\/a><a title=\"\" href=\"http:\/\/twitter.com\/home?status=Haz%20clic%20para%20ver%20esta%20noticia%20en%20\" class=\"btCompartirTwitter btCompartir\"><\/a><a title=\"\" href=\"whatsapp:\/\/send?text=Haz%20clic%20para%20ver%20esta%20noticia%20en%20\" class=\"btCompartirWa btCompartir\"><\/a><\/div>\n<\/div>\n<p><script>try{comprobarImagen();fixBtnRedes();hitsMedellin();}catch(e){}<\/script><\/div>\n","protected":false},"excerpt":{"rendered":"<p>Foto: Sandra Arboleda es la vicepresidenta de Asocomunal Comuna 7. Fot\u00f3grafo: Foto Alcald\u00eda de Medell\u00edn 2021-04-27 El amor y la empat\u00eda todo lo pueden Por: Matilde Alvarado La siguiente es una historia cotidiana, de una &#8230;<\/p>\n","protected":false},"author":1,"featured_media":60311,"comment_status":"open","ping_status":"open","sticky":false,"template":"","format":"standard","meta":[],"categories":[534],"tags":[438],"formato_nota":[],"programas_tax":[],"acf":[],"_links":{"self":[{"href":"https:\/\/www.medellin.gov.co\/es\/wp-json\/wp\/v2\/posts\/36086"}],"collection":[{"href":"https:\/\/www.medellin.gov.co\/es\/wp-json\/wp\/v2\/posts"}],"about":[{"href":"https:\/\/www.medellin.gov.co\/es\/wp-json\/wp\/v2\/types\/post"}],"author":[{"embeddable":true,"href":"https:\/\/www.medellin.gov.co\/es\/wp-json\/wp\/v2\/users\/1"}],"replies":[{"embeddable":true,"href":"https:\/\/www.medellin.gov.co\/es\/wp-json\/wp\/v2\/comments?post=36086"}],"version-history":[{"count":1,"href":"https:\/\/www.medellin.gov.co\/es\/wp-json\/wp\/v2\/posts\/36086\/revisions"}],"predecessor-version":[{"id":48731,"href":"https:\/\/www.medellin.gov.co\/es\/wp-json\/wp\/v2\/posts\/36086\/revisions\/48731"}],"wp:featuredmedia":[{"embeddable":true,"href":"https:\/\/www.medellin.gov.co\/es\/wp-json\/wp\/v2\/media\/60311"}],"wp:attachment":[{"href":"https:\/\/www.medellin.gov.co\/es\/wp-json\/wp\/v2\/media?parent=36086"}],"wp:term":[{"taxonomy":"category","embeddable":true,"href":"https:\/\/www.medellin.gov.co\/es\/wp-json\/wp\/v2\/categories?post=36086"},{"taxonomy":"post_tag","embeddable":true,"href":"https:\/\/www.medellin.gov.co\/es\/wp-json\/wp\/v2\/tags?post=36086"},{"taxonomy":"formato_nota","embeddable":true,"href":"https:\/\/www.medellin.gov.co\/es\/wp-json\/wp\/v2\/formato_nota?post=36086"},{"taxonomy":"programas_tax","embeddable":true,"href":"https:\/\/www.medellin.gov.co\/es\/wp-json\/wp\/v2\/programas_tax?post=36086"}],"curies":[{"name":"wp","href":"https:\/\/api.w.org\/{rel}","templated":true}]}}