{"id":36087,"date":"2021-04-27T00:00:00","date_gmt":"2021-04-27T05:00:00","guid":{"rendered":"https:\/\/www.medellin.gov.co\/es\/saladeprensa\/noticias\/con-la-participacion-de-11-entidades-del-sector-salud-avanza-la-septima-feria-de-la-seguridad-social\/"},"modified":"2022-03-27T23:19:34","modified_gmt":"2022-03-28T04:19:34","slug":"con-la-participacion-de-11-entidades-del-sector-salud-avanza-la-septima-feria-de-la-seguridad-social","status":"publish","type":"post","link":"https:\/\/www.medellin.gov.co\/es\/sala-de-prensa\/noticias\/con-la-participacion-de-11-entidades-del-sector-salud-avanza-la-septima-feria-de-la-seguridad-social\/","title":{"rendered":"Con la participaci\u00f3n de 11 entidades del sector salud avanza la s\u00e9ptima Feria de la Seguridad Social"},"content":{"rendered":"<div class=\"wrap contenido\">\n<div class=\"noticia\">\n<div class=\"imagen\">\n<div class=\"divContImageNoticia input_plantilla input_background\" data-input=\"fotografia\" ruta=\"\/pccdesign\/medellin\/Temas\/InclusionSocial\/Noticias\/Shared Content\/Imagenes\/2021\/20210427-Feria-Seguridad-Social-1.JPG\" fotografo=\"Foto Alcald\u00eda de Medell\u00edn\" descripcion=\"Con la participaci\u00f3n de 11 entidades del sector salud avanza la s\u00e9ptima Feria de la Seguridad Social.\" style=\"background-image:url('\/irj\/go\/km\/docs\/pccdesign\/medellin\/Temas\/InclusionSocial\/Noticias\/Shared Content\/Imagenes\/2021\/20210427-Feria-Seguridad-Social-1.JPG')\"><\/div>\n<p class=\"pMetaDesc\">Foto: Con la participaci\u00f3n de 11 entidades del sector salud avanza la s\u00e9ptima Feria de la Seguridad Social.<\/p>\n<p class=\"pMetaFotografo\">Fot\u00f3grafo: Foto Alcald\u00eda de Medell\u00edn<\/p>\n<\/div>\n<p class=\"fecha\"><span class=\"input_plantilla input_text\" data-input=\"fecha\">2021-04-27<\/span><\/p>\n<p itemprop=\"name\" class=\"input_plantilla input_text\" data-input=\"titulo\">Con la participaci\u00f3n de 11 entidades del sector salud avanza la s\u00e9ptima Feria de la Seguridad Social<\/p>\n<p class=\"input_plantilla input_text\" data-input=\"autor\">Por M\u00e1bel Hern\u00e1ndez Toro<\/p>\n<div class=\"cuerpo input_plantilla input_area\" data-input=\"contenido\">\n<p>.: La Alcald\u00eda de Medell\u00edn se une a esta feria virtual, con la que se busca facilitar la afiliaci\u00f3n para la ciudadan\u00eda y que accedan a diversos beneficios.<\/p>\n<p>.: Hasta el 30 de abril, los interesados podr\u00e1n ingresar&nbsp; de forma gratuita al link <a href=\"https:\/\/feriaseguridadsocialmde.gov.co\/\" data-mce-href=\"https:\/\/feriaseguridadsocialmde.gov.co\/\">https:\/\/feriaseguridadsocialmde.gov.co\/<\/a> para conocer todos los servicios.<\/p>\n<p><a href=\"\/irj\/go\/km\/docs\/pccdesign\/medellin\/Temas\/InclusionSocial\/Noticias\/Shared Content\/Documentos\/2021\/20210427-Feria-Seguridad-Social-01.mp3\" class=\"aContEnlace audio\" download=\"\" data-mce-href=\"\/irj\/go\/km\/docs\/pccdesign\/medellin\/Temas\/InclusionSocial\/Noticias\/Shared Content\/Documentos\/2021\/20210427-Feria-Seguridad-Social-01.mp3\"><span><\/span><span>Palabras de Fabi\u00e1n Ibarra, l\u00edder de Aseguramiento de la Secretar\u00eda de Salud.<\/span><span>1771 Kb<\/span><\/a><\/p>\n<p>Con el objetivo de promover el aseguramiento y el acceso a beneficios como protecci\u00f3n de los derechos humanos, prestaciones asistenciales y econ\u00f3micas, cirug\u00edas, incapacidad laboral y pensi\u00f3n de vejez, que otorga el Estado a trav\u00e9s del Sistema General de Seguridad Social (SGSSS), la Alcald\u00eda de Medell\u00edn, desde la Secretar\u00eda de Salud, se une a la s\u00e9ptima Feria de la Seguridad Social.<\/p>\n<p>Este ser\u00e1 un espacio virtual en el que se podr\u00e1 acceder, de manera gratuita, a la oferta institucional de 11 entidades de salud. El evento ir\u00e1 hasta el viernes 30 de abril y en el link <a href=\"https:\/\/feriaseguridadsocialmde.gov.co\/\" data-mce-href=\"https:\/\/feriaseguridadsocialmde.gov.co\/\">https:\/\/feriaseguridadsocialmde.gov.co\/<\/a> se podr\u00e1n conocer todos los servicios.<\/p>\n<p>\u201c<em>Debido a la pandemia, desde el a\u00f1o anterior tuvimos que hacer el evento de manera virtual y ha dado buenos resultados, porque la gente desde la comodidad de sus hogares puede acceder a toda la oferta institucional, hacer preguntas, consultas, sin necesidad de filas y por lo tanto creemos que esta vez tambi\u00e9n va a ser de muy buena acogida<\/em>\u201d, expres\u00f3 Fabi\u00e1n Ibarra, l\u00edder de Aseguramiento de la Secretar\u00eda de Salud.<\/p>\n<p>Dentro del portafolio de las entidades hay canales directos para consultar temas relacionados con las EPS, como afiliaci\u00f3n al r\u00e9gimen subsidiado o contributivo, solicitud de traslados entre EPS o movilidad entre reg\u00edmenes. Este \u00faltimo se destaca porque permite que las personas que pierdan el empleo puedan pasar de contributivo a subsidiado y viceversa, permaneciendo en la misma EPS sin interrupci\u00f3n en la afiliaci\u00f3n.En esta edici\u00f3n estar\u00e1n Savia Salud, Sura, Coomeva, Sanitas, Coosalud, Salud Total y Nueva EPS. <\/p>\n<p>Las instituciones encargadas de suministrar planes de pensi\u00f3n y otorgar subsidios del Estado ser\u00e1n Colpensiones y Fiduagraria Equidad, las cuales facilitar\u00e1n consultas en aspectos como historial laboral y n\u00famero de semanas faltantes para acceder a pensi\u00f3n, entre otros.Finalmente, las entidades como Comfama y Comfenalco, estar\u00e1n disponibles para servicios relacionados con las cajas de compensaci\u00f3n, subsidios familiares y de desempleo.<\/p>\n<\/div>\n<div class=\"compartir\">Compartir en:<a title=\"\" href=\"http:\/\/www.facebook.com\/share.php?u=\" class=\"btCompartirFacebook btCompartir\" target=\"_blank\" rel=\"noopener\"><\/a><a title=\"\" href=\"http:\/\/twitter.com\/home?status=Haz%20clic%20para%20ver%20esta%20noticia%20en%20\" class=\"btCompartirTwitter btCompartir\"><\/a><a title=\"\" href=\"whatsapp:\/\/send?text=Haz%20clic%20para%20ver%20esta%20noticia%20en%20\" class=\"btCompartirWa btCompartir\"><\/a><\/div>\n<\/div>\n<p><script>try{comprobarImagen();fixBtnRedes();hitsMedellin();}catch(e){}<\/script><\/div>\n","protected":false},"excerpt":{"rendered":"<p>Foto: Con la participaci\u00f3n de 11 entidades del sector salud avanza la s\u00e9ptima Feria de la Seguridad Social. Fot\u00f3grafo: Foto Alcald\u00eda de Medell\u00edn 2021-04-27 Con la participaci\u00f3n de 11 entidades del sector salud avanza la &#8230;<\/p>\n","protected":false},"author":1,"featured_media":60312,"comment_status":"open","ping_status":"open","sticky":false,"template":"","format":"standard","meta":[],"categories":[1,18],"tags":[428,452],"formato_nota":[],"programas_tax":[],"acf":[],"_links":{"self":[{"href":"https:\/\/www.medellin.gov.co\/es\/wp-json\/wp\/v2\/posts\/36087"}],"collection":[{"href":"https:\/\/www.medellin.gov.co\/es\/wp-json\/wp\/v2\/posts"}],"about":[{"href":"https:\/\/www.medellin.gov.co\/es\/wp-json\/wp\/v2\/types\/post"}],"author":[{"embeddable":true,"href":"https:\/\/www.medellin.gov.co\/es\/wp-json\/wp\/v2\/users\/1"}],"replies":[{"embeddable":true,"href":"https:\/\/www.medellin.gov.co\/es\/wp-json\/wp\/v2\/comments?post=36087"}],"version-history":[{"count":1,"href":"https:\/\/www.medellin.gov.co\/es\/wp-json\/wp\/v2\/posts\/36087\/revisions"}],"predecessor-version":[{"id":48733,"href":"https:\/\/www.medellin.gov.co\/es\/wp-json\/wp\/v2\/posts\/36087\/revisions\/48733"}],"wp:featuredmedia":[{"embeddable":true,"href":"https:\/\/www.medellin.gov.co\/es\/wp-json\/wp\/v2\/media\/60312"}],"wp:attachment":[{"href":"https:\/\/www.medellin.gov.co\/es\/wp-json\/wp\/v2\/media?parent=36087"}],"wp:term":[{"taxonomy":"category","embeddable":true,"href":"https:\/\/www.medellin.gov.co\/es\/wp-json\/wp\/v2\/categories?post=36087"},{"taxonomy":"post_tag","embeddable":true,"href":"https:\/\/www.medellin.gov.co\/es\/wp-json\/wp\/v2\/tags?post=36087"},{"taxonomy":"formato_nota","embeddable":true,"href":"https:\/\/www.medellin.gov.co\/es\/wp-json\/wp\/v2\/formato_nota?post=36087"},{"taxonomy":"programas_tax","embeddable":true,"href":"https:\/\/www.medellin.gov.co\/es\/wp-json\/wp\/v2\/programas_tax?post=36087"}],"curies":[{"name":"wp","href":"https:\/\/api.w.org\/{rel}","templated":true}]}}