{"id":36094,"date":"2021-04-27T00:00:00","date_gmt":"2021-04-27T05:00:00","guid":{"rendered":"https:\/\/www.medellin.gov.co\/es\/saladeprensa\/noticias\/en-80-avanzan-las-obras-para-prevenir-posibles-desbordamientos-e-inundaciones-en-la-quebrada-la-velasquez\/"},"modified":"2022-03-27T23:19:54","modified_gmt":"2022-03-28T04:19:54","slug":"en-80-avanzan-las-obras-para-prevenir-posibles-desbordamientos-e-inundaciones-en-la-quebrada-la-velasquez","status":"publish","type":"post","link":"https:\/\/www.medellin.gov.co\/es\/sala-de-prensa\/noticias\/en-80-avanzan-las-obras-para-prevenir-posibles-desbordamientos-e-inundaciones-en-la-quebrada-la-velasquez\/","title":{"rendered":"En 80 % avanzan las obras para prevenir posibles desbordamientos e inundaciones en la quebrada La Vel\u00e1squez"},"content":{"rendered":"<div class=\"wrap contenido\">\n<div class=\"noticia\">\n<div class=\"imagen\">\n<div class=\"divContImageNoticia input_plantilla input_background\" data-input=\"fotografia\" ruta=\"\/galerias\/Imagenes\/Galer\u00eda d\u00eda a d\u00eda 2021\/500_400\/20210428-quebrada-La-Velasquez-1.jpg\" fotografo=\"Foto Alcald\u00eda de Medelll\u00edn\" descripcion=\"En 80 % avanzan las obras para prevenir posibles desbordamientos e inundaciones en la quebrada La Vel\u00e1squez. \" style=\"background-image:url('\/irj\/go\/km\/docs\/galerias\/Imagenes\/Galer\u00eda d\u00eda a d\u00eda 2021\/500_400\/20210428-quebrada-La-Velasquez-1.jpg')\"><\/div>\n<p class=\"pMetaDesc\">Foto: En 80 % avanzan las obras para prevenir posibles desbordamientos e inundaciones en la quebrada La Vel\u00e1squez. <\/p>\n<p class=\"pMetaFotografo\">Fot\u00f3grafo: Foto Alcald\u00eda de Medelll\u00edn<\/p>\n<\/div>\n<p class=\"fecha\"><span class=\"input_plantilla input_text\" data-input=\"fecha\">2021-04-28<\/span><\/p>\n<p itemprop=\"name\" class=\"input_plantilla input_text\" data-input=\"titulo\">En 80 % avanzan las obras para prevenir posibles desbordamientos e inundaciones en la quebrada La Vel\u00e1squez<\/p>\n<p class=\"input_plantilla input_text\" data-input=\"autor\">Por Prensa Alcald\u00eda de Medell\u00edn<\/p>\n<div class=\"cuerpo input_plantilla input_area\" data-input=\"contenido\">\n<p>.: Estos trabajos se realizan en la comuna 5, barrio Tricentenario.&nbsp;<\/p>\n<p>.: La inversi\u00f3n en estas obras es por m\u00e1s de $3.331 millones.&nbsp;<\/p>\n<p>.: 128 \u00e1rboles nativos ser\u00e1n sembrados en espacio p\u00fablico.&nbsp;<\/p>\n<p><a href=\"\/irj\/go\/km\/docs\/pccdesign\/medellin\/Temas\/InfraestructuraFisica\/Noticias\/Shared Content\/Documentos\/2021\/20210428-quebrada-La-Velasquez-01.mp3\" class=\"aContEnlace audio\" download=\"\" data-mce-href=\"\/irj\/go\/km\/docs\/pccdesign\/medellin\/Temas\/InfraestructuraFisica\/Noticias\/Shared Content\/Documentos\/2021\/20210428-quebrada-La-Velasquez-01.mp3\"><span>Palabras de Luis Humberto Ossa, subsecretario de Recursos Naturales Renovables.<\/span><span>1033 Kb<\/span><\/a><\/p>\n<p>La construcci\u00f3n de un <em>box culvert<\/em> o cobertura rectangular en concreto y la adaptaci\u00f3n de escalones para controlar las velocidades del agua evitan que se presenten inundaciones y desbordamientos de la quebrada La Vel\u00e1squez, a la altura del sector del Tricentenario. Estos trabajos, cuya inversi\u00f3n supera los $3.331 millones de pesos, avanzan en un 80 %.&nbsp;<\/p>\n<p><em>\u201cEsta soluci\u00f3n hidr\u00e1ulica se propone en el barrio Tricentenario con el fin de reemplazar las tuber\u00edas falladas que discurren y transportan las aguas de la quebrada. Adem\u00e1s, se proyecta la siembra de 128 individuos arb\u00f3reos de especies nativas que fortalecen el espacio p\u00fablico verde del barrio, en compensaci\u00f3n por los 35 \u00e1rboles que se talaron por estar ubicados sobre la estructura hidr\u00e1ulica y que por su avanzada edad representaban un riesgo para los transe\u00fantes<\/em>\u201d, indic\u00f3 el subsecretario de Recursos Naturales Renovables, Luis Humberto Ossa.&nbsp;<\/p>\n<p>De esta manera, la Alcald\u00eda de Medell\u00edn busca mitigar el riesgo y las afectaciones que se presentan durante la temporada de lluvias en puntos cr\u00edticos de la ciudad. tambi\u00e9n, se realizan jornadas de mantenimiento rutinario a trav\u00e9s de la Secretar\u00eda de Medio Ambiente.&nbsp;<\/p>\n<p>Son 79 puntos de quebradas intervenidos con la remoci\u00f3n de 3.856 metros c\u00fabicos de sedimentos acumulados y 112.3 metros c\u00fabicos de residuos s\u00f3lidos, adem\u00e1s de la reparaci\u00f3n de 1.011 metros lineales de canales.&nbsp;<\/p>\n<p>Estas labores deben ejecutarse debido a la inadecuada disposici\u00f3n de residuos en fuentes h\u00eddricas, como colchones, muebles, telas, llantas y basura en general. La Administraci\u00f3n Local invita a la ciudadan\u00eda a desechar estos elementos en los lugares y horas autorizadas y reportar a la l\u00ednea 123 cualquier anomal\u00eda en las quebradas o represamiento en el cauce de los afluentes.<\/p>\n<\/div>\n<div class=\"compartir\">Compartir en:<a title=\"\" href=\"http:\/\/www.facebook.com\/share.php?u=\" class=\"btCompartirFacebook btCompartir\" target=\"_blank\" rel=\"noopener\"><\/a><a title=\"\" href=\"http:\/\/twitter.com\/home?status=Haz%20clic%20para%20ver%20esta%20noticia%20en%20\" class=\"btCompartirTwitter btCompartir\"><\/a><a title=\"\" href=\"whatsapp:\/\/send?text=Haz%20clic%20para%20ver%20esta%20noticia%20en%20\" class=\"btCompartirWa btCompartir\"><\/a><\/div>\n<\/div>\n<p><script>try{comprobarImagen();fixBtnRedes();hitsMedellin();}catch(e){}<\/script><\/div>\n","protected":false},"excerpt":{"rendered":"<p>Foto: En 80 % avanzan las obras para prevenir posibles desbordamientos e inundaciones en la quebrada La Vel\u00e1squez. Fot\u00f3grafo: Foto Alcald\u00eda de Medelll\u00edn 2021-04-28 En 80 % avanzan las obras para prevenir posibles desbordamientos e &#8230;<\/p>\n","protected":false},"author":1,"featured_media":60319,"comment_status":"open","ping_status":"open","sticky":false,"template":"","format":"standard","meta":[],"categories":[30,13],"tags":[434,436,442],"formato_nota":[],"programas_tax":[],"acf":[],"_links":{"self":[{"href":"https:\/\/www.medellin.gov.co\/es\/wp-json\/wp\/v2\/posts\/36094"}],"collection":[{"href":"https:\/\/www.medellin.gov.co\/es\/wp-json\/wp\/v2\/posts"}],"about":[{"href":"https:\/\/www.medellin.gov.co\/es\/wp-json\/wp\/v2\/types\/post"}],"author":[{"embeddable":true,"href":"https:\/\/www.medellin.gov.co\/es\/wp-json\/wp\/v2\/users\/1"}],"replies":[{"embeddable":true,"href":"https:\/\/www.medellin.gov.co\/es\/wp-json\/wp\/v2\/comments?post=36094"}],"version-history":[{"count":1,"href":"https:\/\/www.medellin.gov.co\/es\/wp-json\/wp\/v2\/posts\/36094\/revisions"}],"predecessor-version":[{"id":48747,"href":"https:\/\/www.medellin.gov.co\/es\/wp-json\/wp\/v2\/posts\/36094\/revisions\/48747"}],"wp:featuredmedia":[{"embeddable":true,"href":"https:\/\/www.medellin.gov.co\/es\/wp-json\/wp\/v2\/media\/60319"}],"wp:attachment":[{"href":"https:\/\/www.medellin.gov.co\/es\/wp-json\/wp\/v2\/media?parent=36094"}],"wp:term":[{"taxonomy":"category","embeddable":true,"href":"https:\/\/www.medellin.gov.co\/es\/wp-json\/wp\/v2\/categories?post=36094"},{"taxonomy":"post_tag","embeddable":true,"href":"https:\/\/www.medellin.gov.co\/es\/wp-json\/wp\/v2\/tags?post=36094"},{"taxonomy":"formato_nota","embeddable":true,"href":"https:\/\/www.medellin.gov.co\/es\/wp-json\/wp\/v2\/formato_nota?post=36094"},{"taxonomy":"programas_tax","embeddable":true,"href":"https:\/\/www.medellin.gov.co\/es\/wp-json\/wp\/v2\/programas_tax?post=36094"}],"curies":[{"name":"wp","href":"https:\/\/api.w.org\/{rel}","templated":true}]}}