{"id":36095,"date":"2021-04-28T00:00:00","date_gmt":"2021-04-28T05:00:00","guid":{"rendered":"https:\/\/www.medellin.gov.co\/es\/saladeprensa\/noticias\/disciplina-amor-y-mucha-danza\/"},"modified":"2022-03-27T23:19:55","modified_gmt":"2022-03-28T04:19:55","slug":"disciplina-amor-y-mucha-danza","status":"publish","type":"post","link":"https:\/\/www.medellin.gov.co\/es\/sala-de-prensa\/noticias\/disciplina-amor-y-mucha-danza\/","title":{"rendered":"Disciplina, amor y mucha danza"},"content":{"rendered":"<div class=\"wrap contenido\">\n<div class=\"noticia\">\n<div class=\"imagen\">\n<div class=\"divContImageNoticia input_plantilla input_background\" data-input=\"fotografia\" ruta=\"\/galerias\/Imagenes\/Galer\u00eda d\u00eda a d\u00eda 2021\/500_400\/20210428-Mes-Danza3.jpg\" fotografo=\"Foto Carlos Vidal\" descripcion=\"Asociaci\u00f3n Cultural Ballet Metropolitano de Medell\u00edn.\" style=\"background-image:url('\/irj\/go\/km\/docs\/galerias\/Imagenes\/Galer\u00eda d\u00eda a d\u00eda 2021\/500_400\/20210428-Mes-Danza3.jpg')\"><\/div>\n<p class=\"pMetaDesc\">Foto: Asociaci\u00f3n Cultural Ballet Metropolitano de Medell\u00edn.<\/p>\n<p class=\"pMetaFotografo\">Fot\u00f3grafo: Foto Carlos Vidal<\/p>\n<\/div>\n<p class=\"fecha\"><span class=\"input_plantilla input_text\" data-input=\"fecha\">2021-04-28<\/span><\/p>\n<p itemprop=\"name\" class=\"input_plantilla input_text\" data-input=\"titulo\">Disciplina, amor y mucha danza<\/p>\n<p class=\"input_plantilla input_text\" data-input=\"autor\">Por: Nathalia Bedoya Gonz\u00e1lez<\/p>\n<div class=\"cuerpo input_plantilla input_area\" data-input=\"contenido\">\n<p style=\"text-align: center;\" data-mce-style=\"text-align: center;\"><em>El D\u00eda Internacional de la Danza naci\u00f3 para rendir homenaje a quien es considerado el padre de ballet moderno, el franc\u00e9s Jean Georges Noverre, bailar\u00edn de la Corte Real y director de la \u00d3pera de Par\u00eds en 1776.<\/em><\/p>\n<p style=\"text-align: center;\" data-mce-style=\"text-align: center;\"><em>El maestro ruso Piepor Gusev de Leningrado lider\u00f3 esta iniciativa aprobada por la Unesco en 1982. Desde entonces, cada 29 de abril, d\u00eda del natalicio de Jean Georges Noverre, se hacen los honores a la danza en el mundo.<\/em><em><\/em><\/p>\n<p style=\"text-align: left;\" data-mce-style=\"text-align: left;\">&gt;&gt; <a data-mce-href=\"https:\/\/bit.ly\/32XuUAc\" href=\"https:\/\/bit.ly\/32XuUAc\" target=\"_blank\" rel=\"noopener\"><strong><span style=\"color: rgb(0, 0, 250);\" data-mce-style=\"color: #0000fa;\">Programaci\u00f3n D\u00eda Internacional de Danza<\/span><\/strong><\/a>: celebremos juntos el arte del movimiento, celebremos la danza.<br \/><em>Talleres, conversaciones y presentaciones danc\u00edsticas, porque Medell\u00edn S\u00ed Danza. #NosMueveLaCultura<\/em><\/p>\n<p>En la d\u00e9cada del 80, en una convulsa Medell\u00edn, el arte y la cultura fueron un respiro y una mano de salvaci\u00f3n para miles de j\u00f3venes de la ciudad. Nacieron muchas entidades que iniciaron un trabajo juicioso por dar esperanza desde diversas \u00e1reas, una generaci\u00f3n que sufr\u00eda el flagelo de la violencia. Entre ellas, la Asociaci\u00f3n Cultural Ballet Metropolitano de Medell\u00edn, que abri\u00f3 sus puertas en 1988. Dice su descripci\u00f3n en la p\u00e1gina web que es una entidad cultural sin \u00e1nimo de lucro que unifica y fortalece procesos pedag\u00f3gicos, crea alianzas y forma p\u00fablicos conscientes y capaces de apreciar de manera cr\u00edtica la danza cl\u00e1sica a trav\u00e9s de producciones coreogr\u00e1ficas y proyectos pedag\u00f3gicos de alta calidad.<\/p>\n<p><em>\u201cDesde los 8 a\u00f1os inici\u00e9 con el ballet y a los 18 me gan\u00e9 una beca, as\u00ed que me fui a Estados Unidos a seguir aprendiendo. La vida me llev\u00f3 a M\u00e9xico a una compa\u00f1\u00eda de ballet profesional, luego me fui a vivir a Inglaterra, donde tuve mi propia academia y ahora estoy ac\u00e1 de nuevo\u201d, <\/em>cuenta Nora Elena Gonz\u00e1lez L\u00f3pez, directora art\u00edstica del Ballet Metropolitano, con la felicidad que produce cumplir con esfuerzo las metas y sue\u00f1os propuestos.<\/p>\n<p>Nora, es una de las pioneras en la promoci\u00f3n del ballet en la ciudad y aunque muchas fueron las oportunidades de quedarse en el exterior, decidi\u00f3 regresar a Medell\u00edn para compartir su conocimiento y devolver as\u00ed, lo mucho que esta ciudad le ha dado.&nbsp;<\/p>\n<p><strong><img src=\"\/irj\/go\/km\/docs\/galerias\/Imagenes\/Galer%C3%ADa%20d%C3%ADa%20a%20d%C3%ADa%202021\/1000_450\/20210428-Mes-Danza1.jpg\" alt=\"Asociaci\u00f3n Cultural Ballet Metropolitano de Medell\u00edn\" width=\"100%\" data-mce-src=\"\/irj\/go\/km\/docs\/galerias\/Imagenes\/Galer%C3%ADa%20d%C3%ADa%20a%20d%C3%ADa%202021\/1000_450\/20210428-Mes-Danza1.jpg\"><\/strong><\/p>\n<p><strong>Proyectos con impacto social y art\u00edstico<\/strong><\/p>\n<p>Con la intenci\u00f3n de dar a conocer la riqueza, belleza y formas art\u00edsticas de la danza cl\u00e1sica y neocl\u00e1sica, la Asociaci\u00f3n Cultural Ballet Metropolitano de Medell\u00edn, en el a\u00f1o 2018, cre\u00f3 la compa\u00f1\u00eda de danza, como una nueva alternativa profesional para los bailarines de Colombia y una nueva propuesta cultural para la sociedad.&nbsp;<\/p>\n<p>Amor, felicidad, odio, dolor, pasi\u00f3n; todas estas emociones son las que se pueden apreciar en cada una de las presentaciones de esta compa\u00f1\u00eda, que, por medio de los cuerpos de sus integrantes, nos transportan, nos cuentan una historia y nos deleitan con su sincronicidad y gracia.&nbsp;<\/p>\n<p><strong><img src=\"\/irj\/go\/km\/docs\/galerias\/Imagenes\/Galer%C3%ADa%20d%C3%ADa%20a%20d%C3%ADa%202021\/1000_450\/20210428-Mes-Danza4.jpg\" alt=\"Asociaci\u00f3n Cultural Ballet Metropolitano de Medell\u00edn\" width=\"100%\" data-mce-src=\"\/irj\/go\/km\/docs\/galerias\/Imagenes\/Galer%C3%ADa%20d%C3%ADa%20a%20d%C3%ADa%202021\/1000_450\/20210428-Mes-Danza4.jpg\"><\/strong><\/p>\n<p><strong>Disciplina, es la clave<\/strong>&nbsp;<\/p>\n<p>Con estiramientos acrob\u00e1ticos, con una disciplina f\u00e9rrea y un respeto enorme por este baile, empieza el calentamiento en el Teatro Pablo Tob\u00f3n Uribe y tras bambalinas y previo a uno de los ensayos de cara a la siguiente temporada, Andrea L\u00f3pez, de 23 a\u00f1os, nos cuenta que decidi\u00f3 estudiar ballet<em> \u201cporque era un gran reto. De todas las disciplinas y las \u00e1reas en las que yo pude haberme especializado me pareci\u00f3 que era la que me pon\u00eda y me pone a prueba cada d\u00eda m\u00e1s\u201d<\/em>.&nbsp;<\/p>\n<p>Su jornada comienza muy temprano y la vive entre ensayos y clases en la Universidad de Antioquia, donde est\u00e1 cursando Licenciatura en Danza.&nbsp;<\/p>\n<p><em>\u201cLo m\u00e1s gratificante de bailar es poder conectar con el p\u00fablico y con aquellos con los que estoy danzando. Es muy lindo sentir que tu cuerpo se mueve al comp\u00e1s de la m\u00fasica y que vibra con tu pareja y con tus compa\u00f1eros y que al mismo tiempo pudiste conectar con la audiencia, que al final te dice que lo hiciste muy bien y te dejan saber todo aquello que sintieron<\/em>\u201d, expresa Andrea.<\/p>\n<p><strong><img src=\"\/irj\/go\/km\/docs\/galerias\/Imagenes\/Galer%C3%ADa%20d%C3%ADa%20a%20d%C3%ADa%202021\/1000_450\/20210428-Mes-Danza2.jpg\" alt=\"Asociaci\u00f3n Cultural Ballet Metropolitano de Medell\u00edn\" width=\"100%\" data-mce-src=\"\/irj\/go\/km\/docs\/galerias\/Imagenes\/Galer%C3%ADa%20d%C3%ADa%20a%20d%C3%ADa%202021\/1000_450\/20210428-Mes-Danza2.jpg\"><\/strong><\/p>\n<p>No es s\u00f3lo la labor social de la Compa\u00f1\u00eda, sino tambi\u00e9n la inclusi\u00f3n de diferentes ritmos, la intenci\u00f3n de crear nuevos espacios culturales y art\u00edsticos para la ciudadan\u00eda, hacen que valga la pena asistir a sus funciones, y ver la disciplina convertida en arte.&nbsp;<\/p>\n<p style=\"text-align: left;\" data-mce-style=\"text-align: left;\">Talleres, presentaciones y cursos, hacen parte de la historia del Ballet Metropolitano. Ganadores de concursos, l\u00edderes en el montaje de obras cl\u00e1sicas, pero, sobre todo, un gran impacto social que por m\u00e1s de 30 a\u00f1os ha otorgado becas de formaci\u00f3n en ballet, impactando las vidas de m\u00e1s de 1.234 ni\u00f1os y j\u00f3venes de Medell\u00edn y Antioquia.<\/p>\n<\/div>\n<div class=\"compartir\">Compartir en:<a title=\"\" href=\"http:\/\/www.facebook.com\/share.php?u=\" class=\"btCompartirFacebook btCompartir\" target=\"_blank\" rel=\"noopener\"><\/a><a title=\"\" href=\"http:\/\/twitter.com\/home?status=Haz%20clic%20para%20ver%20esta%20noticia%20en%20\" class=\"btCompartirTwitter btCompartir\"><\/a><a title=\"\" href=\"whatsapp:\/\/send?text=Haz%20clic%20para%20ver%20esta%20noticia%20en%20\" class=\"btCompartirWa btCompartir\"><\/a><\/div>\n<\/div>\n<p><script>try{comprobarImagen();fixBtnRedes();hitsMedellin();}catch(e){}<\/script><\/div>\n","protected":false},"excerpt":{"rendered":"<p>Foto: Asociaci\u00f3n Cultural Ballet Metropolitano de Medell\u00edn. Fot\u00f3grafo: Foto Carlos Vidal 2021-04-28 Disciplina, amor y mucha danza Por: Nathalia Bedoya Gonz\u00e1lez El D\u00eda Internacional de la Danza naci\u00f3 para rendir homenaje a quien es considerado &#8230;<\/p>\n","protected":false},"author":1,"featured_media":60320,"comment_status":"open","ping_status":"open","sticky":false,"template":"","format":"standard","meta":[],"categories":[31],"tags":[444],"formato_nota":[],"programas_tax":[],"acf":[],"_links":{"self":[{"href":"https:\/\/www.medellin.gov.co\/es\/wp-json\/wp\/v2\/posts\/36095"}],"collection":[{"href":"https:\/\/www.medellin.gov.co\/es\/wp-json\/wp\/v2\/posts"}],"about":[{"href":"https:\/\/www.medellin.gov.co\/es\/wp-json\/wp\/v2\/types\/post"}],"author":[{"embeddable":true,"href":"https:\/\/www.medellin.gov.co\/es\/wp-json\/wp\/v2\/users\/1"}],"replies":[{"embeddable":true,"href":"https:\/\/www.medellin.gov.co\/es\/wp-json\/wp\/v2\/comments?post=36095"}],"version-history":[{"count":1,"href":"https:\/\/www.medellin.gov.co\/es\/wp-json\/wp\/v2\/posts\/36095\/revisions"}],"predecessor-version":[{"id":48749,"href":"https:\/\/www.medellin.gov.co\/es\/wp-json\/wp\/v2\/posts\/36095\/revisions\/48749"}],"wp:featuredmedia":[{"embeddable":true,"href":"https:\/\/www.medellin.gov.co\/es\/wp-json\/wp\/v2\/media\/60320"}],"wp:attachment":[{"href":"https:\/\/www.medellin.gov.co\/es\/wp-json\/wp\/v2\/media?parent=36095"}],"wp:term":[{"taxonomy":"category","embeddable":true,"href":"https:\/\/www.medellin.gov.co\/es\/wp-json\/wp\/v2\/categories?post=36095"},{"taxonomy":"post_tag","embeddable":true,"href":"https:\/\/www.medellin.gov.co\/es\/wp-json\/wp\/v2\/tags?post=36095"},{"taxonomy":"formato_nota","embeddable":true,"href":"https:\/\/www.medellin.gov.co\/es\/wp-json\/wp\/v2\/formato_nota?post=36095"},{"taxonomy":"programas_tax","embeddable":true,"href":"https:\/\/www.medellin.gov.co\/es\/wp-json\/wp\/v2\/programas_tax?post=36095"}],"curies":[{"name":"wp","href":"https:\/\/api.w.org\/{rel}","templated":true}]}}