{"id":36102,"date":"2021-04-28T00:00:00","date_gmt":"2021-04-28T05:00:00","guid":{"rendered":"https:\/\/www.medellin.gov.co\/es\/saladeprensa\/noticias\/medellin-abre-convocatoria-para-55-emprendedores-del-sistema-moda-y-70-talleres-de-confeccion\/"},"modified":"2022-03-27T23:20:03","modified_gmt":"2022-03-28T04:20:03","slug":"medellin-abre-convocatoria-para-55-emprendedores-del-sistema-moda-y-70-talleres-de-confeccion","status":"publish","type":"post","link":"https:\/\/www.medellin.gov.co\/es\/sala-de-prensa\/noticias\/medellin-abre-convocatoria-para-55-emprendedores-del-sistema-moda-y-70-talleres-de-confeccion\/","title":{"rendered":"Medell\u00edn abre convocatoria para 55 emprendedores del Sistema Moda y 70 talleres de confecci\u00f3n"},"content":{"rendered":"<div class=\"wrap contenido\">\n<div class=\"noticia\">\n<div class=\"imagen\">\n<div class=\"divContImageNoticia input_plantilla input_background\" data-input=\"fotografia\" ruta=\"\/galerias\/Imagenes\/Galer\u00eda d\u00eda a d\u00eda 2021\/500_400\/20210429-Sistema-Moda-1.jpg\" fotografo=\"Foto Alcald\u00eda de Medell\u00edn\" descripcion=\"Medell\u00edn abre convocatoria para 55 emprendedores del Sistema Moda y 70 talleres de confecci\u00f3n .\" style=\"background-image:url('\/irj\/go\/km\/docs\/galerias\/Imagenes\/Galer\u00eda d\u00eda a d\u00eda 2021\/500_400\/20210429-Sistema-Moda-1.jpg')\"><\/div>\n<p class=\"pMetaDesc\">Foto: Medell\u00edn abre convocatoria para 55 emprendedores del Sistema Moda y 70 talleres de confecci\u00f3n .<\/p>\n<p class=\"pMetaFotografo\">Fot\u00f3grafo: Foto Alcald\u00eda de Medell\u00edn<\/p>\n<\/div>\n<p class=\"fecha\"><span class=\"input_plantilla input_text\" data-input=\"fecha\">2021-04-29<\/span><\/p>\n<p itemprop=\"name\" class=\"input_plantilla input_text\" data-input=\"titulo\">Medell\u00edn abre convocatoria para 55 emprendedores del Sistema Moda y 70 talleres de confecci\u00f3n<\/p>\n<p class=\"input_plantilla input_text\" data-input=\"autor\">Por Maria Camila S\u00e1nchez Zuluaga<\/p>\n<div class=\"cuerpo input_plantilla input_area\" data-input=\"contenido\">\n<p>.: Con \u00c9pica, reto de Innovaci\u00f3n, 55 emprendedores tendr\u00e1n acompa\u00f1amiento en la consolidaci\u00f3n de sus ideas de negocio para hacerlos sostenibles y rentables.<\/p>\n<p>.: Con Encadenamiento Productivo se conectar\u00e1 la cadena de valor entre empresas ancla y 70 talleres y proveedores para mejorar los procesos de producci\u00f3n.<\/p>\n<p>.: La convocatoria para participar en \u00c9pica estar\u00e1 abierta hasta el 14 de mayo y para Encadenamiento Productivo se extender\u00e1 hasta el 26 de mayo de 2021.<\/p>\n<p><a href=\"\/irj\/go\/km\/docs\/pccdesign\/medellin\/Temas\/DesarrolloEconomico\/Noticias\/Shared Content\/Documentos\/2021\/20210429-Sistema-Moda-01.mp3\" class=\"aContEnlace audio\" download=\"\" data-mce-href=\"\/irj\/go\/km\/docs\/pccdesign\/medellin\/Temas\/DesarrolloEconomico\/Noticias\/Shared Content\/Documentos\/2021\/20210429-Sistema-Moda-01.mp3\"><span><\/span><span>Palabras de Mauricio Valencia Escobar, subsecretario de Creaci\u00f3n y Fortalecimiento Empresarial.<\/span><span>1116 Kb<\/span><\/a><\/p>\n<p>La Alcald\u00eda de Medell\u00edn, con el acompa\u00f1amiento de Inexmoda, abre una nueva edici\u00f3n de sus programas \u00c9pica: Reto de Innovaci\u00f3n y Encadenamiento Productivo, una apuesta por el fortalecimiento de los emprendedores y la transformaci\u00f3n empresarial del sistema moda de Medell\u00edn.<\/p>\n<p>El programa \u00c9pica: Reto de Innovaci\u00f3n fortalecer\u00e1 a 55 emprendedores, quienes a trav\u00e9s de asesor\u00edas y acompa\u00f1amientos especializados transformar\u00e1n sus ideas de negocio en propuestas sostenibles y rentables dentro de la industria.<\/p>\n<p>Por su parte, Encadenamiento Productivo tiene como objetivo conectar la cadena de valor entre empresas ancla y 70 talleres y proveedores para incrementar la productividad y la eficiencia en sus procesos de producci\u00f3n.<\/p>\n<p><a href=\"\/irj\/go\/km\/docs\/galerias\/Imagenes\/Galer%C3%ADa%20d%C3%ADa%20a%20d%C3%ADa%202021\/20210429-Sistema-Moda-2.jpg\" title=\"Medell\u00edn abre convocatoria para 55 emprendedores del Sistema Moda y 70 talleres de confecci\u00f3n \" target=\"_blank\" rel=\"noopener\" data-mce-href=\"\/irj\/go\/km\/docs\/galerias\/Imagenes\/Galer%C3%ADa%20d%C3%ADa%20a%20d%C3%ADa%202021\/20210429-Sistema-Moda-2.jpg\"><img src=\"\/irj\/go\/km\/docs\/galerias\/Imagenes\/Galer%C3%ADa%20d%C3%ADa%20a%20d%C3%ADa%202021\/1000_450\/20210429-Sistema-Moda-2.jpg\" alt=\"Medell\u00edn abre convocatoria para 55 emprendedores del Sistema Moda y 70 talleres de confecci\u00f3n \" width=\"100%\" data-mce-src=\"\/irj\/go\/km\/docs\/galerias\/Imagenes\/Galer%C3%ADa%20d%C3%ADa%20a%20d%C3%ADa%202021\/1000_450\/20210429-Sistema-Moda-2.jpg\"><\/a><\/p>\n<p>\u201c<em>Se estima que el sector textil representa el 3.8 % del tejido empresarial de la ciudad. Por su capacidad para transformarse y adoptar nuevas tecnolog\u00edas, es un gran apalancador del Valle del Software. Con programas como \u00c9pica y Encadenamientos Productivos, fortalecemos emprendimientos con alto potencial para que sean m\u00e1s productivos y competitivos en el mercado<\/em>\u201d, afirm\u00f3 el subsecretario de Creaci\u00f3n y Fortalecimiento Empresarial, Mauricio Valencia Escobar.<\/p>\n<p>Dentro del proceso de acompa\u00f1amiento, emprendedores de cada proyecto tendr\u00e1n la oportunidad de participar en Colombiatex de las Am\u00e9ricas y Colombiamoda 2021. Este escenario busca ampliar la mirada estrat\u00e9gica y comercial de los participantes conect\u00e1ndolos con compradores nacionales e internacionales para expandir sus marcas, generar oportunidades de conexi\u00f3n y relacionamiento, y acceder a nuevos mercados.<\/p>\n<p>\u00c9pica contar\u00e1 con una representaci\u00f3n de 15 participantes en el eje de negocios, cinco m\u00e1s har\u00e1n parte del eje de moda y uno de ellos realizar\u00e1 una pasarela apoyada por la Alcald\u00eda de Medell\u00edn en Colombiamoda. Adem\u00e1s, 10 empresas de Encadenamiento Productivo estar\u00e1n presentes con sus modelos de negocios en ambas ferias.<\/p>\n<p>\u201c<em>\u00c9pica es un programa en el que quer\u00eda participar desde que inici\u00f3 la marca, no solo por el aprendizaje con los expertos, sino porque sab\u00eda que hab\u00eda formado a grandes dise\u00f1adores. Nos ayud\u00f3 en el proceso de diferenciarnos como marca y seguir fortaleciendo nuestro ADN<\/em>\u201d, afirm\u00f3 la directora creativa de Pineapples Don\u2019t Have Sleeves, Johana Nodier, participante en \u00c9pica 2020.<\/p>\n<p>Durante 2020, los participantes en ambos programas generaron cerca de $160.000 millones en ventas. El 53 % de las empresas beneficiarias de \u00c9pica accedieron a nuevos mercados nacionales y el 31 % a mercados internacionales. El 91 % de las empresas participantes en Encadenamiento Productivo reportaron mejoras en sus procesos productivos y el 58 % estructuraron o modificaron sus modelos de negocio.<\/p>\n<p>Para participar, las empresas deben estar registradas en la C\u00e1mara de Comercio de Medell\u00edn en las categor\u00edas de: marroquiner\u00eda, calzado, vestuario, bisuter\u00eda, ropa hogar y mobiliario, cosm\u00e9tica o retailers para \u00c9pica. Para Encadenamiento Productivo, los talleres deben ser postulados por una empresa ancla.<\/p>\n<p>La convocatoria para participar en \u00c9pica estar\u00e1 abierta hasta el 14 de mayo y para Encadenamiento Productivo se extender\u00e1 hasta el 26 de mayo de 2021. La participaci\u00f3n no tiene ning\u00fan costo. Toda la informaci\u00f3n y los requisitos espec\u00edficos podr\u00e1n ser consultados en <a href=\"https:\/\/www.medellindigital.gov.co\/\" data-mce-href=\"https:\/\/www.medellindigital.gov.co\/\">https:\/\/www.medellindigital.gov.co\/<\/a>.<\/p>\n<\/div>\n<div class=\"compartir\">Compartir en:<a title=\"\" href=\"http:\/\/www.facebook.com\/share.php?u=\" class=\"btCompartirFacebook btCompartir\" target=\"_blank\" rel=\"noopener\"><\/a><a title=\"\" href=\"http:\/\/twitter.com\/home?status=Haz%20clic%20para%20ver%20esta%20noticia%20en%20\" class=\"btCompartirTwitter btCompartir\"><\/a><a title=\"\" href=\"whatsapp:\/\/send?text=Haz%20clic%20para%20ver%20esta%20noticia%20en%20\" class=\"btCompartirWa btCompartir\"><\/a><\/div>\n<\/div>\n<p><script>try{comprobarImagen();fixBtnRedes();hitsMedellin();}catch(e){}<\/script><\/div>\n","protected":false},"excerpt":{"rendered":"<p>Foto: Medell\u00edn abre convocatoria para 55 emprendedores del Sistema Moda y 70 talleres de confecci\u00f3n . Fot\u00f3grafo: Foto Alcald\u00eda de Medell\u00edn 2021-04-29 Medell\u00edn abre convocatoria para 55 emprendedores del Sistema Moda y 70 talleres de &#8230;<\/p>\n","protected":false},"author":1,"featured_media":60327,"comment_status":"open","ping_status":"open","sticky":false,"template":"","format":"standard","meta":[],"categories":[3],"tags":[431,434,450,443],"formato_nota":[],"programas_tax":[],"acf":[],"_links":{"self":[{"href":"https:\/\/www.medellin.gov.co\/es\/wp-json\/wp\/v2\/posts\/36102"}],"collection":[{"href":"https:\/\/www.medellin.gov.co\/es\/wp-json\/wp\/v2\/posts"}],"about":[{"href":"https:\/\/www.medellin.gov.co\/es\/wp-json\/wp\/v2\/types\/post"}],"author":[{"embeddable":true,"href":"https:\/\/www.medellin.gov.co\/es\/wp-json\/wp\/v2\/users\/1"}],"replies":[{"embeddable":true,"href":"https:\/\/www.medellin.gov.co\/es\/wp-json\/wp\/v2\/comments?post=36102"}],"version-history":[{"count":1,"href":"https:\/\/www.medellin.gov.co\/es\/wp-json\/wp\/v2\/posts\/36102\/revisions"}],"predecessor-version":[{"id":48763,"href":"https:\/\/www.medellin.gov.co\/es\/wp-json\/wp\/v2\/posts\/36102\/revisions\/48763"}],"wp:featuredmedia":[{"embeddable":true,"href":"https:\/\/www.medellin.gov.co\/es\/wp-json\/wp\/v2\/media\/60327"}],"wp:attachment":[{"href":"https:\/\/www.medellin.gov.co\/es\/wp-json\/wp\/v2\/media?parent=36102"}],"wp:term":[{"taxonomy":"category","embeddable":true,"href":"https:\/\/www.medellin.gov.co\/es\/wp-json\/wp\/v2\/categories?post=36102"},{"taxonomy":"post_tag","embeddable":true,"href":"https:\/\/www.medellin.gov.co\/es\/wp-json\/wp\/v2\/tags?post=36102"},{"taxonomy":"formato_nota","embeddable":true,"href":"https:\/\/www.medellin.gov.co\/es\/wp-json\/wp\/v2\/formato_nota?post=36102"},{"taxonomy":"programas_tax","embeddable":true,"href":"https:\/\/www.medellin.gov.co\/es\/wp-json\/wp\/v2\/programas_tax?post=36102"}],"curies":[{"name":"wp","href":"https:\/\/api.w.org\/{rel}","templated":true}]}}