{"id":36103,"date":"2021-04-29T00:00:00","date_gmt":"2021-04-29T05:00:00","guid":{"rendered":"https:\/\/www.medellin.gov.co\/es\/saladeprensa\/noticias\/un-nispero-costeno-cambia-de-lugar\/"},"modified":"2022-03-27T23:20:04","modified_gmt":"2022-03-28T04:20:04","slug":"un-nispero-costeno-cambia-de-lugar","status":"publish","type":"post","link":"https:\/\/www.medellin.gov.co\/es\/sala-de-prensa\/noticias\/un-nispero-costeno-cambia-de-lugar\/","title":{"rendered":"Un n\u00edspero coste\u00f1o cambia de lugar"},"content":{"rendered":"<div class=\"wrap contenido\">\n<div class=\"noticia\">\n<div class=\"imagen\">\n<div class=\"divContImageNoticia input_plantilla input_background\" data-input=\"fotografia\" ruta=\"\/galerias\/Imagenes\/Galer\u00eda d\u00eda a d\u00eda 2021\/500_400\/20210429-nispero-costeno-1.jpg\" fotografo=\"Foto Alcald\u00eda de Medelll\u00edn\" descripcion=\"Un n\u00edspero coste\u00f1o cambia de lugar\" style=\"background-image:url('\/irj\/go\/km\/docs\/galerias\/Imagenes\/Galer\u00eda d\u00eda a d\u00eda 2021\/500_400\/20210429-nispero-costeno-1.jpg')\"><\/div>\n<p class=\"pMetaDesc\">Foto: Un n\u00edspero coste\u00f1o cambia de lugar<\/p>\n<p class=\"pMetaFotografo\">Fot\u00f3grafo: Foto Alcald\u00eda de Medelll\u00edn<\/p>\n<\/div>\n<p class=\"fecha\"><span class=\"input_plantilla input_text\" data-input=\"fecha\">2021-04-29<\/span><\/p>\n<p itemprop=\"name\" class=\"input_plantilla input_text\" data-input=\"titulo\">Un n\u00edspero coste\u00f1o cambia de lugar<\/p>\n<p class=\"input_plantilla input_text\" data-input=\"autor\"> Por: Juliana Zuluaga<\/p>\n<div class=\"cuerpo input_plantilla input_area\" data-input=\"contenido\">\n<p>La familia V\u00e1zquez Camargo cuid\u00f3 un n\u00edspero por casi 60 a\u00f1os en la calle Colombia, que se adapt\u00f3 a la tierra antioque\u00f1a. Ahora, este \u00e1rbol patrimonial habitar\u00e1 en otro espacio.<\/p>\n<p>Corr\u00eda la d\u00e9cada del 60 y los cambios culturales, sociales y hasta pol\u00edticos en la Medell\u00edn de entonces atrajeron a miles de personas de otros lugares del departamento y del pa\u00eds. En ese movimiento poblacional en busca de mejores oportunidades, llegaron Roberto Miguel V\u00e1zquez y su esposa Emelina Camargo Sierra. Ellos trajeron consigo las costumbres de su natal San Jacinto, Bol\u00edvar (norte de Colombia) y a sus cinco hijos: Roberto, Hortensia, Judith, Alfonso y Roberto El\u00edas. Sin embargo, a ellos se sumaba un insospechado integrante: la semilla de un n\u00edspero coste\u00f1o. \u00bfC\u00f3mo as\u00ed?&nbsp;<\/p>\n<p>As\u00ed como lo leen. Esta semilla la trajo don Roberto para plantarla en su casa, ubicada sobre la calle Colombia, entre carreras 78A y 79 porque (\u201caj\u00e1\u201d, dir\u00eda \u00e9l), quer\u00eda tener un pedazo de su tierra cerca para no olvidar sus ra\u00edces. Y s\u00ed que se forjaron las ra\u00edces del N\u00edspero, muy a pesar de quienes dec\u00edan que no germinar\u00eda en tierras paisas por el clima. Pues la raz\u00f3n se la llev\u00f3 la familia V\u00e1zquez Camargo porque este \u00e1rbol dio frutos, tantos, que sirvieron para preparar los jugos que acompa\u00f1aban los platos del restaurante que hab\u00eda en su casa.&nbsp;<\/p>\n<p><a href=\"https:\/\/www.medellin.gov.co\/irj\/go\/km\/docs\/galerias\/Imagenes\/Galer%C3%ADa%20d%C3%ADa%20a%20d%C3%ADa%202021\/20210429-nispero-costeno-2.jpg\" target=\"_blank\" rel=\"noopener\" data-mce-href=\"https:\/\/www.medellin.gov.co\/irj\/go\/km\/docs\/galerias\/Imagenes\/Galer%C3%ADa%20d%C3%ADa%20a%20d%C3%ADa%202021\/20210429-nispero-costeno-2.jpg\"><img src=\"https:\/\/www.medellin.gov.co\/irj\/go\/km\/docs\/galerias\/Imagenes\/Galer%C3%ADa%20d%C3%ADa%20a%20d%C3%ADa%202021\/1000_450\/20210429-nispero-costeno-2.jpg\" alt=\"\" width=\"100%\" data-mce-src=\"https:\/\/www.medellin.gov.co\/irj\/go\/km\/docs\/galerias\/Imagenes\/Galer%C3%ADa%20d%C3%ADa%20a%20d%C3%ADa%202021\/1000_450\/20210429-nispero-costeno-2.jpg\"><\/a><\/p>\n<p><strong>\u00bfDe d\u00f3nde proviene el n\u00edspero?<\/strong>&nbsp;<\/p>\n<p>Cuentan los estudiosos que el n\u00edspero proviene de China, donde era utilizado como un \u00e1rbol ornamental, aunque tambi\u00e9n hay registros de su procedencia japonesa. Luego -dicen-, fue exportado a Europa y \u00c1frica. Las semillas de este \u00e1rbol llegaron a Estados Unidos y M\u00e9xico y en Colombia se instal\u00f3 en la costa donde, anta\u00f1o, era una de las frutas preferidas en las casas para diversas preparaciones, en especial, jugos.<\/p>\n<p>Y volviendo a la historia de don Roberto, hay que decir que pacientemente durante toda su vida cuid\u00f3 este \u00e1rbol como a uno de sus hijos. Cuenta Julia Pertoz, una de sus nueras que \u00e9l se guiaba por las fases lunares para la poda del \u00e1rbol para que sus frutos fueran mucho mejores. As\u00ed mismo apelaba a sus costumbres coste\u00f1as para el abono del mismo y lograr mantenerlo en pie. Y, en d\u00edas soleados, hac\u00eda una mezcla de nutrientes naturales que regaba en las ma\u00f1anas y al caer el sol.&nbsp;<\/p>\n<p><a href=\"https:\/\/www.medellin.gov.co\/irj\/go\/km\/docs\/galerias\/Imagenes\/Galer%C3%ADa%20d%C3%ADa%20a%20d%C3%ADa%202021\/20210429-nispero-costeno-3.jpg\" target=\"_blank\" rel=\"noopener\" data-mce-href=\"https:\/\/www.medellin.gov.co\/irj\/go\/km\/docs\/galerias\/Imagenes\/Galer%C3%ADa%20d%C3%ADa%20a%20d%C3%ADa%202021\/20210429-nispero-costeno-3.jpg\"><img src=\"https:\/\/www.medellin.gov.co\/irj\/go\/km\/docs\/galerias\/Imagenes\/Galer%C3%ADa%20d%C3%ADa%20a%20d%C3%ADa%202021\/1000_450\/20210429-nispero-costeno-3.jpg\" alt=\"\" width=\"100%\" data-mce-src=\"https:\/\/www.medellin.gov.co\/irj\/go\/km\/docs\/galerias\/Imagenes\/Galer%C3%ADa%20d%C3%ADa%20a%20d%C3%ADa%202021\/1000_450\/20210429-nispero-costeno-3.jpg\"><\/a><\/p>\n<p><em>\u201cDon Roberto quer\u00eda conservar este \u00e1rbol para que sus hijos, nietos y bisnietos recordaran su amada sabana de San Jacinto, Bol\u00edvar. Tener el \u00e1rbol en frente de su casa era como un s\u00edmbolo para que su familia nunca olvidara sus ra\u00edces\u201d,<\/em> cuenta Julia.&nbsp;<\/p>\n<p>Y para que esto no sucediera, ella solicit\u00f3, mediante un derecho de petici\u00f3n a la EDU, que este \u00e1rbol no fuera talado en el avance de la obra del intercambio vial de la calle Colombia con la avenida 80, ya que hace parte del grupo de \u00e1rboles patrimoniales de la ciudad, declarado por el \u00c1rea Metropolitana del Valle de Aburr\u00e1, por ser el \u00fanico ejemplar de su especie, originaria de la Costa Atl\u00e1ntica, que se adapt\u00f3 de tal forma a las condiciones del suelo y el clima de Medell\u00edn. Esta especie mide hoy 16 metros y pesa unas 14 toneladas.&nbsp;<\/p>\n<p>La EDU inici\u00f3 el proceso para ser trasplantado y Wilder Echavarr\u00eda, gerente de la Empresa de Desarrollo Urbano, destac\u00f3 el tiempo de preparaci\u00f3n para el trasplante del \u00e1rbol, con la aplicaci\u00f3n de bioestimulantes y fertilizantes que mitiguen el estr\u00e9s del n\u00edspero. \u201c<em>Este esfuerzo, no solo por conservar y trasplantar un \u00e1rbol, sino por entender el valor cultural y el v\u00ednculo de la naturaleza con las personas es una muestra de la ecociudad que nos so\u00f1amos\u201d<\/em>, asegur\u00f3 el gerente.&nbsp;<\/p>\n<p>El lugar que habitar\u00e1 este n\u00edspero coste\u00f1o, ser\u00e1 en la zona de influencia del proyecto que se adelanta, para conservar sus ra\u00edces en tierras antioque\u00f1as. All\u00ed, descendientes de familia V\u00e1zquez Camargo podr\u00e1n visitar el \u00e1rbol que don Roberto plant\u00f3 en Medell\u00edn para conservar el arraigo a su pueblo natal.<\/p>\n<\/div>\n<div class=\"compartir\">Compartir en:<a title=\"\" href=\"http:\/\/www.facebook.com\/share.php?u=\" class=\"btCompartirFacebook btCompartir\" target=\"_blank\" rel=\"noopener\"><\/a><a title=\"\" href=\"http:\/\/twitter.com\/home?status=Haz%20clic%20para%20ver%20esta%20noticia%20en%20\" class=\"btCompartirTwitter btCompartir\"><\/a><a title=\"\" href=\"whatsapp:\/\/send?text=Haz%20clic%20para%20ver%20esta%20noticia%20en%20\" class=\"btCompartirWa btCompartir\"><\/a><\/div>\n<\/div>\n<p><script>try{comprobarImagen();fixBtnRedes();hitsMedellin();}catch(e){}<\/script><\/div>\n","protected":false},"excerpt":{"rendered":"<p>Foto: Un n\u00edspero coste\u00f1o cambia de lugar Fot\u00f3grafo: Foto Alcald\u00eda de Medelll\u00edn 2021-04-29 Un n\u00edspero coste\u00f1o cambia de lugar Por: Juliana Zuluaga La familia V\u00e1zquez Camargo cuid\u00f3 un n\u00edspero por casi 60 a\u00f1os en la &#8230;<\/p>\n","protected":false},"author":1,"featured_media":60328,"comment_status":"open","ping_status":"open","sticky":false,"template":"","format":"standard","meta":[],"categories":[13],"tags":[436],"formato_nota":[],"programas_tax":[],"acf":[],"_links":{"self":[{"href":"https:\/\/www.medellin.gov.co\/es\/wp-json\/wp\/v2\/posts\/36103"}],"collection":[{"href":"https:\/\/www.medellin.gov.co\/es\/wp-json\/wp\/v2\/posts"}],"about":[{"href":"https:\/\/www.medellin.gov.co\/es\/wp-json\/wp\/v2\/types\/post"}],"author":[{"embeddable":true,"href":"https:\/\/www.medellin.gov.co\/es\/wp-json\/wp\/v2\/users\/1"}],"replies":[{"embeddable":true,"href":"https:\/\/www.medellin.gov.co\/es\/wp-json\/wp\/v2\/comments?post=36103"}],"version-history":[{"count":1,"href":"https:\/\/www.medellin.gov.co\/es\/wp-json\/wp\/v2\/posts\/36103\/revisions"}],"predecessor-version":[{"id":48765,"href":"https:\/\/www.medellin.gov.co\/es\/wp-json\/wp\/v2\/posts\/36103\/revisions\/48765"}],"wp:featuredmedia":[{"embeddable":true,"href":"https:\/\/www.medellin.gov.co\/es\/wp-json\/wp\/v2\/media\/60328"}],"wp:attachment":[{"href":"https:\/\/www.medellin.gov.co\/es\/wp-json\/wp\/v2\/media?parent=36103"}],"wp:term":[{"taxonomy":"category","embeddable":true,"href":"https:\/\/www.medellin.gov.co\/es\/wp-json\/wp\/v2\/categories?post=36103"},{"taxonomy":"post_tag","embeddable":true,"href":"https:\/\/www.medellin.gov.co\/es\/wp-json\/wp\/v2\/tags?post=36103"},{"taxonomy":"formato_nota","embeddable":true,"href":"https:\/\/www.medellin.gov.co\/es\/wp-json\/wp\/v2\/formato_nota?post=36103"},{"taxonomy":"programas_tax","embeddable":true,"href":"https:\/\/www.medellin.gov.co\/es\/wp-json\/wp\/v2\/programas_tax?post=36103"}],"curies":[{"name":"wp","href":"https:\/\/api.w.org\/{rel}","templated":true}]}}