{"id":36109,"date":"2021-04-30T00:00:00","date_gmt":"2021-04-30T05:00:00","guid":{"rendered":"https:\/\/www.medellin.gov.co\/es\/saladeprensa\/noticias\/regresa-el-territorio-digital-joven-con-cursos-y-talleres-virtuales\/"},"modified":"2022-03-27T23:20:10","modified_gmt":"2022-03-28T04:20:10","slug":"regresa-el-territorio-digital-joven-con-cursos-y-talleres-virtuales","status":"publish","type":"post","link":"https:\/\/www.medellin.gov.co\/es\/sala-de-prensa\/noticias\/regresa-el-territorio-digital-joven-con-cursos-y-talleres-virtuales\/","title":{"rendered":"Regresa el Territorio Digital Joven con cursos y talleres virtuales"},"content":{"rendered":"<div class=\"wrap contenido\">\n<div class=\"noticia\">\n<div class=\"imagen\">\n<div class=\"divContImageNoticia input_plantilla input_background\" data-input=\"fotografia\" ruta=\"\/galerias\/Imagenes\/Galer\u00eda d\u00eda a d\u00eda 2021\/500_400\/20210430-Territorio-Digital-Joven-1.jpg\" fotografo=\"Foto Alcald\u00eda de Medell\u00edn\" descripcion=\"Regresa el Territorio Digital Joven con cursos y talleres virtuales.\" style=\"background-image:url('\/irj\/go\/km\/docs\/galerias\/Imagenes\/Galer\u00eda d\u00eda a d\u00eda 2021\/500_400\/20210430-Territorio-Digital-Joven-1.jpg')\"><\/div>\n<p class=\"pMetaDesc\">Foto: Regresa el Territorio Digital Joven con cursos y talleres virtuales.<\/p>\n<p class=\"pMetaFotografo\">Fot\u00f3grafo: Foto Alcald\u00eda de Medell\u00edn<\/p>\n<\/div>\n<p class=\"fecha\"><span class=\"input_plantilla input_text\" data-input=\"fecha\">2021-04-30<\/span><\/p>\n<p itemprop=\"name\" class=\"input_plantilla input_text\" data-input=\"titulo\">Regresa el Territorio Digital Joven con cursos y talleres virtuales<\/p>\n<p class=\"input_plantilla input_text\" data-input=\"autor\">Por Carolina Valle Garc\u00eda<\/p>\n<div class=\"cuerpo input_plantilla input_area\" data-input=\"contenido\">\n<p>.: Este fin de semana, el lettering urbano har\u00e1 parte de la programaci\u00f3n.<\/p>\n<p>.: La transmisi\u00f3n se puede ver por la cuenta de Facebook y el canal de YouTube de la Secretar\u00eda de la Juventud.<\/p>\n<p>.: La primera versi\u00f3n fue un curso corto sobre Lengua de Se\u00f1as Colombiana, que alcanz\u00f3 m\u00e1s de 20.500 reproducciones.<\/p>\n<p><a href=\"\/irj\/go\/km\/docs\/pccdesign\/medellin\/Temas\/Juventud\/Noticias\/Shared Content\/Documentos\/2021\/20210430-Territorio-Digital-Joven-01.mp3\" class=\"aContEnlace audio\" download=\"\" data-mce-href=\"\/irj\/go\/km\/docs\/pccdesign\/medellin\/Temas\/Juventud\/Noticias\/Shared Content\/Documentos\/2021\/20210430-Territorio-Digital-Joven-01.mp3\"><span><\/span><span>Palabras de Alejandro Matta, secretario de Juventud.<\/span><span>1283 Kb<\/span><\/a><\/p>\n<p>El Territorio Digital Joven, la estrategia de la Secretar\u00eda de la Juventud que desde 2020 traslada la agenda juvenil a la virtualidad, regresa con una serie de cursos cortos y gratuitos con los que se busca acercar diferentes temas de forma \u00e1gil e interactiva.<\/p>\n<p>Este viernes 30 de abril y el s\u00e1bado 1 de mayo, entre las 5:00 p. m. y las 6:30 p. m., se podr\u00e1 aprender sobre lettering urbano, con el colectivo juvenil Escuela Hip-Hop AK-47.<\/p>\n<p>Ser\u00e1 un espacio formativo para explorar el universo de las intervenciones de arte urbano gr\u00e1fico con elementos textuales y permitir\u00e1 conocer la historia del graffiti como una expresi\u00f3n de resistencia juvenil urbana.<\/p>\n<p>\u201c<em>Tenemos m\u00faltiples identidades juveniles y en 2020 las exaltamos en el Territorio Digital Joven. En 2021 queremos que se convierta en un espacio did\u00e1ctico de interacci\u00f3n con las juventudes. En d\u00edas anteriores ofrecimos un curso de Lengua de Se\u00f1as Colombiana donde m\u00e1s de 1.800 personas se conectaron, tuvo m\u00e1s de 20.000 reproducciones y fue la oportunidad de decirle a Medell\u00edn que la inclusi\u00f3n de la poblaci\u00f3n joven sorda es una de las prioridades de la Alcald\u00eda<\/em>\u201d, manifest\u00f3 el secretario de la Juventud, Alejandro Matta Herrera.<\/p>\n<p>Este curso corto contar\u00e1 con un espacio pr\u00e1ctico de dise\u00f1o de letras, con la intenci\u00f3n de fomentar la creatividad del artista o escritor de graffiti para marcar su propio estilo.<\/p>\n<p>Quienes no hayan participado en el curso anterior pueden acceder a las memorias en <a href=\"https:\/\/bit.ly\/3u15woW\" data-mce-href=\"https:\/\/bit.ly\/3u15woW\">https:\/\/bit.ly\/3u15woW<\/a> o consultar los contenidos en las redes sociales de la Secretar\u00eda de la Juventud (@juventudmed).<\/p>\n<\/div>\n<div class=\"compartir\">Compartir en:<a title=\"\" href=\"http:\/\/www.facebook.com\/share.php?u=\" class=\"btCompartirFacebook btCompartir\" target=\"_blank\" rel=\"noopener\"><\/a><a title=\"\" href=\"http:\/\/twitter.com\/home?status=Haz%20clic%20para%20ver%20esta%20noticia%20en%20\" class=\"btCompartirTwitter btCompartir\"><\/a><a title=\"\" href=\"whatsapp:\/\/send?text=Haz%20clic%20para%20ver%20esta%20noticia%20en%20\" class=\"btCompartirWa btCompartir\"><\/a><\/div>\n<\/div>\n<p><script>try{comprobarImagen();fixBtnRedes();hitsMedellin();}catch(e){}<\/script><\/div>\n","protected":false},"excerpt":{"rendered":"<p>Foto: Regresa el Territorio Digital Joven con cursos y talleres virtuales. Fot\u00f3grafo: Foto Alcald\u00eda de Medell\u00edn 2021-04-30 Regresa el Territorio Digital Joven con cursos y talleres virtuales Por Carolina Valle Garc\u00eda .: Este fin de &#8230;<\/p>\n","protected":false},"author":1,"featured_media":60333,"comment_status":"open","ping_status":"open","sticky":false,"template":"","format":"standard","meta":[],"categories":[12],"tags":[431,428,450,443],"formato_nota":[],"programas_tax":[],"acf":[],"_links":{"self":[{"href":"https:\/\/www.medellin.gov.co\/es\/wp-json\/wp\/v2\/posts\/36109"}],"collection":[{"href":"https:\/\/www.medellin.gov.co\/es\/wp-json\/wp\/v2\/posts"}],"about":[{"href":"https:\/\/www.medellin.gov.co\/es\/wp-json\/wp\/v2\/types\/post"}],"author":[{"embeddable":true,"href":"https:\/\/www.medellin.gov.co\/es\/wp-json\/wp\/v2\/users\/1"}],"replies":[{"embeddable":true,"href":"https:\/\/www.medellin.gov.co\/es\/wp-json\/wp\/v2\/comments?post=36109"}],"version-history":[{"count":1,"href":"https:\/\/www.medellin.gov.co\/es\/wp-json\/wp\/v2\/posts\/36109\/revisions"}],"predecessor-version":[{"id":48776,"href":"https:\/\/www.medellin.gov.co\/es\/wp-json\/wp\/v2\/posts\/36109\/revisions\/48776"}],"wp:featuredmedia":[{"embeddable":true,"href":"https:\/\/www.medellin.gov.co\/es\/wp-json\/wp\/v2\/media\/60333"}],"wp:attachment":[{"href":"https:\/\/www.medellin.gov.co\/es\/wp-json\/wp\/v2\/media?parent=36109"}],"wp:term":[{"taxonomy":"category","embeddable":true,"href":"https:\/\/www.medellin.gov.co\/es\/wp-json\/wp\/v2\/categories?post=36109"},{"taxonomy":"post_tag","embeddable":true,"href":"https:\/\/www.medellin.gov.co\/es\/wp-json\/wp\/v2\/tags?post=36109"},{"taxonomy":"formato_nota","embeddable":true,"href":"https:\/\/www.medellin.gov.co\/es\/wp-json\/wp\/v2\/formato_nota?post=36109"},{"taxonomy":"programas_tax","embeddable":true,"href":"https:\/\/www.medellin.gov.co\/es\/wp-json\/wp\/v2\/programas_tax?post=36109"}],"curies":[{"name":"wp","href":"https:\/\/api.w.org\/{rel}","templated":true}]}}