{"id":36114,"date":"2021-05-01T00:00:00","date_gmt":"2021-05-01T05:00:00","guid":{"rendered":"https:\/\/www.medellin.gov.co\/es\/saladeprensa\/noticias\/la-alcaldia-de-medellin-clausuro-las-sesiones-ordinarias-del-concejo-tras-la-aprobacion-de-dos-importantes-proyectos\/"},"modified":"2022-03-27T23:20:14","modified_gmt":"2022-03-28T04:20:14","slug":"la-alcaldia-de-medellin-clausuro-las-sesiones-ordinarias-del-concejo-tras-la-aprobacion-de-dos-importantes-proyectos","status":"publish","type":"post","link":"https:\/\/www.medellin.gov.co\/es\/sala-de-prensa\/noticias\/la-alcaldia-de-medellin-clausuro-las-sesiones-ordinarias-del-concejo-tras-la-aprobacion-de-dos-importantes-proyectos\/","title":{"rendered":"La Alcald\u00eda de Medell\u00edn clausur\u00f3 las sesiones ordinarias del Concejo tras la aprobaci\u00f3n de dos importantes proyectos"},"content":{"rendered":"<div class=\"wrap contenido\">\n<div class=\"noticia\">\n<div class=\"imagen\">\n<div class=\"divContImageNoticia input_plantilla input_background\" data-input=\"fotografia\" ruta=\"\/galerias\/Imagenes\/Panor\u00e1micas de ciudad y sitios de inter\u00e9s\/500_400\/05.12.2017_Alcald\u00edadeMedell\u00edn (1).jpg\" fotografo=\"Juan Fernando Gallego Duque\" descripcion=\"Centro Administrativo Municipal\" style=\"background-image:url('\/irj\/go\/km\/docs\/galerias\/Imagenes\/Panor\u00e1micas de ciudad y sitios de inter\u00e9s\/500_400\/05.12.2017_Alcald\u00edadeMedell\u00edn (1).jpg')\"><\/div>\n<p class=\"pMetaDesc\">Foto: Centro Administrativo Municipal<\/p>\n<p class=\"pMetaFotografo\">Fot\u00f3grafo: Juan Fernando Gallego Duque<\/p>\n<\/div>\n<p class=\"fecha\"><span class=\"input_plantilla input_text\" data-input=\"fecha\">2021-04-01<\/span><\/p>\n<p itemprop=\"name\" class=\"input_plantilla input_text\" data-input=\"titulo\">La Alcald\u00eda de Medell\u00edn clausur\u00f3 las sesiones ordinarias del Concejo tras la aprobaci\u00f3n de dos importantes proyectos<\/p>\n<p class=\"input_plantilla input_text\" data-input=\"autor\">Por Prensa Alcald\u00eda de Medell\u00edn<\/p>\n<div class=\"cuerpo input_plantilla input_area\" data-input=\"contenido\">\n<p>.: La autorizaci\u00f3n de las vigencias futuras para la rehabilitaci\u00f3n de la Biblioteca Nororiental fue uno de los hitos en las plenarias.<\/p>\n<p>.: El aumento del subsidio de acueducto y alcantarillado para estratos 1 y 3 fue otros de los temas que cont\u00f3 con el visto bueno de los corporados.<\/p>\n<p>.: Las sesiones extraordinarias iniciar\u00e1n este lunes 3 de mayo y se extender\u00e1n hasta el 16 del mismo mes.<\/p>\n<p><a href=\"\/irj\/go\/km\/docs\/pccdesign\/medellin\/Temas\/NuestroGobierno\/Noticias_0\/Shared Content\/Documentos\/2021\/20210430-Sesiones-Concejo-01.mp3\" class=\"aContEnlace audio\" download=\"\" data-mce-href=\"\/irj\/go\/km\/docs\/pccdesign\/medellin\/Temas\/NuestroGobierno\/Noticias_0\/Shared Content\/Documentos\/2021\/20210430-Sesiones-Concejo-01.mp3\"><span><\/span><span>Palabras de Esteban Restrepo, secretario de Gobierno (intervenci\u00f3n 1).<\/span><span>2073 Kb<\/span><\/a><\/p>\n<p><a href=\"\/irj\/go\/km\/docs\/pccdesign\/medellin\/Temas\/NuestroGobierno\/Noticias_0\/Shared Content\/Documentos\/2021\/20210430-Sesiones-Concejo-02.mp3\" class=\"aContEnlace audio\" download=\"\" data-mce-href=\"\/irj\/go\/km\/docs\/pccdesign\/medellin\/Temas\/NuestroGobierno\/Noticias_0\/Shared Content\/Documentos\/2021\/20210430-Sesiones-Concejo-02.mp3\"><span><\/span><span>Palabras de Esteban Restrepo, secretario de Gobierno (intervenci\u00f3n 2).<\/span><span>1040 Kb<\/span><\/a><\/p>\n<p>Con un recuento de la atenci\u00f3n institucional al tercer pico de la pandemia y un homenaje a las v\u00edctimas de la misma, la Alcald\u00eda de Medell\u00edn clausur\u00f3 este viernes las sesiones ordinarias del Concejo Municipal.<\/p>\n<p>\u201c<em>Queremos manifestar nuestra solidaridad con las familias y profunda tristeza por las 5.335 personas que han fallecido en nuestra ciudad a causa del covid- 19. Hoy cientos de familias se encuentran con un ser querido en una unidad de cuidados intensivos (UCI), miles de personas contagiadas est\u00e1n temerosas por no saber c\u00f3mo va avanzar el virus en su cuerpo y si lo va a superar o no<\/em>\u201d, expres\u00f3 el secretario de Gobierno, Esteban Restrepo.<\/p>\n<p>Durante la clausura, el Secretario agradeci\u00f3 a los corporados por aprobar las vigencias futuras para la rehabilitaci\u00f3n de la Biblioteca Nororiental, un proyecto que prioriza la educaci\u00f3n como pilar de la transformaci\u00f3n social.<\/p>\n<p>Gracias a esto, la Alcald\u00eda de Medell\u00edn podr\u00e1 destinar un monto de $10.800 millones de las vigencias futuras de 2022 y $20.000 millones de los recursos de 2021, para una inversi\u00f3n total de $30.800 millones. Con este rubro, se avanzar\u00e1 en la recuperaci\u00f3n de infraestructura de la biblioteca, la repotenciaci\u00f3n de la estructura y la adecuaci\u00f3n del espacio p\u00fablico circundante con la ejecuci\u00f3n de obras de urbanismo, estabilizaci\u00f3n de laderas y mejoramiento paisaj\u00edstico.<\/p>\n<p>\u201c<em>Agradecerles por adelantar los debates pertinentes que dieron lugar a dos Acuerdos Municipales que impactar\u00e1n positivamente a los ciudadanos; el primero: las vigencias futuras que van a hacer posible la reconstrucci\u00f3n de la biblioteca de la zona nororiental m\u00e1s conocida como Biblioteca Espa\u00f1a, reconstruir memoria y sanar as\u00ed esa herida que administraciones dejaron en Santo Domingo Savio<\/em>\u201d, agreg\u00f3 el secretario.<\/p>\n<p>Tambi\u00e9n se debati\u00f3 el proyecto para aumentar el subsidio de los servicios de acueducto y alcantarillado (estratos 1 y 3) y que fue aprobado por unanimidad. El beneficio para el estrato 1 pasar\u00e1 del 60 % al 66 %, mientras que para el estrato 3 aumenta del 12,5 % al 15 %. La Alcald\u00eda de Medell\u00edn entrega el subsidio del 40 % al estrato 2, el m\u00e1ximo permitido por la ley.<\/p>\n<p>Durante el periodo tambi\u00e9n fue aprobado Coworking al Barrio, propuesto por la concejala Aura Marleny Arcila, que permitir\u00e1 la consolidaci\u00f3n del Valle del Software con acciones para el emprendimiento.<\/p>\n<p>La Administraci\u00f3n Municipal asisti\u00f3 a los espacios solicitados por la corporaci\u00f3n dentro de su ejercicio de control pol\u00edtico, as\u00ed como a las reuniones de comisiones accidentales y de los proyectos de acuerdo de su iniciativa. Se atendieron 32 comisiones accidentales, siete reuniones de estudio, cuatro debates en comisiones y 49 plenarias.<\/p>\n<p>Las sesiones extraordinarias se realizar\u00e1n del 3 al 16 de mayo para discutir y tramitar el pago de los honorarios y otros beneficios para los ediles y la desafectaci\u00f3n de bienes de uso p\u00fablico de propiedad del Municipio para transformar la zona del parque San Antonio, como lo indica el Decreto 1010 del 2020.<\/p>\n<p>Otras propuestas tienen que ver con la reducci\u00f3n de desigualdad en el sector de infraestructura y construcci\u00f3n, de la concejala Dora Saldarriaga, y la definici\u00f3n de un horario escalonado para la Administraci\u00f3n, replicable al sector privado, de la concejala Aura Marleny Arcila.<\/p>\n<\/div>\n<div class=\"compartir\">Compartir en:<a title=\"\" href=\"http:\/\/www.facebook.com\/share.php?u=\" class=\"btCompartirFacebook btCompartir\" target=\"_blank\" rel=\"noopener\"><\/a><a title=\"\" href=\"http:\/\/twitter.com\/home?status=Haz%20clic%20para%20ver%20esta%20noticia%20en%20\" class=\"btCompartirTwitter btCompartir\"><\/a><a title=\"\" href=\"whatsapp:\/\/send?text=Haz%20clic%20para%20ver%20esta%20noticia%20en%20\" class=\"btCompartirWa btCompartir\"><\/a><\/div>\n<\/div>\n<p><script>try{comprobarImagen();fixBtnRedes();hitsMedellin();}catch(e){}<\/script><\/div>\n","protected":false},"excerpt":{"rendered":"<p>Foto: Centro Administrativo Municipal Fot\u00f3grafo: Juan Fernando Gallego Duque 2021-04-01 La Alcald\u00eda de Medell\u00edn clausur\u00f3 las sesiones ordinarias del Concejo tras la aprobaci\u00f3n de dos importantes proyectos Por Prensa Alcald\u00eda de Medell\u00edn .: La autorizaci\u00f3n &#8230;<\/p>\n","protected":false},"author":1,"featured_media":60338,"comment_status":"open","ping_status":"open","sticky":false,"template":"","format":"standard","meta":[],"categories":[293,5,8,6,17],"tags":[455,443],"formato_nota":[],"programas_tax":[],"acf":[],"_links":{"self":[{"href":"https:\/\/www.medellin.gov.co\/es\/wp-json\/wp\/v2\/posts\/36114"}],"collection":[{"href":"https:\/\/www.medellin.gov.co\/es\/wp-json\/wp\/v2\/posts"}],"about":[{"href":"https:\/\/www.medellin.gov.co\/es\/wp-json\/wp\/v2\/types\/post"}],"author":[{"embeddable":true,"href":"https:\/\/www.medellin.gov.co\/es\/wp-json\/wp\/v2\/users\/1"}],"replies":[{"embeddable":true,"href":"https:\/\/www.medellin.gov.co\/es\/wp-json\/wp\/v2\/comments?post=36114"}],"version-history":[{"count":1,"href":"https:\/\/www.medellin.gov.co\/es\/wp-json\/wp\/v2\/posts\/36114\/revisions"}],"predecessor-version":[{"id":48786,"href":"https:\/\/www.medellin.gov.co\/es\/wp-json\/wp\/v2\/posts\/36114\/revisions\/48786"}],"wp:featuredmedia":[{"embeddable":true,"href":"https:\/\/www.medellin.gov.co\/es\/wp-json\/wp\/v2\/media\/60338"}],"wp:attachment":[{"href":"https:\/\/www.medellin.gov.co\/es\/wp-json\/wp\/v2\/media?parent=36114"}],"wp:term":[{"taxonomy":"category","embeddable":true,"href":"https:\/\/www.medellin.gov.co\/es\/wp-json\/wp\/v2\/categories?post=36114"},{"taxonomy":"post_tag","embeddable":true,"href":"https:\/\/www.medellin.gov.co\/es\/wp-json\/wp\/v2\/tags?post=36114"},{"taxonomy":"formato_nota","embeddable":true,"href":"https:\/\/www.medellin.gov.co\/es\/wp-json\/wp\/v2\/formato_nota?post=36114"},{"taxonomy":"programas_tax","embeddable":true,"href":"https:\/\/www.medellin.gov.co\/es\/wp-json\/wp\/v2\/programas_tax?post=36114"}],"curies":[{"name":"wp","href":"https:\/\/api.w.org\/{rel}","templated":true}]}}