{"id":36185,"date":"2021-05-14T00:00:00","date_gmt":"2021-05-14T05:00:00","guid":{"rendered":"https:\/\/www.medellin.gov.co\/es\/saladeprensa\/noticias\/una-destacada-profe-y-lider-afro\/"},"modified":"2022-03-27T23:21:23","modified_gmt":"2022-03-28T04:21:23","slug":"una-destacada-profe-y-lider-afro","status":"publish","type":"post","link":"https:\/\/www.medellin.gov.co\/es\/sala-de-prensa\/noticias\/una-destacada-profe-y-lider-afro\/","title":{"rendered":"Una destacada profe y l\u00edder afro"},"content":{"rendered":"<div class=\"wrap contenido\">\n<div class=\"noticia\">\n<div class=\"imagen\">\n<div class=\"divContImageNoticia input_plantilla input_background\" data-input=\"fotografia\" ruta=\"\/galerias\/Imagenes\/Galer\u00eda d\u00eda a d\u00eda 2021\/500_400\/20210514-Foto profe 2.jpg\" fotografo=\"Foto Alcald\u00eda de Medell\u00edn\" descripcion=\"Carmen Romelia Palacios es profesora de primaria hace 41 a\u00f1os. Actualmente es docente de la Instituci\u00f3n Educativa Federico Ozanam, en el barrio Buenos Aires.\" style=\"background-image:url('\/irj\/go\/km\/docs\/galerias\/Imagenes\/Galer\u00eda d\u00eda a d\u00eda 2021\/500_400\/20210514-Foto profe 2.jpg')\"><\/div>\n<p class=\"pMetaDesc\">Foto: Carmen Romelia Palacios es profesora de primaria hace 41 a\u00f1os. Actualmente es docente de la Instituci\u00f3n Educativa Federico Ozanam, en el barrio Buenos Aires.<\/p>\n<p class=\"pMetaFotografo\">Fot\u00f3grafo: Foto Alcald\u00eda de Medell\u00edn<\/p>\n<\/div>\n<p class=\"fecha\"><span class=\"input_plantilla input_text\" data-input=\"fecha\">2021-05-14<\/span><\/p>\n<p itemprop=\"name\" class=\"input_plantilla input_text\" data-input=\"titulo\">Una destacada profe y l\u00edder afro<\/p>\n<p class=\"input_plantilla input_text\" data-input=\"autor\">Por: Nathalia Bedoya Gonz\u00e1lez<\/p>\n<div class=\"cuerpo input_plantilla input_area\" data-input=\"contenido\">\n<p style=\"text-align: center;\" data-mce-style=\"text-align: center;\"><em>Con coloridos vestidos y su sonrisa blanca, Carmen Palacios est\u00e1 en las aulas ense\u00f1ando desde el amor y el respeto, que la igualdad con educaci\u00f3n se puede lograr.<\/em><\/p>\n<p>Carmen Romelia Palacios, es profesora de primaria hace 41 a\u00f1os. Actualmente es docente de la Instituci\u00f3n Educativa Federico Ozanam, en el barrio Buenos Aires. Es de Quibd\u00f3, Choc\u00f3 y cuando estaba peque\u00f1a, le encantaba ir y ver c\u00f3mo las profesoras de su barrio dictaban clases.<\/p>\n<p><em>\u201cA medida que fui creciendo entend\u00ed que mi profesi\u00f3n iba a ser esta, porque en mi tierra no hab\u00eda tantas profesiones en la Universidad y tampoco ten\u00eda los recursos para hacer una carrera profesional. Sal\u00ed del colegio Instituto Normalita Femenino Integrado y desde el bachillerato nos prepararon para ser profesoras\u201d, cuenta<\/em> Palacios.<\/p>\n<p>Carmen es una mujer que ama servir a la comunidad y le gusta sentir que es \u00fatil, el no hacer nada o quedarse con los brazos cruzados para ella no es una opci\u00f3n, sabe que en las nuevas generaciones est\u00e1 el futuro y sus clases como lo afirma ella, <em>\u201cno son para nada aburridas\u201d. C<\/em>uando no est\u00e1 en clases, est\u00e1 en las calles sensibilizando a la poblaci\u00f3n con temas como inclusi\u00f3n, empoderamiento femenino y el racismo.<\/p>\n<p><em>\u201cYo no soy una docente gru\u00f1ona, no mantengo acosados ni azarados a los estudiantes, muchos me dicen que les gustar\u00eda ser una profesora como yo porque busco la manera para que obedezcan y as\u00ed no debo acudir a los gritos\u201d <\/em>Afirma la docente.<\/p>\n<p>Carmen se gradu\u00f3 como bachiller en 1979 y por la falta de oportunidades en Quibd\u00f3, su mam\u00e1 decidi\u00f3 enviarla a Cartagena en busca de trabajo.<\/p>\n<p><img src=\"\/irj\/go\/km\/docs\/galerias\/Imagenes\/Galer%C3%ADa%20d%C3%ADa%20a%20d%C3%ADa%202021\/1000_450\/20210514-Foto%20profe%201.jpg\" width=\"100%\" alt=\"\" data-mce-src=\"\/irj\/go\/km\/docs\/galerias\/Imagenes\/Galer%C3%ADa%20d%C3%ADa%20a%20d%C3%ADa%202021\/1000_450\/20210514-Foto%20profe%201.jpg\"><\/p>\n<p><em>\u201cYo me fui de mi pueblo un diciembre y en enero, un hermano que viv\u00eda en Urab\u00e1 me dijo que hab\u00eda una vacante en una finca bananera, que me fuera r\u00e1pido y dur\u00e9 un a\u00f1o trabajando con ellos\u201d.<\/em><\/p>\n<p>En busca de un mejor futuro y un pago m\u00e1s digno, su hermana mayor busc\u00f3 la manera de ayudarla y en 1980 se fue a Necocl\u00ed donde ejerci\u00f3 como maestra de una de las veredas del pueblo.<\/p>\n<p><em>\u201cCuando yo llegu\u00e9 all\u00e1, no hab\u00eda escuela, no estaba ni siquiera la infraestructura para una, porque nunca hab\u00edan tenido escuela. Tampoco cont\u00e1bamos con los servicios b\u00e1sicos, sin embargo, yo decid\u00ed quedarme y una familia me dio posada\u201d.<\/em><\/p>\n<p>A do\u00f1a Carmen no le importaron las condiciones en las que se encontraba la vereda, porque su objetivo era ayudar a los ni\u00f1os de esa zona. Poco a poco y gracias a una idea que tuvo, cre\u00f3 una especie de bazar y por semanas la comunidad llevaba implementos con los cuales se pod\u00eda construir la escuela; mientras los hombres levantaban la estructura, las mujeres les cocinaban.<\/p>\n<p><em>\u201cYo les dec\u00eda: esta semana es la semana de la tabla, entonces todos llevaban tablas a la escuela y de esa manera cercamos el sal\u00f3n e hicimos un tablero, y aunque yo ten\u00eda a estudiantes de todas las edades, me las ingeniaba para darles clases\u201d, indica <\/em>Carmen<em>.<\/em><\/p>\n<p>Con rifas, bingos, bailes y t\u00f3mbolas como lo llaman en su tierra, Carmen logr\u00f3 adem\u00e1s de la primera escuela para la vereda que le dio su primer trabajo como docente, una alberca para que la comunidad contara con agua y una casa para la otra profesora que lleg\u00f3 a Necocl\u00ed.<\/p>\n<p>Dur\u00f3 5 a\u00f1os en ese lugar, hasta que se cas\u00f3 y pidi\u00f3 traslado a Apartad\u00f3 y ya con sus estudios culminados y se dedic\u00f3 a la docencia. De all\u00ed se fue bajo amenaza y se instal\u00f3 en Turbo donde <em>\u201chice el proceso de revictimizaci\u00f3n y despu\u00e9s llegu\u00e9 a Medell\u00edn, pas\u00e9 una convocatoria para ser docente ac\u00e1 y desde hace nueve a\u00f1os me encuentro ense\u00f1ando en esta linda ciudad\u201d.<\/em><\/p>\n<p>A pesar de todo lo que ha pasado, Carmen sabe que no puede dejar la vocaci\u00f3n que le ha permitido ense\u00f1ar y compartir todos sus conocimientos. Sabe que tiene una misi\u00f3n muy importante con las nuevas generaciones para no dejar perder sus conocimientos ancestrales.<\/p>\n<\/div>\n<div class=\"compartir\">Compartir en:<a title=\"\" href=\"http:\/\/www.facebook.com\/share.php?u=\" class=\"btCompartirFacebook btCompartir\" target=\"_blank\" rel=\"noopener\"><\/a><a title=\"\" href=\"http:\/\/twitter.com\/home?status=Haz%20clic%20para%20ver%20esta%20noticia%20en%20\" class=\"btCompartirTwitter btCompartir\"><\/a><a title=\"\" href=\"whatsapp:\/\/send?text=Haz%20clic%20para%20ver%20esta%20noticia%20en%20\" class=\"btCompartirWa btCompartir\"><\/a><\/div>\n<\/div>\n<p><script>try{comprobarImagen();fixBtnRedes();hitsMedellin();}catch(e){}<\/script><\/div>\n","protected":false},"excerpt":{"rendered":"<p>Foto: Carmen Romelia Palacios es profesora de primaria hace 41 a\u00f1os. Actualmente es docente de la Instituci\u00f3n Educativa Federico Ozanam, en el barrio Buenos Aires. Fot\u00f3grafo: Foto Alcald\u00eda de Medell\u00edn 2021-05-14 Una destacada profe y &#8230;<\/p>\n","protected":false},"author":1,"featured_media":60403,"comment_status":"open","ping_status":"open","sticky":false,"template":"","format":"standard","meta":[],"categories":[25,4],"tags":[438,431],"formato_nota":[],"programas_tax":[],"acf":[],"_links":{"self":[{"href":"https:\/\/www.medellin.gov.co\/es\/wp-json\/wp\/v2\/posts\/36185"}],"collection":[{"href":"https:\/\/www.medellin.gov.co\/es\/wp-json\/wp\/v2\/posts"}],"about":[{"href":"https:\/\/www.medellin.gov.co\/es\/wp-json\/wp\/v2\/types\/post"}],"author":[{"embeddable":true,"href":"https:\/\/www.medellin.gov.co\/es\/wp-json\/wp\/v2\/users\/1"}],"replies":[{"embeddable":true,"href":"https:\/\/www.medellin.gov.co\/es\/wp-json\/wp\/v2\/comments?post=36185"}],"version-history":[{"count":1,"href":"https:\/\/www.medellin.gov.co\/es\/wp-json\/wp\/v2\/posts\/36185\/revisions"}],"predecessor-version":[{"id":48914,"href":"https:\/\/www.medellin.gov.co\/es\/wp-json\/wp\/v2\/posts\/36185\/revisions\/48914"}],"wp:featuredmedia":[{"embeddable":true,"href":"https:\/\/www.medellin.gov.co\/es\/wp-json\/wp\/v2\/media\/60403"}],"wp:attachment":[{"href":"https:\/\/www.medellin.gov.co\/es\/wp-json\/wp\/v2\/media?parent=36185"}],"wp:term":[{"taxonomy":"category","embeddable":true,"href":"https:\/\/www.medellin.gov.co\/es\/wp-json\/wp\/v2\/categories?post=36185"},{"taxonomy":"post_tag","embeddable":true,"href":"https:\/\/www.medellin.gov.co\/es\/wp-json\/wp\/v2\/tags?post=36185"},{"taxonomy":"formato_nota","embeddable":true,"href":"https:\/\/www.medellin.gov.co\/es\/wp-json\/wp\/v2\/formato_nota?post=36185"},{"taxonomy":"programas_tax","embeddable":true,"href":"https:\/\/www.medellin.gov.co\/es\/wp-json\/wp\/v2\/programas_tax?post=36185"}],"curies":[{"name":"wp","href":"https:\/\/api.w.org\/{rel}","templated":true}]}}