{"id":36227,"date":"2021-05-19T00:00:00","date_gmt":"2021-05-19T05:00:00","guid":{"rendered":"https:\/\/www.medellin.gov.co\/es\/saladeprensa\/noticias\/en-medellin-las-jovenes-son-una-revolucion-de-talentos\/"},"modified":"2022-03-27T23:22:05","modified_gmt":"2022-03-28T04:22:05","slug":"en-medellin-las-jovenes-son-una-revolucion-de-talentos","status":"publish","type":"post","link":"https:\/\/www.medellin.gov.co\/es\/sala-de-prensa\/noticias\/en-medellin-las-jovenes-son-una-revolucion-de-talentos\/","title":{"rendered":"En Medell\u00edn, las j\u00f3venes son \u00a1Una revoluci\u00f3n de talentos!"},"content":{"rendered":"<div class=\"wrap contenido\">\n<div class=\"noticia\">\n<div class=\"imagen\">\n<div class=\"divContImageNoticia input_plantilla input_background\" data-input=\"fotografia\" ruta=\"\/galerias\/Imagenes\/Galer\u00eda d\u00eda a d\u00eda 2021\/500_400\/20210519-revolucion-de-talentos-1.jpg\" fotografo=\"Foto Alcald\u00eda de Medelll\u00edn\" descripcion=\"En Medell\u00edn, las j\u00f3venes son \u00a1Una revoluci\u00f3n de talentos!\" style=\"background-image:url('\/irj\/go\/km\/docs\/galerias\/Imagenes\/Galer\u00eda d\u00eda a d\u00eda 2021\/500_400\/20210519-revolucion-de-talentos-1.jpg')\"><\/div>\n<p class=\"pMetaDesc\">Foto: En Medell\u00edn, las j\u00f3venes son \u00a1Una revoluci\u00f3n de talentos!<\/p>\n<p class=\"pMetaFotografo\">Fot\u00f3grafo: Foto Alcald\u00eda de Medelll\u00edn<\/p>\n<\/div>\n<p class=\"fecha\"><span class=\"input_plantilla input_text\" data-input=\"fecha\">2021-05-19<\/span><\/p>\n<p itemprop=\"name\" class=\"input_plantilla input_text\" data-input=\"titulo\">En Medell\u00edn, las j\u00f3venes son \u00a1Una revoluci\u00f3n de talentos!<\/p>\n<p class=\"input_plantilla input_text\" data-input=\"autor\">Por: Lina Mar\u00eda Zapata V\u00e9lez <\/p>\n<div class=\"cuerpo input_plantilla input_area\" data-input=\"contenido\">\n<p>El Concurso Mujeres J\u00f3venes Talento llega a su edici\u00f3n 18 y con \u00e9l, la posibilidad de reconocer a las mujeres que a trav\u00e9s de sus diversas capacidades, generan transformaciones en sus territorios.<\/p>\n<p>Para conocer lo que ha significado el concurso en la vida de las mujeres de Medell\u00edn, conversamos con Catherine Franco ganadora en el 2018 y Juliana Mar\u00edn, en el 2020.<\/p>\n<p>Catherine recibi\u00f3 el reconocimiento p\u00fablico en la categor\u00eda de emprendimiento, pero fue Cindy, una de sus mejores amigas y quien ahora es promotora del concurso, quien la motiv\u00f3 a participar y a mostrar lo potente de su emprendimiento: Coral Tejidos, por su trabajo con mujeres de la comuna 1-Popular. Catherine nunca imagin\u00f3 que ganar el concurso le servir\u00eda tanto para fortalecer su proyecto y participar en otros espacios pol\u00edticos y sociales en la ciudad.<\/p>\n<p>\u201cYo ahora soy promotora del concurso y les cuento &nbsp;a las chicas que al principio dud\u00e9 mucho de participar porque no estaba segura de mis capacidades, ahora les cuento sobre los beneficios que he tenido, a m\u00ed nadie me conoc\u00eda y con el concurso todo cambi\u00f3. Tengo la posibilidad de que me conozcan por lo que hago, promuevo el tejido en la ciudad haciendo murales y ense\u00f1ando a otras mujeres. Creo que muchas chicas se animan a participar conociendo mi experiencia\u201d cont\u00f3 Catherine.<\/p>\n<p>En el caso de Juliana, quien ahora hace parte del equipo de promotoras del Concurso en las comunas y corregimientos, &nbsp;tambi\u00e9n la inseguridad estuvo presente antes de participar, no obstante, decidi\u00f3 lanzarse con su proyecto Caminos de Quimera, iniciativa que impulsa la participaci\u00f3n juvenil en Medell\u00edn.<\/p>\n<p>\u201cEste concurso al final termin\u00f3 reconociendo un mont\u00f3n de cosas en mi vida y permiti\u00f3 que creciera en el ambito personal y profesional. Ahora, soy promotora tengo en mi tarea de asesorar, motivar y apoyar las j\u00f3venes para que se postulen porque mujeres talentosas es lo que hay. Puedo ayudarles a potenciar la creatividad, las ganas, porque estoy segura que tienen todas las capacidades\u201d&nbsp;<\/p>\n<p><strong>Datos de inter\u00e9s:<\/strong>&nbsp;<\/p>\n<p>En <span><a href=\"http:\/\/www.medellin.gov.co\/mujeresjovenestalento\" data-mce-href=\"http:\/\/www.medellin.gov.co\/mujeresjovenestalento\" target=\"_blank\" rel=\"noopener\">www.medellin.gov.co\/mujeresjovenestalento<\/a><\/span> las j\u00f3venes pueden encontrar tanto las bases de la convocatoria como el link para la inscribirse.&nbsp;<\/p>\n<p>Para resolver dudas sobre el concurso, pueden escribir al correo: <span><a href=\"mailto:reconocimientomujeres@gmail.com\" data-mce-href=\"mailto:reconocimientomujeres@gmail.com\" target=\"_blank\" rel=\"noopener\">reconocimientomujeres@gmail.com<\/a><\/span>.<\/p>\n<\/div>\n<div class=\"compartir\">Compartir en:<a title=\"\" href=\"http:\/\/www.facebook.com\/share.php?u=\" class=\"btCompartirFacebook btCompartir\" target=\"_blank\" rel=\"noopener\"><\/a><a title=\"\" href=\"http:\/\/twitter.com\/home?status=Haz%20clic%20para%20ver%20esta%20noticia%20en%20\" class=\"btCompartirTwitter btCompartir\"><\/a><a title=\"\" href=\"whatsapp:\/\/send?text=Haz%20clic%20para%20ver%20esta%20noticia%20en%20\" class=\"btCompartirWa btCompartir\"><\/a><\/div>\n<\/div>\n<p><script>try{comprobarImagen();fixBtnRedes();hitsMedellin();}catch(e){}<\/script><\/div>\n","protected":false},"excerpt":{"rendered":"<p>Foto: En Medell\u00edn, las j\u00f3venes son \u00a1Una revoluci\u00f3n de talentos! Fot\u00f3grafo: Foto Alcald\u00eda de Medelll\u00edn 2021-05-19 En Medell\u00edn, las j\u00f3venes son \u00a1Una revoluci\u00f3n de talentos! Por: Lina Mar\u00eda Zapata V\u00e9lez El Concurso Mujeres J\u00f3venes Talento &#8230;<\/p>\n","protected":false},"author":1,"featured_media":60446,"comment_status":"open","ping_status":"open","sticky":false,"template":"","format":"standard","meta":[],"categories":[15],"tags":[438,427],"formato_nota":[],"programas_tax":[],"acf":[],"_links":{"self":[{"href":"https:\/\/www.medellin.gov.co\/es\/wp-json\/wp\/v2\/posts\/36227"}],"collection":[{"href":"https:\/\/www.medellin.gov.co\/es\/wp-json\/wp\/v2\/posts"}],"about":[{"href":"https:\/\/www.medellin.gov.co\/es\/wp-json\/wp\/v2\/types\/post"}],"author":[{"embeddable":true,"href":"https:\/\/www.medellin.gov.co\/es\/wp-json\/wp\/v2\/users\/1"}],"replies":[{"embeddable":true,"href":"https:\/\/www.medellin.gov.co\/es\/wp-json\/wp\/v2\/comments?post=36227"}],"version-history":[{"count":1,"href":"https:\/\/www.medellin.gov.co\/es\/wp-json\/wp\/v2\/posts\/36227\/revisions"}],"predecessor-version":[{"id":48998,"href":"https:\/\/www.medellin.gov.co\/es\/wp-json\/wp\/v2\/posts\/36227\/revisions\/48998"}],"wp:featuredmedia":[{"embeddable":true,"href":"https:\/\/www.medellin.gov.co\/es\/wp-json\/wp\/v2\/media\/60446"}],"wp:attachment":[{"href":"https:\/\/www.medellin.gov.co\/es\/wp-json\/wp\/v2\/media?parent=36227"}],"wp:term":[{"taxonomy":"category","embeddable":true,"href":"https:\/\/www.medellin.gov.co\/es\/wp-json\/wp\/v2\/categories?post=36227"},{"taxonomy":"post_tag","embeddable":true,"href":"https:\/\/www.medellin.gov.co\/es\/wp-json\/wp\/v2\/tags?post=36227"},{"taxonomy":"formato_nota","embeddable":true,"href":"https:\/\/www.medellin.gov.co\/es\/wp-json\/wp\/v2\/formato_nota?post=36227"},{"taxonomy":"programas_tax","embeddable":true,"href":"https:\/\/www.medellin.gov.co\/es\/wp-json\/wp\/v2\/programas_tax?post=36227"}],"curies":[{"name":"wp","href":"https:\/\/api.w.org\/{rel}","templated":true}]}}