{"id":36318,"date":"2021-06-02T00:00:00","date_gmt":"2021-06-02T05:00:00","guid":{"rendered":"https:\/\/www.medellin.gov.co\/es\/saladeprensa\/noticias\/el-inder-inicia-obras-de-mantenimiento-en-el-velodromo-martin-emilio-cochise-rodriguez-de-medellin\/"},"modified":"2022-03-27T23:23:33","modified_gmt":"2022-03-28T04:23:33","slug":"el-inder-inicia-obras-de-mantenimiento-en-el-velodromo-martin-emilio-cochise-rodriguez-de-medellin","status":"publish","type":"post","link":"https:\/\/www.medellin.gov.co\/es\/sala-de-prensa\/noticias\/el-inder-inicia-obras-de-mantenimiento-en-el-velodromo-martin-emilio-cochise-rodriguez-de-medellin\/","title":{"rendered":"El Inder inicia obras de mantenimiento en el Vel\u00f3dromo Mart\u00edn Emilio Cochise Rodr\u00edguez de Medell\u00edn"},"content":{"rendered":"<div class=\"wrap contenido\">\n<div class=\"noticia\">\n<div class=\"imagen\">\n<div class=\"divContImageNoticia input_plantilla input_background\" data-input=\"fotografia\" ruta=\"\/galerias\/Imagenes\/Galer\u00eda d\u00eda a d\u00eda 2021\/500_400\/20210603-Velodromo-1.jpg\" fotografo=\"Foto Alcald\u00eda de Medell\u00edn\" descripcion=\"El Inder inicia obras de mantenimiento en el Vel\u00f3dromo Mart\u00edn Emilio Cochise Rodr\u00edguez de Medell\u00edn.\" style=\"background-image:url('\/irj\/go\/km\/docs\/galerias\/Imagenes\/Galer\u00eda d\u00eda a d\u00eda 2021\/500_400\/20210603-Velodromo-1.jpg')\"><\/div>\n<p class=\"pMetaDesc\">Foto: El Inder inicia obras de mantenimiento en el Vel\u00f3dromo Mart\u00edn Emilio Cochise Rodr\u00edguez de Medell\u00edn.<\/p>\n<p class=\"pMetaFotografo\">Fot\u00f3grafo: Foto Alcald\u00eda de Medell\u00edn<\/p>\n<\/div>\n<p class=\"fecha\"><span class=\"input_plantilla input_text\" data-input=\"fecha\">2021-06-02<\/span><\/p>\n<p itemprop=\"name\" class=\"input_plantilla input_text\" data-input=\"titulo\">El Inder inicia obras de mantenimiento en el Vel\u00f3dromo Mart\u00edn Emilio Cochise Rodr\u00edguez de Medell\u00edn<\/p>\n<p class=\"input_plantilla input_text\" data-input=\"autor\">Por Diego Giraldo Parra<\/p>\n<div class=\"cuerpo input_plantilla input_area\" data-input=\"contenido\">\n<p>.: Las obras tendr\u00e1n una inversi\u00f3n de $212 millones y se centrar\u00e1n en mejorar la superficie de la pista.<\/p>\n<p>.: Estos trabajos durar\u00e1n aproximadamente dos meses.<\/p>\n<p><a href=\"\/irj\/go\/km\/docs\/galerias\/Audios\/Audios d\u00eda a d\u00eda 2021 - 2\/20210603-Velodromo-01.mp3\" class=\"aContEnlace liMp3\" download=\"\" data-mce-href=\"\/irj\/go\/km\/docs\/galerias\/Audios\/Audios d\u00eda a d\u00eda 2021 - 2\/20210603-Velodromo-01.mp3\"><span>Palabras de Carlos Romero, director del Inder Medell\u00edn.&nbsp;<\/span><span><\/span><span>1510 Kb<\/span><\/a><\/p>\n<p>El Vel\u00f3dromo Mart\u00edn Emilio Cochise Rodr\u00edguez es uno de los escenarios priorizados por el Inder para su mantenimiento, de los 50 que anunci\u00f3 el alcalde de Medell\u00edn, Daniel Quintero Calle, en el plan de reactivaci\u00f3n de la ciudad. Por eso, ya comenzaron los trabajos para mejorar las condiciones de la pista.<\/p>\n<p>Estas obras tendr\u00e1n una inversi\u00f3n de $212 millones. Dadas las condiciones actuales de la pista es necesario realizar trabajos de tratamiento de juntas, aplicaci\u00f3n de sello en zona de c\u00e1rcamos, lijado de la superficie para posteriormente aplicar un acabado para restaurar las condiciones de fricci\u00f3n que exige el ciclismo de pista. Al final se realizar\u00e1 la demarcaci\u00f3n.<\/p>\n<p>\u201c<em>Las obras tendr\u00e1n una duraci\u00f3n aproximada de dos meses, tiempo en el cual les pedimos comprensi\u00f3n a los deportistas y a los usuarios, puesto que la pista estar\u00e1 fuera de funcionamiento. Desde la Subdirecci\u00f3n de Escenarios y la Subdirecci\u00f3n de Fomento Deportivo miraremos alternativas para que puedan seguir con su pr\u00e1ctica deportiva<\/em>\u201d, concluy\u00f3 el director del Inder Medell\u00edn, Carlos Romero.<\/p>\n<p><a href=\"\/irj\/go\/km\/docs\/galerias\/Imagenes\/Galer%C3%ADa%20d%C3%ADa%20a%20d%C3%ADa%202021\/20210603-Velodromo-2.jpg\" title=\"El Inder inicia obras de mantenimiento en el Vel\u00f3dromo Mart\u00edn Emilio Cochise Rodr\u00edguez de Medell\u00edn\" target=\"_blank\" rel=\"noopener\" data-mce-href=\"\/irj\/go\/km\/docs\/galerias\/Imagenes\/Galer%C3%ADa%20d%C3%ADa%20a%20d%C3%ADa%202021\/20210603-Velodromo-2.jpg\"><img src=\"\/irj\/go\/km\/docs\/galerias\/Imagenes\/Galer%C3%ADa%20d%C3%ADa%20a%20d%C3%ADa%202021\/1000_450\/20210603-Velodromo-2.jpg\" alt=\"El Inder inicia obras de mantenimiento en el Vel\u00f3dromo Mart\u00edn Emilio Cochise Rodr\u00edguez de Medell\u00edn\" width=\"100%\" data-mce-src=\"\/irj\/go\/km\/docs\/galerias\/Imagenes\/Galer%C3%ADa%20d%C3%ADa%20a%20d%C3%ADa%202021\/1000_450\/20210603-Velodromo-2.jpg\"><\/a><\/p>\n<p>El Vel\u00f3dromo Mart\u00edn Emilio Cochise Rodr\u00edguez no recib\u00eda intervenciones de este tipo y con estas caracter\u00edsticas t\u00e9cnicas desde hace cinco a\u00f1os. El objetivo es contar con un escenario en buenas condiciones para recibir a usuarios del Inder, clubes, liga y deportistas de alto rendimiento de las selecciones Antioquia y Colombia.<\/p>\n<\/div>\n<div class=\"compartir\">Compartir en:<a title=\"\" href=\"http:\/\/www.facebook.com\/share.php?u=\" class=\"btCompartirFacebook btCompartir\" target=\"_blank\" rel=\"noopener\"><\/a><a title=\"\" href=\"http:\/\/twitter.com\/home?status=Haz%20clic%20para%20ver%20esta%20noticia%20en%20\" class=\"btCompartirTwitter btCompartir\"><\/a><a title=\"\" href=\"whatsapp:\/\/send?text=Haz%20clic%20para%20ver%20esta%20noticia%20en%20\" class=\"btCompartirWa btCompartir\"><\/a><\/div>\n<\/div>\n<p><script>try{comprobarImagen();fixBtnRedes();hitsMedellin();}catch(e){}<\/script><\/div>\n","protected":false},"excerpt":{"rendered":"<p>Foto: El Inder inicia obras de mantenimiento en el Vel\u00f3dromo Mart\u00edn Emilio Cochise Rodr\u00edguez de Medell\u00edn. Fot\u00f3grafo: Foto Alcald\u00eda de Medell\u00edn 2021-06-02 El Inder inicia obras de mantenimiento en el Vel\u00f3dromo Mart\u00edn Emilio Cochise Rodr\u00edguez &#8230;<\/p>\n","protected":false},"author":1,"featured_media":60536,"comment_status":"open","ping_status":"open","sticky":false,"template":"","format":"standard","meta":[],"categories":[293,5,8,11,6,17],"tags":[455,442],"formato_nota":[],"programas_tax":[],"acf":[],"_links":{"self":[{"href":"https:\/\/www.medellin.gov.co\/es\/wp-json\/wp\/v2\/posts\/36318"}],"collection":[{"href":"https:\/\/www.medellin.gov.co\/es\/wp-json\/wp\/v2\/posts"}],"about":[{"href":"https:\/\/www.medellin.gov.co\/es\/wp-json\/wp\/v2\/types\/post"}],"author":[{"embeddable":true,"href":"https:\/\/www.medellin.gov.co\/es\/wp-json\/wp\/v2\/users\/1"}],"replies":[{"embeddable":true,"href":"https:\/\/www.medellin.gov.co\/es\/wp-json\/wp\/v2\/comments?post=36318"}],"version-history":[{"count":1,"href":"https:\/\/www.medellin.gov.co\/es\/wp-json\/wp\/v2\/posts\/36318\/revisions"}],"predecessor-version":[{"id":49177,"href":"https:\/\/www.medellin.gov.co\/es\/wp-json\/wp\/v2\/posts\/36318\/revisions\/49177"}],"wp:featuredmedia":[{"embeddable":true,"href":"https:\/\/www.medellin.gov.co\/es\/wp-json\/wp\/v2\/media\/60536"}],"wp:attachment":[{"href":"https:\/\/www.medellin.gov.co\/es\/wp-json\/wp\/v2\/media?parent=36318"}],"wp:term":[{"taxonomy":"category","embeddable":true,"href":"https:\/\/www.medellin.gov.co\/es\/wp-json\/wp\/v2\/categories?post=36318"},{"taxonomy":"post_tag","embeddable":true,"href":"https:\/\/www.medellin.gov.co\/es\/wp-json\/wp\/v2\/tags?post=36318"},{"taxonomy":"formato_nota","embeddable":true,"href":"https:\/\/www.medellin.gov.co\/es\/wp-json\/wp\/v2\/formato_nota?post=36318"},{"taxonomy":"programas_tax","embeddable":true,"href":"https:\/\/www.medellin.gov.co\/es\/wp-json\/wp\/v2\/programas_tax?post=36318"}],"curies":[{"name":"wp","href":"https:\/\/api.w.org\/{rel}","templated":true}]}}