{"id":36320,"date":"2021-06-03T00:00:00","date_gmt":"2021-06-03T05:00:00","guid":{"rendered":"https:\/\/www.medellin.gov.co\/es\/saladeprensa\/noticias\/un-auxilio-habitacional-transitorio-que-da-esperanza-a-familias-vulnerables-en-medio-de-las-dificultades\/"},"modified":"2022-03-27T23:23:35","modified_gmt":"2022-03-28T04:23:35","slug":"un-auxilio-habitacional-transitorio-que-da-esperanza-a-familias-vulnerables-en-medio-de-las-dificultades","status":"publish","type":"post","link":"https:\/\/www.medellin.gov.co\/es\/sala-de-prensa\/noticias\/un-auxilio-habitacional-transitorio-que-da-esperanza-a-familias-vulnerables-en-medio-de-las-dificultades\/","title":{"rendered":"Un Auxilio Habitacional transitorio, que da esperanza a familias vulnerables, en medio de las dificultades"},"content":{"rendered":"<div class=\"wrap contenido\">\n<div class=\"noticia\">\n<div class=\"imagen\">\n<div class=\"divContImageNoticia input_plantilla input_background\" data-input=\"fotografia\" ruta=\"\/galerias\/Imagenes\/Galer\u00eda d\u00eda a d\u00eda 2021\/500_400\/20210603-auxilio habitacional2.jpg\" fotografo=\"Foto Alcald\u00eda de Medell\u00edn\" descripcion=\"Auxilio Habitacional transitorio.\" style=\"background-image:url('\/irj\/go\/km\/docs\/galerias\/Imagenes\/Galer\u00eda d\u00eda a d\u00eda 2021\/500_400\/20210603-auxilio habitacional2.jpg')\"><\/div>\n<p class=\"pMetaDesc\">Foto: Auxilio Habitacional transitorio.<\/p>\n<p class=\"pMetaFotografo\">Fot\u00f3grafo: Foto Alcald\u00eda de Medell\u00edn<\/p>\n<\/div>\n<p class=\"fecha\"><span class=\"input_plantilla input_text\" data-input=\"fecha\">2021-06-03<\/span><\/p>\n<p itemprop=\"name\" class=\"input_plantilla input_text\" data-input=\"titulo\">Un Auxilio Habitacional transitorio, que da esperanza a familias vulnerables, en medio de las dificultades<\/p>\n<p class=\"input_plantilla input_text\" data-input=\"autor\">Por: Alonso Vel\u00e1squez Jaramillo<\/p>\n<div class=\"cuerpo input_plantilla input_area\" data-input=\"contenido\">\n<p style=\"text-align: center;\" data-mce-style=\"text-align: center;\"><em>Son cientos los hogares que padecen dificultades y que de un momento a otro se quedan sin un techo y sin las m\u00e1s m\u00ednimas condiciones para afrontar su existencia.&nbsp; Desde la Alcald\u00eda de Medell\u00edn se emprenden acciones para ayudar a estas familias vulnerables, que por diferentes circunstancias viven situaciones complejas para enfrentar su cotidianeidad.<\/em><\/p>\n<p>De su natal Caracas, Venezuela -ante la situaci\u00f3n pol\u00edtica y social que all\u00ed se vive- se vino a Colombia a buscar mejores horizontes para ella y su familia.&nbsp; Lleg\u00f3 a Medell\u00edn hace cuatro a\u00f1os y hace dos a\u00f1os y medio retorn\u00f3 a su tierra con la ilusi\u00f3n de quedarse, pero el entorno no era seguro y decidi\u00f3 regresar.&nbsp; Viv\u00eda en una casa de alquiler en el barrio Manrique La Cruz, pero la pandemia, los toques de queda, la falta de ingresos y toda esta situaci\u00f3n que vivimos, les impidi\u00f3 seguir pagando el arriendo y de nuevo tuvo que buscar un lugar donde quedarse.&nbsp;<\/p>\n<p>Para su fortuna, un agente de la Polic\u00eda le dijo que llamara al 123 Social, que all\u00ed le podr\u00edan ayudar.&nbsp; Lo hizo y en efecto, de la Secretar\u00eda de Inclusi\u00f3n Social, Familia y Derechos Humanos de la Alcald\u00eda de Medell\u00edn fueron por ella y la reubicaron en un albergue llamado <em>Construyendo Sue\u00f1os II<\/em>, destinado para atender a poblaci\u00f3n vulnerable, ubicado cerca al parque del Periodista, en el centro de la ciudad. Se trata de una casa grande con 12 habitaciones -solo 7 est\u00e1n ocupadas- en las cuales en este momento viven solo migrantes venezolanos que est\u00e1n all\u00ed a la espera de un mejor futuro.<\/p>\n<p>Esta es en breve la historia de Daynerlin Margarita Oropeza Gonz\u00e1lez, quien vive en este sitio con su esposo Daniel -que a diario trabaja en ventas informales en un sem\u00e1foro en el municipio de Rionegro y que a veces, por diversas circunstancias, debe quedarse amaneciendo all\u00ed- y sus tres hijos:&nbsp; Deyker Abraham Quintero Oropeza de 5 a\u00f1os, Daykelli de 3 a\u00f1os -que los tiene en Buen Comienzo en el barrio Manrique- y la peque\u00f1a Daynellis, de nacionalidad colombiana, de solo 1 a\u00f1o y 4 meses de edad, que est\u00e1 en el programa Fami, tambi\u00e9n en ese sector del oriente de la ciudad.<\/p>\n<p><img src=\"\/irj\/go\/km\/docs\/galerias\/Imagenes\/Galer%C3%ADa%20d%C3%ADa%20a%20d%C3%ADa%202021\/1000_450\/20210603- Daynerlin.jpg\" alt=\"Auxilio Habitacional transitorio\" width=\"100%\" data-mce-src=\"\/irj\/go\/km\/docs\/galerias\/Imagenes\/Galer%C3%ADa%20d%C3%ADa%20a%20d%C3%ADa%202021\/1000_450\/20210603- Daynerlin.jpg\"><\/p>\n<p>\u201c<em>Gracias a la alcald\u00eda estamos aqu\u00ed bien, bajo techo, con un personal de apoyo que hace un excelente trabajo con los ni\u00f1os y los adultos\u201d,<\/em> expresa con ese acento acoste\u00f1ado propio de los venezolanos y con una voz alegre, a pesar de sus circunstancias.<\/p>\n<p><strong>El apoyo de la Alcald\u00eda<\/strong><strong>&nbsp;<\/strong><\/p>\n<p>Esto hace parte del componente Auxilio Habitacional, del Proyecto de Atenci\u00f3n a Emergencias dise\u00f1ado, formulado y ejecutado por la Secretaria de Inclusi\u00f3n Social, Familia y Derechos Humanos de la Alcald\u00eda de Medell\u00edn, como una medida transitoria otorgada a aquellas personas o familias que est\u00e1n en riesgo de quedar en calle o en situaci\u00f3n de calle y que no cuentan con los recursos econ\u00f3micos propios o redes de apoyo familiares o sociales que les permita tener habitabilidad.&nbsp;<\/p>\n<p>Para optar a este apoyo se valora cada caso en donde se mira si son madres o padres cabezas de familia con ni\u00f1os, ni\u00f1as o adolescentes bajo su directa dependencia, si son personas mayores &nbsp;-de 60 a\u00f1os de edad en adelante-, en condici\u00f3n de discapacidad f\u00edsica o mental,&nbsp; con enfermedades catastr\u00f3ficas que les impidan desarrollar una actividad econ\u00f3mica y afectadas por la pandemia que no han podido reincorporarse a las maneras de sostenibilidad que ten\u00edan antes y que adem\u00e1s, tienen convergencia de vulnerabilidades.&nbsp;<\/p>\n<p>En este caso -como en muchos otros- se trata de una familia de migrantes venezolanos, que encontraron la mano amiga de la Administraci\u00f3n Municipal de Medell\u00edn. \u201c<em>La gente de la alcald\u00eda viene, chequean la bioseguridad de la casa, el comportamiento de quienes aqu\u00ed vivimos, los riesgos que podemos tener, traen nutricionistas para los ni\u00f1os, nos ayudan con el estudio para ellos y est\u00e1n muy pendientes de nosotros; siempre est\u00e1n con la disponibilidad para atendernos y mantenernos informados. Esto es una gran bendici\u00f3n, porque no todo el mundo hace esto por un uno; tenemos un techo y con esta oportunidad que nos est\u00e1n brindando, el anhelo es poder legalizarnos, conseguir un trabajo y tener una casita m\u00e1s adelante\u201d,<\/em> asegura Daynerlin, a\u00f1orando sus \u00e9pocas en Venezuela cuando trabajaba en labores de reposter\u00eda y pi\u00f1ater\u00eda, labor que no puede hacer ac\u00e1 por su condici\u00f3n.<\/p>\n<p><img src=\"\/irj\/go\/km\/docs\/galerias\/Imagenes\/Galer%C3%ADa%20d%C3%ADa%20a%20d%C3%ADa%202021\/1000_450\/20210603-auxilio%20habitacional3.jpg\" alt=\"Auxilio Habitacional transitorio\" width=\"100%\" data-mce-src=\"\/irj\/go\/km\/docs\/galerias\/Imagenes\/Galer%C3%ADa%20d%C3%ADa%20a%20d%C3%ADa%202021\/1000_450\/20210603-auxilio%20habitacional3.jpg\"><\/p>\n<p><strong>Elementos del programa<\/strong>&nbsp;<\/p>\n<p>Este auxilio se brinda por 3 o 4 meses en hoteles, inquilinatos, residencias o viviendas que cumplan los requisitos y adicional se les entrega un paquete de alimentos por primera vez y otras ayudas humanitarias. En cada uno de los alojamientos se dispone de cocina y lavander\u00eda para su uso, se implementan protocolos de bioseguridad y normas de sana convivencia, con el respectivo acompa\u00f1amiento psicosocial, que comprende rutas de atenci\u00f3n, traslado a diferentes entidades de acuerdo con sus requerimientos, programas de vacunaci\u00f3n y prevenci\u00f3n de enfermedades, elaboraci\u00f3n de hojas de vida, capacitaciones y apoyo en salud mental, entre otros.&nbsp;<\/p>\n<p>Finalizado el proceso de atenci\u00f3n por Auxilio Habitacional que les ofrece la Administraci\u00f3n Municipal, las familias egresan con herramientas y capacidades propias para continuar su desarrollo por s\u00ed mismas, se dejan ubicadas con redes de apoyo o en viviendas e inquilinatos gestionadas por ellos mismos y que pagan por cuenta propia, dejando abiertos canales telef\u00f3nicos con los profesionales sociales de la secretar\u00eda, para orientaciones posteriores.<\/p>\n<p><strong>Paciencia y buena cara<\/strong><\/p>\n<p>Mientras la legalizaci\u00f3n de su permanencia en Colombia se produce y lleguen nuevos y buenos vientos a su vida, esta venezolana de 24 a\u00f1os dice que \u201c<em>hay que tener paciencia porque somos muchos los venezolanos. Yo quisiera lo mejor y mientras est\u00e9 ac\u00e1, trabajar\u00e9 decentemente en lo que sea para echar adelante con mis hijos. Soy m\u00e1s bien alegre, a pesar de todo esto, porque si la vida le da la espalda a uno hay que sonre\u00edr, porque uno con ni\u00f1os tiene que poner buena cara<\/em>\u201d, sentencia.<\/p>\n<\/div>\n<div class=\"compartir\">Compartir en:<a title=\"\" href=\"http:\/\/www.facebook.com\/share.php?u=\" class=\"btCompartirFacebook btCompartir\" target=\"_blank\" rel=\"noopener\"><\/a><a title=\"\" href=\"http:\/\/twitter.com\/home?status=Haz%20clic%20para%20ver%20esta%20noticia%20en%20\" class=\"btCompartirTwitter btCompartir\"><\/a><a title=\"\" href=\"whatsapp:\/\/send?text=Haz%20clic%20para%20ver%20esta%20noticia%20en%20\" class=\"btCompartirWa btCompartir\"><\/a><\/div>\n<\/div>\n<p><script>try{comprobarImagen();fixBtnRedes();hitsMedellin();}catch(e){}<\/script><\/div>\n","protected":false},"excerpt":{"rendered":"<p>Foto: Auxilio Habitacional transitorio. Fot\u00f3grafo: Foto Alcald\u00eda de Medell\u00edn 2021-06-03 Un Auxilio Habitacional transitorio, que da esperanza a familias vulnerables, en medio de las dificultades Por: Alonso Vel\u00e1squez Jaramillo Son cientos los hogares que padecen &#8230;<\/p>\n","protected":false},"author":1,"featured_media":60538,"comment_status":"open","ping_status":"open","sticky":false,"template":"","format":"standard","meta":[],"categories":[1],"tags":[451,435],"formato_nota":[],"programas_tax":[],"acf":[],"_links":{"self":[{"href":"https:\/\/www.medellin.gov.co\/es\/wp-json\/wp\/v2\/posts\/36320"}],"collection":[{"href":"https:\/\/www.medellin.gov.co\/es\/wp-json\/wp\/v2\/posts"}],"about":[{"href":"https:\/\/www.medellin.gov.co\/es\/wp-json\/wp\/v2\/types\/post"}],"author":[{"embeddable":true,"href":"https:\/\/www.medellin.gov.co\/es\/wp-json\/wp\/v2\/users\/1"}],"replies":[{"embeddable":true,"href":"https:\/\/www.medellin.gov.co\/es\/wp-json\/wp\/v2\/comments?post=36320"}],"version-history":[{"count":1,"href":"https:\/\/www.medellin.gov.co\/es\/wp-json\/wp\/v2\/posts\/36320\/revisions"}],"predecessor-version":[{"id":49181,"href":"https:\/\/www.medellin.gov.co\/es\/wp-json\/wp\/v2\/posts\/36320\/revisions\/49181"}],"wp:featuredmedia":[{"embeddable":true,"href":"https:\/\/www.medellin.gov.co\/es\/wp-json\/wp\/v2\/media\/60538"}],"wp:attachment":[{"href":"https:\/\/www.medellin.gov.co\/es\/wp-json\/wp\/v2\/media?parent=36320"}],"wp:term":[{"taxonomy":"category","embeddable":true,"href":"https:\/\/www.medellin.gov.co\/es\/wp-json\/wp\/v2\/categories?post=36320"},{"taxonomy":"post_tag","embeddable":true,"href":"https:\/\/www.medellin.gov.co\/es\/wp-json\/wp\/v2\/tags?post=36320"},{"taxonomy":"formato_nota","embeddable":true,"href":"https:\/\/www.medellin.gov.co\/es\/wp-json\/wp\/v2\/formato_nota?post=36320"},{"taxonomy":"programas_tax","embeddable":true,"href":"https:\/\/www.medellin.gov.co\/es\/wp-json\/wp\/v2\/programas_tax?post=36320"}],"curies":[{"name":"wp","href":"https:\/\/api.w.org\/{rel}","templated":true}]}}