{"id":36328,"date":"2021-06-03T00:00:00","date_gmt":"2021-06-03T05:00:00","guid":{"rendered":"https:\/\/www.medellin.gov.co\/es\/saladeprensa\/noticias\/comenzaron-las-obras-de-transformacion-del-parque-la-floresta\/"},"modified":"2022-03-27T23:23:42","modified_gmt":"2022-03-28T04:23:42","slug":"comenzaron-las-obras-de-transformacion-del-parque-la-floresta","status":"publish","type":"post","link":"https:\/\/www.medellin.gov.co\/es\/sala-de-prensa\/noticias\/comenzaron-las-obras-de-transformacion-del-parque-la-floresta\/","title":{"rendered":"Comenzaron las obras de transformaci\u00f3n del parque La Floresta"},"content":{"rendered":"<div class=\"wrap contenido\">\n<div class=\"noticia\">\n<div class=\"imagen\">\n<div class=\"divContImageNoticia input_plantilla input_background\" data-input=\"fotografia\" ruta=\"\/pccdesign\/medellin\/Temas\/InfraestructuraFisica\/Noticias\/Shared Content\/Imagenes\/2021\/20210604-Obras-Floresta-1.jpg\" fotografo=\"Alcald\u00eda de Medell\u00edn\" descripcion=\"Comenzaron las obras de transformaci\u00f3n del parque La Floresta.\" style=\"background-image:url('\/irj\/go\/km\/docs\/pccdesign\/medellin\/Temas\/InfraestructuraFisica\/Noticias\/Shared Content\/Imagenes\/2021\/20210604-Obras-Floresta-1.jpg')\"><\/div>\n<p class=\"pMetaDesc\">Foto: Comenzaron las obras de transformaci\u00f3n del parque La Floresta.<\/p>\n<p class=\"pMetaFotografo\">Fot\u00f3grafo: Alcald\u00eda de Medell\u00edn<\/p>\n<\/div>\n<p class=\"fecha\"><span class=\"input_plantilla input_text\" data-input=\"fecha\">2021-06-04<\/span><\/p>\n<p itemprop=\"name\" class=\"input_plantilla input_text\" data-input=\"titulo\">Comenzaron las obras de transformaci\u00f3n del parque La Floresta<\/p>\n<p class=\"input_plantilla input_text\" data-input=\"autor\">Por Byron Garc\u00eda Correa<\/p>\n<div class=\"cuerpo input_plantilla input_area\" data-input=\"contenido\">\n<p>.: El nuevo parque ofrecer\u00e1 6.621 metros cuadrados de espacio p\u00fablico renovado y se convertir\u00e1 en un referente para los habitantes de la comuna 12 (La Am\u00e9rica).<\/p>\n<p>.: Ser\u00e1n sembrados 3.500 metros cuadrados de jardines que promueven la consolidaci\u00f3n de Medell\u00edn como una Ecociudad.&nbsp;<\/p>\n<p><a href=\"\/irj\/go\/km\/docs\/pccdesign\/medellin\/Temas\/InfraestructuraFisica\/Noticias\/Shared Content\/Documentos\/2021\/20210604-Obras-Floresta-01.mp3\" class=\"aContEnlace liMp3\" download=\"\" data-mce-href=\"\/irj\/go\/km\/docs\/pccdesign\/medellin\/Temas\/InfraestructuraFisica\/Noticias\/Shared Content\/Documentos\/2021\/20210604-Obras-Floresta-01.mp3\"><span>Palabras de Natalia Urrego Arias, secretaria de Infraestructura.<\/span><span>1608 Kb<\/span><\/a><\/p>\n<p><span><a href=\"\/irj\/go\/km\/docs\/pccdesign\/medellin\/Temas\/InfraestructuraFisica\/Noticias\/Shared Content\/Documentos\/2021\/20210604-Obras-Floresta-02.mp3\" class=\"aContEnlace liMp3\" download=\"\" data-mce-href=\"\/irj\/go\/km\/docs\/pccdesign\/medellin\/Temas\/InfraestructuraFisica\/Noticias\/Shared Content\/Documentos\/2021\/20210604-Obras-Floresta-02.mp3\"><span>Palabras de Gustavo Mej\u00eda, habitante del sector.<\/span><span>662 Kb<\/span><\/a><\/span><\/p>\n<p>Las acciones para la renovaci\u00f3n del parque de La Floresta ya est\u00e1n en marcha. Este espacio, ubicado en uno de los barrios m\u00e1s tradicionales de la comuna La Am\u00e9rica, recibir\u00e1 una intervenci\u00f3n integral que permitir\u00e1 la generaci\u00f3n de 6.621 metros cuadrados de espacio p\u00fablico de calidad para las personas.&nbsp;<\/p>\n<p>Los trabajos, liderados por la Secretar\u00eda de Infraestructura F\u00edsica, consisten en el mejoramiento de andenes y senderos peatonales, la instalaci\u00f3n de nuevos juegos infantiles, mobiliario urbano y la siembra de 3.500 metros cuadrados de jardines.&nbsp;<\/p>\n<p><a href=\"https:\/\/www.medellin.gov.co\/irj\/go\/km\/docs\/pccdesign\/medellin\/Temas\/InfraestructuraFisica\/Noticias\/Shared%20Content\/Imagenes\/2021\/20210604-Obras-Floresta-2.jpg\" target=\"_blank\" rel=\"noopener\" data-mce-href=\"https:\/\/www.medellin.gov.co\/irj\/go\/km\/docs\/pccdesign\/medellin\/Temas\/InfraestructuraFisica\/Noticias\/Shared%20Content\/Imagenes\/2021\/20210604-Obras-Floresta-2.jpg\"><img src=\"https:\/\/www.medellin.gov.co\/irj\/go\/km\/docs\/pccdesign\/medellin\/Temas\/InfraestructuraFisica\/Noticias\/Shared%20Content\/Imagenes\/2021\/20210604-Obras-Floresta-2.jpg\" alt=\"\" width=\"100%\" data-mce-src=\"https:\/\/www.medellin.gov.co\/irj\/go\/km\/docs\/pccdesign\/medellin\/Temas\/InfraestructuraFisica\/Noticias\/Shared%20Content\/Imagenes\/2021\/20210604-Obras-Floresta-2.jpg\"><\/a><\/p>\n<p><em>\u201cEsta renovaci\u00f3n me parece extraordinaria porque este barrio siempre ha tenido un parque donde se puede vivir en armon\u00eda. Aqu\u00ed compartimos ni\u00f1os, j\u00f3venes, adultos mayores y que lo vayan a arreglar me parece excelente\u201d<\/em>, expres\u00f3 Gustavo Mej\u00eda, uno de los habitantes del sector.&nbsp;<\/p>\n<p>Las obras para la transformaci\u00f3n del parque de La Floresta se ejecutan de manera simult\u00e1nea con los trabajos de renovaci\u00f3n en los parques Popular y Pedregal. La inversi\u00f3n realizada por la Alcald\u00eda de Medell\u00edn para estos tres parques es de $7.562 millones.&nbsp;<\/p>\n<p><em>\u201cNuestra Medell\u00edn Futuro se ha caracterizado por llevar las obras de infraestructura a las comunas, a los barrios, porque son lugares donde se tiene un mayor impacto. El arreglo de la calle, del and\u00e9n, de un parque, no solo cambia el aspecto f\u00edsico de un territorio, sino que genera una transformaci\u00f3n social sorprendente\u201d<\/em>, agreg\u00f3 la secretaria de Infraestructura, Natalia Urrego Arias.&nbsp;<\/p>\n<p>Los trabajos para la renovaci\u00f3n de estos tres parques permiten la generaci\u00f3n de cerca de 160 empleos, muchos de ellos aprovechados por personas que residen en las \u00e1reas de influencia de los proyectos.<\/p>\n<\/div>\n<div class=\"compartir\">Compartir en:<a title=\"\" href=\"http:\/\/www.facebook.com\/share.php?u=\" class=\"btCompartirFacebook btCompartir\" target=\"_blank\" rel=\"noopener\"><\/a><a title=\"\" href=\"http:\/\/twitter.com\/home?status=Haz%20clic%20para%20ver%20esta%20noticia%20en%20\" class=\"btCompartirTwitter btCompartir\"><\/a><a title=\"\" href=\"whatsapp:\/\/send?text=Haz%20clic%20para%20ver%20esta%20noticia%20en%20\" class=\"btCompartirWa btCompartir\"><\/a><\/div>\n<\/div>\n<p><script>try{comprobarImagen();fixBtnRedes();hitsMedellin();}catch(e){}<\/script><\/div>\n","protected":false},"excerpt":{"rendered":"<p>Foto: Comenzaron las obras de transformaci\u00f3n del parque La Floresta. Fot\u00f3grafo: Alcald\u00eda de Medell\u00edn 2021-06-04 Comenzaron las obras de transformaci\u00f3n del parque La Floresta Por Byron Garc\u00eda Correa .: El nuevo parque ofrecer\u00e1 6.621 metros &#8230;<\/p>\n","protected":false},"author":1,"featured_media":60546,"comment_status":"open","ping_status":"open","sticky":false,"template":"","format":"standard","meta":[],"categories":[11],"tags":[451,440,453],"formato_nota":[],"programas_tax":[],"acf":[],"_links":{"self":[{"href":"https:\/\/www.medellin.gov.co\/es\/wp-json\/wp\/v2\/posts\/36328"}],"collection":[{"href":"https:\/\/www.medellin.gov.co\/es\/wp-json\/wp\/v2\/posts"}],"about":[{"href":"https:\/\/www.medellin.gov.co\/es\/wp-json\/wp\/v2\/types\/post"}],"author":[{"embeddable":true,"href":"https:\/\/www.medellin.gov.co\/es\/wp-json\/wp\/v2\/users\/1"}],"replies":[{"embeddable":true,"href":"https:\/\/www.medellin.gov.co\/es\/wp-json\/wp\/v2\/comments?post=36328"}],"version-history":[{"count":1,"href":"https:\/\/www.medellin.gov.co\/es\/wp-json\/wp\/v2\/posts\/36328\/revisions"}],"predecessor-version":[{"id":49197,"href":"https:\/\/www.medellin.gov.co\/es\/wp-json\/wp\/v2\/posts\/36328\/revisions\/49197"}],"wp:featuredmedia":[{"embeddable":true,"href":"https:\/\/www.medellin.gov.co\/es\/wp-json\/wp\/v2\/media\/60546"}],"wp:attachment":[{"href":"https:\/\/www.medellin.gov.co\/es\/wp-json\/wp\/v2\/media?parent=36328"}],"wp:term":[{"taxonomy":"category","embeddable":true,"href":"https:\/\/www.medellin.gov.co\/es\/wp-json\/wp\/v2\/categories?post=36328"},{"taxonomy":"post_tag","embeddable":true,"href":"https:\/\/www.medellin.gov.co\/es\/wp-json\/wp\/v2\/tags?post=36328"},{"taxonomy":"formato_nota","embeddable":true,"href":"https:\/\/www.medellin.gov.co\/es\/wp-json\/wp\/v2\/formato_nota?post=36328"},{"taxonomy":"programas_tax","embeddable":true,"href":"https:\/\/www.medellin.gov.co\/es\/wp-json\/wp\/v2\/programas_tax?post=36328"}],"curies":[{"name":"wp","href":"https:\/\/api.w.org\/{rel}","templated":true}]}}