{"id":36329,"date":"2021-06-04T00:00:00","date_gmt":"2021-06-04T05:00:00","guid":{"rendered":"https:\/\/www.medellin.gov.co\/es\/saladeprensa\/noticias\/un-pedacito-de-tierra-llena-de-tradicion-y-amor-por-el-campo\/"},"modified":"2022-03-27T23:23:44","modified_gmt":"2022-03-28T04:23:44","slug":"un-pedacito-de-tierra-llena-de-tradicion-y-amor-por-el-campo","status":"publish","type":"post","link":"https:\/\/www.medellin.gov.co\/es\/sala-de-prensa\/noticias\/un-pedacito-de-tierra-llena-de-tradicion-y-amor-por-el-campo\/","title":{"rendered":"Un pedacito de tierra llena de tradici\u00f3n y amor por el campo"},"content":{"rendered":"<div class=\"wrap contenido\">\n<div class=\"noticia\">\n<div class=\"imagen\">\n<div class=\"divContImageNoticia input_plantilla input_background\" data-input=\"fotografia\" ruta=\"\/galerias\/Imagenes\/Galer\u00eda d\u00eda a d\u00eda 2021\/500_400\/20210604-Foto 2 campesino.jpg\" fotografo=\"Foto Alcald\u00eda de Medell\u00edn\" descripcion=\"Le\u00f3n Dar\u00edo Posada es un campesino del corregimiento de San Crist\u00f3bal que vive en la vereda El Patio, donde es l\u00edder de la Junta de Acci\u00f3n Comunal.\" style=\"background-image:url('\/irj\/go\/km\/docs\/galerias\/Imagenes\/Galer\u00eda d\u00eda a d\u00eda 2021\/500_400\/20210604-Foto 2 campesino.jpg')\"><\/div>\n<p class=\"pMetaDesc\">Foto: Le\u00f3n Dar\u00edo Posada es un campesino del corregimiento de San Crist\u00f3bal que vive en la vereda El Patio, donde es l\u00edder de la Junta de Acci\u00f3n Comunal.<\/p>\n<p class=\"pMetaFotografo\">Fot\u00f3grafo: Foto Alcald\u00eda de Medell\u00edn<\/p>\n<\/div>\n<p class=\"fecha\"><span class=\"input_plantilla input_text\" data-input=\"fecha\">2021-06-04<\/span><\/p>\n<p itemprop=\"name\" class=\"input_plantilla input_text\" data-input=\"titulo\">Un pedacito de tierra llena de tradici\u00f3n y amor por el campo<\/p>\n<p class=\"input_plantilla input_text\" data-input=\"autor\">Por: Nathalia Bedoya Gonz\u00e1lez<\/p>\n<div class=\"cuerpo input_plantilla input_area\" data-input=\"contenido\">\n<p>Un caf\u00e9 sabe mejor si se toma mirando el paisaje, una papa en la mesa se disfruta m\u00e1s si va de la tierra directamente a la cocina y un amanecer sin duda alguna recarga de energ\u00eda si viene acompa\u00f1ado del sonido de un gallo, dicen quienes consideran el campo su casa y su inspiraci\u00f3n, como Le\u00f3n Dar\u00edo Posada. \u00c9l es un campesino del corregimiento de San Crist\u00f3bal que vive exactamente en la vereda El Patio, donde es l\u00edder de la Junta de Acci\u00f3n Comunal. Hace 50 a\u00f1os su pap\u00e1, Dar\u00edo Posada, compr\u00f3 el terreno donde actualmente vive y donde aprendi\u00f3 desde muy ni\u00f1o a trabajar la tierra.<\/p>\n<p><em>\u201cAc\u00e1 en la finca tengo cebolla, naranja, yuca, cilantro, caf\u00e9, pl\u00e1tano y entre otras cositas. Esta tierra es muy agradecida, por eso el campo es a lo que me dedico al &nbsp;100 % y amo esta labor que me inculcaron desde muy peque\u00f1o\u201d.<\/em><\/p>\n<p>En la finca vive con su hermana, mam\u00e1, sobrino y su hija, Carolina Posada de 21 a\u00f1os, quien tambi\u00e9n ama el campo y conoce los procesos de la agricultura pero, decidi\u00f3 estudiar Psicolog\u00eda apoyada por su padre.<\/p>\n<p><img src=\"\/irj\/go\/km\/docs\/galerias\/Imagenes\/Galer%C3%ADa%20d%C3%ADa%20a%20d%C3%ADa%202021\/1000_450\/20210604-Foto%204%20campesino.jpg\" alt=\"Corregimiento de San Crist\u00f3bal\" width=\"100%\" data-mce-src=\"\/irj\/go\/km\/docs\/galerias\/Imagenes\/Galer%C3%ADa%20d%C3%ADa%20a%20d%C3%ADa%202021\/1000_450\/20210604-Foto%204%20campesino.jpg\"><\/p>\n<p>A pala y pico junto con su pap\u00e1 y los vecinos que llegaron por la misma \u00e9poca que su familia, empezaron a construir las v\u00edas de acceso que llevan a este importante &nbsp;corregimiento de Medell\u00edn.<\/p>\n<p><em>\u201cLo primero que me acuerdo de la finca es que se llegaba por lo que llamamos un camino de bestias. Por ac\u00e1 no hab\u00eda v\u00edas y lo primero que hicimos, fue empezar una huerta, donde sembramos apio, mora y fresa. Tambi\u00e9n recuerdo el proceso de hacer la carretera. Es que mi pap\u00e1 era uno de los l\u00edderes del sector y ve\u00edamos muy contentos la uni\u00f3n de los campesinos de la zona para realizar el primer tramo y hasta para construir la primera escuela. \u00c9l me ense\u00f1\u00f3 a ser l\u00edder, \u00e9l me ense\u00f1\u00f3 a ser persona\u201d, dice <\/em>Le\u00f3n Dar\u00edo.<\/p>\n<p>A pesar de que en alg\u00fan momento le dijo a su padre que se fueran de la finca, hoy con resiliencia, amor y dedicaci\u00f3n se ha quedado en estas tierras para ser gu\u00eda y l\u00edder de su comunidad. Sus labores empiezan a las cinco de la ma\u00f1ana y las termina a eso de las nueve de la noche, con un cafecito en la mano y viendo las luces de la ciudad que ya bordean su vereda.<\/p>\n<p><em>\u201cEntre mis matas y cafetales soy feliz\u201d, expresa Le\u00f3n Dar\u00edo, orgulloso de que su padre le haya ense\u00f1ado tambi\u00e9n a amar el campo, a convivir con sus vecinos y a conservar tradiciones campesinas junto a su familia. <\/em><\/p>\n<\/div>\n<div class=\"compartir\">Compartir en:<a title=\"\" href=\"http:\/\/www.facebook.com\/share.php?u=\" class=\"btCompartirFacebook btCompartir\" target=\"_blank\" rel=\"noopener\"><\/a><a title=\"\" href=\"http:\/\/twitter.com\/home?status=Haz%20clic%20para%20ver%20esta%20noticia%20en%20\" class=\"btCompartirTwitter btCompartir\"><\/a><a title=\"\" href=\"whatsapp:\/\/send?text=Haz%20clic%20para%20ver%20esta%20noticia%20en%20\" class=\"btCompartirWa btCompartir\"><\/a><\/div>\n<\/div>\n<p><script>try{comprobarImagen();fixBtnRedes();hitsMedellin();}catch(e){}<\/script><\/div>\n","protected":false},"excerpt":{"rendered":"<p>Foto: Le\u00f3n Dar\u00edo Posada es un campesino del corregimiento de San Crist\u00f3bal que vive en la vereda El Patio, donde es l\u00edder de la Junta de Acci\u00f3n Comunal. Fot\u00f3grafo: Foto Alcald\u00eda de Medell\u00edn 2021-06-04 Un &#8230;<\/p>\n","protected":false},"author":1,"featured_media":60547,"comment_status":"open","ping_status":"open","sticky":false,"template":"","format":"standard","meta":[],"categories":[24,16],"tags":[453,441,435,455],"formato_nota":[],"programas_tax":[],"acf":[],"_links":{"self":[{"href":"https:\/\/www.medellin.gov.co\/es\/wp-json\/wp\/v2\/posts\/36329"}],"collection":[{"href":"https:\/\/www.medellin.gov.co\/es\/wp-json\/wp\/v2\/posts"}],"about":[{"href":"https:\/\/www.medellin.gov.co\/es\/wp-json\/wp\/v2\/types\/post"}],"author":[{"embeddable":true,"href":"https:\/\/www.medellin.gov.co\/es\/wp-json\/wp\/v2\/users\/1"}],"replies":[{"embeddable":true,"href":"https:\/\/www.medellin.gov.co\/es\/wp-json\/wp\/v2\/comments?post=36329"}],"version-history":[{"count":1,"href":"https:\/\/www.medellin.gov.co\/es\/wp-json\/wp\/v2\/posts\/36329\/revisions"}],"predecessor-version":[{"id":49199,"href":"https:\/\/www.medellin.gov.co\/es\/wp-json\/wp\/v2\/posts\/36329\/revisions\/49199"}],"wp:featuredmedia":[{"embeddable":true,"href":"https:\/\/www.medellin.gov.co\/es\/wp-json\/wp\/v2\/media\/60547"}],"wp:attachment":[{"href":"https:\/\/www.medellin.gov.co\/es\/wp-json\/wp\/v2\/media?parent=36329"}],"wp:term":[{"taxonomy":"category","embeddable":true,"href":"https:\/\/www.medellin.gov.co\/es\/wp-json\/wp\/v2\/categories?post=36329"},{"taxonomy":"post_tag","embeddable":true,"href":"https:\/\/www.medellin.gov.co\/es\/wp-json\/wp\/v2\/tags?post=36329"},{"taxonomy":"formato_nota","embeddable":true,"href":"https:\/\/www.medellin.gov.co\/es\/wp-json\/wp\/v2\/formato_nota?post=36329"},{"taxonomy":"programas_tax","embeddable":true,"href":"https:\/\/www.medellin.gov.co\/es\/wp-json\/wp\/v2\/programas_tax?post=36329"}],"curies":[{"name":"wp","href":"https:\/\/api.w.org\/{rel}","templated":true}]}}