{"id":364543,"date":"2024-11-15T08:08:00","date_gmt":"2024-11-15T13:08:00","guid":{"rendered":"https:\/\/www.medellin.gov.co\/es\/?p=364543"},"modified":"2024-11-15T22:41:19","modified_gmt":"2024-11-16T03:41:19","slug":"el-distrito-inicia-la-semana-para-fortalecer-la-comunicacion-en-los-territorios","status":"publish","type":"post","link":"https:\/\/www.medellin.gov.co\/es\/sala-de-prensa\/noticias\/el-distrito-inicia-la-semana-para-fortalecer-la-comunicacion-en-los-territorios\/","title":{"rendered":"El Distrito inicia la semana para fortalecer la comunicaci\u00f3n en los territorios"},"content":{"rendered":"<ul>\n<li class=\"p1\"><b>Actividades acad\u00e9micas, pasant\u00edas, recorridos y el Tour Telemedell\u00edn har\u00e1n <\/b><b>parte de la Semana de la Comunicaci\u00f3n: Territorios que inspiran para\u00a0<\/b><b>aprender.<\/b><\/li>\n<\/ul>\n<!--[if lt IE 9]><script>document.createElement('audio');<\/script><![endif]-->\n\t<div class=\"wp-playlist wp-audio-playlist wp-playlist-light\">\n\t\t\t<div class=\"wp-playlist-current-item\"><\/div>\n\t\t<audio controls=\"controls\" preload=\"none\" width=\"640\"\n\t\t\t><\/audio>\n\t<div class=\"wp-playlist-next\"><\/div>\n\t<div class=\"wp-playlist-prev\"><\/div>\n\t<noscript>\n\t<ol>\n\t\t<li><a href='https:\/\/www.medellin.gov.co\/es\/wp-content\/uploads\/2024\/11\/semana-de-la-comunicacion-territorios-01.mp3'>Palabras de Adriana Garnica Villalobos, secretaria de Comunicaciones<\/a><\/li>\t<\/ol>\n\t<\/noscript>\n\t<script type=\"application\/json\" class=\"wp-playlist-script\">{\"type\":\"audio\",\"tracklist\":true,\"tracknumbers\":true,\"images\":true,\"artists\":true,\"tracks\":[{\"src\":\"https:\\\/\\\/www.medellin.gov.co\\\/es\\\/wp-content\\\/uploads\\\/2024\\\/11\\\/semana-de-la-comunicacion-territorios-01.mp3\",\"type\":\"audio\\\/mpeg\",\"title\":\"Palabras de Adriana Garnica Villalobos, secretaria de Comunicaciones\",\"caption\":\"\",\"description\":\"\\u00abPalabras de Adriana Garnica Villalobos, secretaria de Comunicaciones\\u00bb.\",\"meta\":{\"length_formatted\":\"1:05\"},\"image\":{\"src\":\"https:\\\/\\\/www.medellin.gov.co\\\/es\\\/wp-includes\\\/images\\\/media\\\/audio.png\",\"width\":48,\"height\":64},\"thumb\":{\"src\":\"https:\\\/\\\/www.medellin.gov.co\\\/es\\\/wp-includes\\\/images\\\/media\\\/audio.png\",\"width\":48,\"height\":64}}]}<\/script>\n<\/div>\n\t\n<p class=\"p1\">Con una programaci\u00f3n acad\u00e9mica, pedag\u00f3gica y de experiencias, dirigida\u00a0principalmente a los procesos y medios de comunicaci\u00f3n alternativos,\u00a0comunitarios y ciudadanos, Medell\u00edn vivir\u00e1 la cuarta edici\u00f3n de la Semana de la\u00a0Comunicaci\u00f3n, del 18 al 23 de noviembre.<\/p>\n<div id=\"attachment_364548\" style=\"width: 1210px\" class=\"wp-caption aligncenter\"><a href=\"https:\/\/www.medellin.gov.co\/es\/wp-content\/uploads\/2024\/11\/semana-de-la-comunicacion-territorios1.jpg\" target=\"_blank\" rel=\"noopener\"><img aria-describedby=\"caption-attachment-364548\" loading=\"lazy\" class=\"wp-image-364548 size-full\" title=\"El Distrito inicia la semana para fortalecer la comunicaci\u00f3n en los territorios\" src=\"https:\/\/www.medellin.gov.co\/es\/wp-content\/uploads\/2024\/11\/semana-de-la-comunicacion-territorios1.jpg\" alt=\"El Distrito inicia la semana para fortalecer la comunicaci\u00f3n en los territorios\" width=\"1200\" height=\"794\" srcset=\"https:\/\/www.medellin.gov.co\/es\/wp-content\/uploads\/2024\/11\/semana-de-la-comunicacion-territorios1.jpg 1200w, https:\/\/www.medellin.gov.co\/es\/wp-content\/uploads\/2024\/11\/semana-de-la-comunicacion-territorios1-300x199.jpg 300w, https:\/\/www.medellin.gov.co\/es\/wp-content\/uploads\/2024\/11\/semana-de-la-comunicacion-territorios1-1024x678.jpg 1024w, https:\/\/www.medellin.gov.co\/es\/wp-content\/uploads\/2024\/11\/semana-de-la-comunicacion-territorios1-150x99.jpg 150w, https:\/\/www.medellin.gov.co\/es\/wp-content\/uploads\/2024\/11\/semana-de-la-comunicacion-territorios1-768x508.jpg 768w\" sizes=\"(max-width: 1200px) 100vw, 1200px\" \/><\/a><p id=\"caption-attachment-364548\" class=\"wp-caption-text\">El Distrito inicia la semana para fortalecer la comunicaci\u00f3n en los territorios &#8211; Foto alcald\u00eda de Medell\u00edn<\/p><\/div>\n<p class=\"p1\"><i>\u201cEste es un espacio de encuentro y di\u00e1logo para visibilizar el papel que juegan los <\/i><i>medios comunitarios y ciudadanos en los territorios; todo esto en el marco de la\u00a0<\/i><i>pol\u00edtica p\u00fablica. Adicionalmente, esta semana contar\u00e1 con la celebraci\u00f3n del 15.<\/i><i>o\u00a0<\/i><i>Premio de Periodismo Alcald\u00eda de Medell\u00edn, que busca hacerle un reconocimiento\u00a0<\/i><i>a estos medios comunitarios\u201d,<\/i> dijo la secretaria de Comunicaciones, Adriana\u00a0Garnica Villalobos.<\/p>\n<p class=\"p1\">La apertura ser\u00e1 el lunes 18 de noviembre con un <i>bootcamp<\/i> o jornada intensiva\u00a0de formaci\u00f3n te\u00f3rica y pr\u00e1ctica para redes ciudadanas y Medios Alternativos,\u00a0Independientes, Comunitarios y Ciudadanos -MAICC, que estar\u00e1 enfocada en\u00a0gesti\u00f3n de proyectos y en c\u00f3mo ser rentables en el ecosistema digital, de 8:30 a.\u00a0m. a 5:00 p. m., en Telemedell\u00edn.<\/p>\n<div id=\"attachment_364551\" style=\"width: 1210px\" class=\"wp-caption aligncenter\"><a href=\"https:\/\/www.medellin.gov.co\/es\/wp-content\/uploads\/2024\/11\/semana-de-la-comunicacion-territorios3.jpg\" target=\"_blank\" rel=\"noopener\"><img aria-describedby=\"caption-attachment-364551\" loading=\"lazy\" class=\"wp-image-364551 size-full\" title=\"El Distrito inicia la semana para fortalecer la comunicaci\u00f3n en los territorios\" src=\"https:\/\/www.medellin.gov.co\/es\/wp-content\/uploads\/2024\/11\/semana-de-la-comunicacion-territorios3.jpg\" alt=\"El Distrito inicia la semana para fortalecer la comunicaci\u00f3n en los territorios\" width=\"1200\" height=\"794\" srcset=\"https:\/\/www.medellin.gov.co\/es\/wp-content\/uploads\/2024\/11\/semana-de-la-comunicacion-territorios3.jpg 1200w, https:\/\/www.medellin.gov.co\/es\/wp-content\/uploads\/2024\/11\/semana-de-la-comunicacion-territorios3-300x199.jpg 300w, https:\/\/www.medellin.gov.co\/es\/wp-content\/uploads\/2024\/11\/semana-de-la-comunicacion-territorios3-1024x678.jpg 1024w, https:\/\/www.medellin.gov.co\/es\/wp-content\/uploads\/2024\/11\/semana-de-la-comunicacion-territorios3-150x99.jpg 150w, https:\/\/www.medellin.gov.co\/es\/wp-content\/uploads\/2024\/11\/semana-de-la-comunicacion-territorios3-768x508.jpg 768w\" sizes=\"(max-width: 1200px) 100vw, 1200px\" \/><\/a><p id=\"caption-attachment-364551\" class=\"wp-caption-text\">El Distrito inicia la semana para fortalecer la comunicaci\u00f3n en los territorios &#8211; Foto alcaldia de Medell\u00edn<\/p><\/div>\n<p class=\"p1\">Para el cierre de la semana, el s\u00e1bado 23 de noviembre, a las 5:00 p. m., en el\u00a0planetario, se proclamar\u00e1n los ganadores del 15.<span class=\"s1\">o<\/span> Premio de Periodismo Alcald\u00eda\u00a0de Medell\u00edn, en el cual se entregar\u00e1n $70 millones como reconocimiento a la labor\u00a0de los procesos y MAICC.<\/p>\n<p class=\"p1\">Tambi\u00e9n, con estos medios se llevar\u00e1n a cabo tres encuentros territoriales en\u00a0diferentes zonas de Medell\u00edn, el 19 y 20 de noviembre, en los que los ciudadanos\u00a0podr\u00e1n conocer, de primera mano, las estrategias de transformaci\u00f3n social que se\u00a0desarrollan a nivel local.<\/p>\n<div id=\"attachment_364550\" style=\"width: 1210px\" class=\"wp-caption aligncenter\"><a href=\"https:\/\/www.medellin.gov.co\/es\/wp-content\/uploads\/2024\/11\/semana-de-la-comunicacion-territorios2.jpg\" target=\"_blank\" rel=\"noopener\"><img aria-describedby=\"caption-attachment-364550\" loading=\"lazy\" class=\"wp-image-364550 size-full\" title=\"El Distrito inicia la semana para fortalecer la comunicaci\u00f3n en los territorios\" src=\"https:\/\/www.medellin.gov.co\/es\/wp-content\/uploads\/2024\/11\/semana-de-la-comunicacion-territorios2.jpg\" alt=\"El Distrito inicia la semana para fortalecer la comunicaci\u00f3n en los territorios\" width=\"1200\" height=\"794\" srcset=\"https:\/\/www.medellin.gov.co\/es\/wp-content\/uploads\/2024\/11\/semana-de-la-comunicacion-territorios2.jpg 1200w, https:\/\/www.medellin.gov.co\/es\/wp-content\/uploads\/2024\/11\/semana-de-la-comunicacion-territorios2-300x199.jpg 300w, https:\/\/www.medellin.gov.co\/es\/wp-content\/uploads\/2024\/11\/semana-de-la-comunicacion-territorios2-1024x678.jpg 1024w, https:\/\/www.medellin.gov.co\/es\/wp-content\/uploads\/2024\/11\/semana-de-la-comunicacion-territorios2-150x99.jpg 150w, https:\/\/www.medellin.gov.co\/es\/wp-content\/uploads\/2024\/11\/semana-de-la-comunicacion-territorios2-768x508.jpg 768w\" sizes=\"(max-width: 1200px) 100vw, 1200px\" \/><\/a><p id=\"caption-attachment-364550\" class=\"wp-caption-text\">El Distrito inicia la semana para fortalecer la comunicaci\u00f3n en los territorios &#8211; Foto alcald\u00eda de Medell\u00edn<\/p><\/div>\n<p class=\"p1\">La academia se articular\u00e1 a la programaci\u00f3n y el jueves 21 de noviembre, en\u00a0alianza con el Polit\u00e9cnico Jaime Isaza Cadavid, el Distrito realizar\u00e1 una C\u00e1tedra\u00a0Itinerante con estudiantes de la Facultad de Comunicaci\u00f3n Audiovisual, para\u00a0visibilizar experiencias relevantes en comunicaci\u00f3n p\u00fablica de los MAICC.<\/p>\n<p class=\"p1\">Los interesados pueden encontrar la programaci\u00f3n e inscribirse a las actividades\u00a0de la Semana de la Comunicaci\u00f3n en:\u00a0www.medellin.gov.co\/semanadelacomunicacion<\/p>\n","protected":false},"excerpt":{"rendered":"<p>Actividades acad\u00e9micas, pasant\u00edas, recorridos y el Tour Telemedell\u00edn har\u00e1n parte de la Semana de la Comunicaci\u00f3n: Territorios que inspiran para\u00a0aprender. Con una programaci\u00f3n acad\u00e9mica, pedag\u00f3gica y de experiencias, dirigida\u00a0principalmente a los procesos y medios de &#8230;<\/p>\n","protected":false},"author":84,"featured_media":364554,"comment_status":"open","ping_status":"open","sticky":false,"template":"","format":"standard","meta":[],"categories":[1],"tags":[455,450],"formato_nota":[],"programas_tax":[],"acf":[],"_links":{"self":[{"href":"https:\/\/www.medellin.gov.co\/es\/wp-json\/wp\/v2\/posts\/364543"}],"collection":[{"href":"https:\/\/www.medellin.gov.co\/es\/wp-json\/wp\/v2\/posts"}],"about":[{"href":"https:\/\/www.medellin.gov.co\/es\/wp-json\/wp\/v2\/types\/post"}],"author":[{"embeddable":true,"href":"https:\/\/www.medellin.gov.co\/es\/wp-json\/wp\/v2\/users\/84"}],"replies":[{"embeddable":true,"href":"https:\/\/www.medellin.gov.co\/es\/wp-json\/wp\/v2\/comments?post=364543"}],"version-history":[{"count":2,"href":"https:\/\/www.medellin.gov.co\/es\/wp-json\/wp\/v2\/posts\/364543\/revisions"}],"predecessor-version":[{"id":364920,"href":"https:\/\/www.medellin.gov.co\/es\/wp-json\/wp\/v2\/posts\/364543\/revisions\/364920"}],"wp:featuredmedia":[{"embeddable":true,"href":"https:\/\/www.medellin.gov.co\/es\/wp-json\/wp\/v2\/media\/364554"}],"wp:attachment":[{"href":"https:\/\/www.medellin.gov.co\/es\/wp-json\/wp\/v2\/media?parent=364543"}],"wp:term":[{"taxonomy":"category","embeddable":true,"href":"https:\/\/www.medellin.gov.co\/es\/wp-json\/wp\/v2\/categories?post=364543"},{"taxonomy":"post_tag","embeddable":true,"href":"https:\/\/www.medellin.gov.co\/es\/wp-json\/wp\/v2\/tags?post=364543"},{"taxonomy":"formato_nota","embeddable":true,"href":"https:\/\/www.medellin.gov.co\/es\/wp-json\/wp\/v2\/formato_nota?post=364543"},{"taxonomy":"programas_tax","embeddable":true,"href":"https:\/\/www.medellin.gov.co\/es\/wp-json\/wp\/v2\/programas_tax?post=364543"}],"curies":[{"name":"wp","href":"https:\/\/api.w.org\/{rel}","templated":true}]}}