{"id":364757,"date":"2024-11-15T14:14:57","date_gmt":"2024-11-15T19:14:57","guid":{"rendered":"https:\/\/www.medellin.gov.co\/es\/?p=364757"},"modified":"2024-11-15T22:42:23","modified_gmt":"2024-11-16T03:42:23","slug":"el-alcalde-federico-gutierrez-entrego-las-obras-del-tercer-viaducto-peatonal-de-media-ladera-en-la-comuna-san-javier","status":"publish","type":"post","link":"https:\/\/www.medellin.gov.co\/es\/sala-de-prensa\/noticias\/el-alcalde-federico-gutierrez-entrego-las-obras-del-tercer-viaducto-peatonal-de-media-ladera-en-la-comuna-san-javier\/","title":{"rendered":"El alcalde Federico Guti\u00e9rrez entreg\u00f3 las obras del tercer viaducto peatonal de Media Ladera, en la comuna San Javier"},"content":{"rendered":"<ul>\n<li class=\"p1\"><b>Con este paso peatonal, 102 nuevos metros conectan a Las <\/b><b>Independencias.<\/b><\/li>\n<li class=\"p1\"><b>El proyecto beneficia a m\u00e1s de 160.000 habitantes y esta fase 2 cont\u00f3 con <\/b><b>una inversi\u00f3n de m\u00e1s de $14.000 millones.<\/b><\/li>\n<\/ul>\n<!--[if lt IE 9]><script>document.createElement('audio');<\/script><![endif]-->\n\t<div class=\"wp-playlist wp-audio-playlist wp-playlist-light\">\n\t\t\t<div class=\"wp-playlist-current-item\"><\/div>\n\t\t<audio controls=\"controls\" preload=\"none\" width=\"640\"\n\t\t\t><\/audio>\n\t<div class=\"wp-playlist-next\"><\/div>\n\t<div class=\"wp-playlist-prev\"><\/div>\n\t<noscript>\n\t<ol>\n\t\t<li><a href='https:\/\/www.medellin.gov.co\/es\/wp-content\/uploads\/2024\/11\/obra-viaducto-peatonal-media-ladera-01.mp3'>Palabras de Federico Guti\u00e9rrez, alcalde de Medell\u00edn<\/a><\/li><li><a href='https:\/\/www.medellin.gov.co\/es\/wp-content\/uploads\/2024\/11\/obra-viaducto-peatonal-media-ladera-02.mp3'>Palabras de Jaime Andr\u00e9s Naranjo, secretario de Infraestructura F\u00edsica<\/a><\/li>\t<\/ol>\n\t<\/noscript>\n\t<script type=\"application\/json\" class=\"wp-playlist-script\">{\"type\":\"audio\",\"tracklist\":true,\"tracknumbers\":true,\"images\":true,\"artists\":true,\"tracks\":[{\"src\":\"https:\\\/\\\/www.medellin.gov.co\\\/es\\\/wp-content\\\/uploads\\\/2024\\\/11\\\/obra-viaducto-peatonal-media-ladera-01.mp3\",\"type\":\"audio\\\/mpeg\",\"title\":\"Palabras de Federico Guti\\u00e9rrez, alcalde de Medell\\u00edn\",\"caption\":\"\",\"description\":\"\\u00abPalabras de Federico Guti\\u00e9rrez, alcalde de Medell\\u00edn\\u00bb.\",\"meta\":{\"length_formatted\":\"1:43\"},\"image\":{\"src\":\"https:\\\/\\\/www.medellin.gov.co\\\/es\\\/wp-includes\\\/images\\\/media\\\/audio.png\",\"width\":48,\"height\":64},\"thumb\":{\"src\":\"https:\\\/\\\/www.medellin.gov.co\\\/es\\\/wp-includes\\\/images\\\/media\\\/audio.png\",\"width\":48,\"height\":64}},{\"src\":\"https:\\\/\\\/www.medellin.gov.co\\\/es\\\/wp-content\\\/uploads\\\/2024\\\/11\\\/obra-viaducto-peatonal-media-ladera-02.mp3\",\"type\":\"audio\\\/mpeg\",\"title\":\"Palabras de Jaime Andr\\u00e9s Naranjo, secretario de Infraestructura F\\u00edsica\",\"caption\":\"\",\"description\":\"\\u00abPalabras de Jaime Andr\\u00e9s Naranjo, secretario de Infraestructura F\\u00edsica\\u00bb.\",\"meta\":{\"year\":\"2024\",\"length_formatted\":\"2:04\"},\"image\":{\"src\":\"https:\\\/\\\/www.medellin.gov.co\\\/es\\\/wp-includes\\\/images\\\/media\\\/audio.png\",\"width\":48,\"height\":64},\"thumb\":{\"src\":\"https:\\\/\\\/www.medellin.gov.co\\\/es\\\/wp-includes\\\/images\\\/media\\\/audio.png\",\"width\":48,\"height\":64}}]}<\/script>\n<\/div>\n\t\n<p class=\"p1\">El alcalde de Medell\u00edn, Federico Guti\u00e9rrez Zuluaga, entreg\u00f3 a la comunidad el\u00a0tercer viaducto peatonal de Media Ladera, que mejorar\u00e1 la conectividad en el\u00a0sector de Las Independencias, en la comuna 13-San Javier.<\/p>\n<div id=\"attachment_364770\" style=\"width: 1210px\" class=\"wp-caption aligncenter\"><a href=\"https:\/\/www.medellin.gov.co\/es\/wp-content\/uploads\/2024\/11\/obra-viaducto-peatonal-media-ladera-3.jpg\" target=\"_blank\" rel=\"noopener\"><img aria-describedby=\"caption-attachment-364770\" loading=\"lazy\" class=\"wp-image-364770 size-full\" title=\"El alcalde Federico Guti\u00e9rrez entreg\u00f3 las obras del tercer viaducto peatonal de Media Ladera, en la comuna San Javier\" src=\"https:\/\/www.medellin.gov.co\/es\/wp-content\/uploads\/2024\/11\/obra-viaducto-peatonal-media-ladera-3.jpg\" alt=\"El alcalde Federico Guti\u00e9rrez entreg\u00f3 las obras del tercer viaducto peatonal de Media Ladera, en la comuna San Javier\" width=\"1200\" height=\"675\" srcset=\"https:\/\/www.medellin.gov.co\/es\/wp-content\/uploads\/2024\/11\/obra-viaducto-peatonal-media-ladera-3.jpg 1200w, https:\/\/www.medellin.gov.co\/es\/wp-content\/uploads\/2024\/11\/obra-viaducto-peatonal-media-ladera-3-300x169.jpg 300w, https:\/\/www.medellin.gov.co\/es\/wp-content\/uploads\/2024\/11\/obra-viaducto-peatonal-media-ladera-3-1024x576.jpg 1024w, https:\/\/www.medellin.gov.co\/es\/wp-content\/uploads\/2024\/11\/obra-viaducto-peatonal-media-ladera-3-150x84.jpg 150w, https:\/\/www.medellin.gov.co\/es\/wp-content\/uploads\/2024\/11\/obra-viaducto-peatonal-media-ladera-3-768x432.jpg 768w\" sizes=\"(max-width: 1200px) 100vw, 1200px\" \/><\/a><p id=\"caption-attachment-364770\" class=\"wp-caption-text\">El alcalde Federico Guti\u00e9rrez entreg\u00f3 las obras del tercer viaducto peatonal de Media Ladera, en la comuna San Javier &#8211; Foto acald\u00eda de Medell\u00edn<\/p><\/div>\n<p class=\"p1\">Son 102 metros que se suman a los 711 ya construidos, para un total de 813\u00a0metros, con obras de contenci\u00f3n que estabilizan el terreno, a trav\u00e9s de un\u00a0sistema de pilas y muros que conforman el corredor peatonal.<\/p>\n<p class=\"p1\"><i>\u201cVamos a tener m\u00e1s apropiaci\u00f3n del espacio p\u00fablico y zonas verdes. Se\u00a0<\/i><i>generaron alrededor de 183 empleos directos, de ellos casi 90 personas del\u00a0<\/i><i>sector. Es una inversi\u00f3n de $14.000 millones. No es solo obra f\u00edsica y empleo, es\u00a0<\/i><i>una oportunidad para el turismo, el arte y la cultura\u201d<\/i>, dijo el alcalde Federico\u00a0Guti\u00e9rrez Zuluaga.<\/p>\n<div id=\"attachment_364768\" style=\"width: 1210px\" class=\"wp-caption aligncenter\"><a href=\"https:\/\/www.medellin.gov.co\/es\/wp-content\/uploads\/2024\/11\/obra-viaducto-peatonal-media-ladera-2.jpg\" target=\"_blank\" rel=\"noopener\"><img aria-describedby=\"caption-attachment-364768\" loading=\"lazy\" class=\"wp-image-364768 size-full\" title=\"El alcalde Federico Guti\u00e9rrez entreg\u00f3 las obras del tercer viaducto peatonal de Media Ladera, en la comuna San Javier\" src=\"https:\/\/www.medellin.gov.co\/es\/wp-content\/uploads\/2024\/11\/obra-viaducto-peatonal-media-ladera-2.jpg\" alt=\"El alcalde Federico Guti\u00e9rrez entreg\u00f3 las obras del tercer viaducto peatonal de Media Ladera, en la comuna San Javier\" width=\"1200\" height=\"675\" srcset=\"https:\/\/www.medellin.gov.co\/es\/wp-content\/uploads\/2024\/11\/obra-viaducto-peatonal-media-ladera-2.jpg 1200w, https:\/\/www.medellin.gov.co\/es\/wp-content\/uploads\/2024\/11\/obra-viaducto-peatonal-media-ladera-2-300x169.jpg 300w, https:\/\/www.medellin.gov.co\/es\/wp-content\/uploads\/2024\/11\/obra-viaducto-peatonal-media-ladera-2-1024x576.jpg 1024w, https:\/\/www.medellin.gov.co\/es\/wp-content\/uploads\/2024\/11\/obra-viaducto-peatonal-media-ladera-2-150x84.jpg 150w, https:\/\/www.medellin.gov.co\/es\/wp-content\/uploads\/2024\/11\/obra-viaducto-peatonal-media-ladera-2-768x432.jpg 768w\" sizes=\"(max-width: 1200px) 100vw, 1200px\" \/><\/a><p id=\"caption-attachment-364768\" class=\"wp-caption-text\">El alcalde Federico Guti\u00e9rrez entreg\u00f3 las obras del tercer viaducto peatonal de Media Ladera, en la comuna San Javier &#8211; Foto alcald\u00eda de Medell\u00edn<\/p><\/div>\n<p class=\"p1\">La fase contempl\u00f3 la conformaci\u00f3n de estancias, accesos a las viviendas,\u00a0jardineras, plazoleta del adulto mayor, zona recreativa de baloncesto y\u00a0microf\u00fatbol, terrazas con 10 m\u00f3dulos para ventas semiestacionarias, mobiliario\u00a0urbano para el encuentro ciudadano y un cuarto para el manejo de residuos\u00a0s\u00f3lidos. Tambi\u00e9n, se renovaron redes de acueducto, alcantarillado y alumbrado.<\/p>\n<p class=\"p1\">El espacio se embelleci\u00f3 con la siembra de 21 \u00e1rboles y 618 metros cuadrados\u00a0de zonas verdes. En lo relativo a mano de obra de la comunidad se destaca la\u00a0vinculaci\u00f3n de 58 j\u00f3venes, 22 mujeres y 10 adultos mayores.<\/p>\n","protected":false},"excerpt":{"rendered":"<p>Con este paso peatonal, 102 nuevos metros conectan a Las Independencias. El proyecto beneficia a m\u00e1s de 160.000 habitantes y esta fase 2 cont\u00f3 con una inversi\u00f3n de m\u00e1s de $14.000 millones. El alcalde de &#8230;<\/p>\n","protected":false},"author":84,"featured_media":364763,"comment_status":"open","ping_status":"open","sticky":false,"template":"","format":"standard","meta":[],"categories":[11],"tags":[437,455,442],"formato_nota":[],"programas_tax":[],"acf":[],"_links":{"self":[{"href":"https:\/\/www.medellin.gov.co\/es\/wp-json\/wp\/v2\/posts\/364757"}],"collection":[{"href":"https:\/\/www.medellin.gov.co\/es\/wp-json\/wp\/v2\/posts"}],"about":[{"href":"https:\/\/www.medellin.gov.co\/es\/wp-json\/wp\/v2\/types\/post"}],"author":[{"embeddable":true,"href":"https:\/\/www.medellin.gov.co\/es\/wp-json\/wp\/v2\/users\/84"}],"replies":[{"embeddable":true,"href":"https:\/\/www.medellin.gov.co\/es\/wp-json\/wp\/v2\/comments?post=364757"}],"version-history":[{"count":2,"href":"https:\/\/www.medellin.gov.co\/es\/wp-json\/wp\/v2\/posts\/364757\/revisions"}],"predecessor-version":[{"id":364922,"href":"https:\/\/www.medellin.gov.co\/es\/wp-json\/wp\/v2\/posts\/364757\/revisions\/364922"}],"wp:featuredmedia":[{"embeddable":true,"href":"https:\/\/www.medellin.gov.co\/es\/wp-json\/wp\/v2\/media\/364763"}],"wp:attachment":[{"href":"https:\/\/www.medellin.gov.co\/es\/wp-json\/wp\/v2\/media?parent=364757"}],"wp:term":[{"taxonomy":"category","embeddable":true,"href":"https:\/\/www.medellin.gov.co\/es\/wp-json\/wp\/v2\/categories?post=364757"},{"taxonomy":"post_tag","embeddable":true,"href":"https:\/\/www.medellin.gov.co\/es\/wp-json\/wp\/v2\/tags?post=364757"},{"taxonomy":"formato_nota","embeddable":true,"href":"https:\/\/www.medellin.gov.co\/es\/wp-json\/wp\/v2\/formato_nota?post=364757"},{"taxonomy":"programas_tax","embeddable":true,"href":"https:\/\/www.medellin.gov.co\/es\/wp-json\/wp\/v2\/programas_tax?post=364757"}],"curies":[{"name":"wp","href":"https:\/\/api.w.org\/{rel}","templated":true}]}}