{"id":366236,"date":"2024-11-20T15:44:39","date_gmt":"2024-11-20T20:44:39","guid":{"rendered":"https:\/\/www.medellin.gov.co\/es\/?p=366236"},"modified":"2024-11-20T15:44:39","modified_gmt":"2024-11-20T20:44:39","slug":"la-fiesta-de-los-gamers-en-medellin-prepara-una-emotiva-final","status":"publish","type":"post","link":"https:\/\/www.medellin.gov.co\/es\/sala-de-prensa\/noticias\/la-fiesta-de-los-gamers-en-medellin-prepara-una-emotiva-final\/","title":{"rendered":"La fiesta de los \u2018gamers\u2019 en Medell\u00edn prepara una emotiva final"},"content":{"rendered":"<ul>\n<li class=\"p1\"><b>Se espera que m\u00e1s de 2.600 personas disfruten de las competencias y <\/b><b>experiencias de realidad virtual, juegos en PS5 y Nintendo Switch.<\/b><\/li>\n<li class=\"p1\"><b>184 finalistas disputar\u00e1n el t\u00edtulo en los torneos de FC24, Valorant y Just <\/b><b>Dance, los videojuegos m\u00e1s populares actualmente.<\/b><\/li>\n<\/ul>\n<!--[if lt IE 9]><script>document.createElement('audio');<\/script><![endif]-->\n\t<div class=\"wp-playlist wp-audio-playlist wp-playlist-light\">\n\t\t\t<div class=\"wp-playlist-current-item\"><\/div>\n\t\t<audio controls=\"controls\" preload=\"none\" width=\"640\"\n\t\t\t><\/audio>\n\t<div class=\"wp-playlist-next\"><\/div>\n\t<div class=\"wp-playlist-prev\"><\/div>\n\t<noscript>\n\t<ol>\n\t\t<li><a href='https:\/\/www.medellin.gov.co\/es\/wp-content\/uploads\/2024\/11\/fiesta-de-los-gamers-01.mp3'>Palabras de Eduardo Silva Meluk., director del Inder<\/a><\/li>\t<\/ol>\n\t<\/noscript>\n\t<script type=\"application\/json\" class=\"wp-playlist-script\">{\"type\":\"audio\",\"tracklist\":true,\"tracknumbers\":true,\"images\":true,\"artists\":true,\"tracks\":[{\"src\":\"https:\\\/\\\/www.medellin.gov.co\\\/es\\\/wp-content\\\/uploads\\\/2024\\\/11\\\/fiesta-de-los-gamers-01.mp3\",\"type\":\"audio\\\/mpeg\",\"title\":\"Palabras de Eduardo Silva Meluk., director del Inder\",\"caption\":\"\",\"description\":\"\\u00abPalabras de Eduardo Silva Meluk., director del Inder\\u00bb.\",\"meta\":{\"length_formatted\":\"0:44\"},\"image\":{\"src\":\"https:\\\/\\\/www.medellin.gov.co\\\/es\\\/wp-includes\\\/images\\\/media\\\/audio.png\",\"width\":48,\"height\":64},\"thumb\":{\"src\":\"https:\\\/\\\/www.medellin.gov.co\\\/es\\\/wp-includes\\\/images\\\/media\\\/audio.png\",\"width\":48,\"height\":64}}]}<\/script>\n<\/div>\n\t\n<p class=\"p1\">Del 29 de noviembre al 1 de diciembre, la capital antioque\u00f1a vivir\u00e1 la final de los\u00a0<i>Gamers Med <\/i>en el Coliseo Iv\u00e1n de Bedout. Para el cierre del certamen se\u00a0tendr\u00e1n 64 finalistas de FC24, 60 de Valorant y 60 de Just Dance, que\u00a0disputar\u00e1n las partidas para definir a los campeones de la edici\u00f3n.<\/p>\n<div id=\"attachment_366244\" style=\"width: 1210px\" class=\"wp-caption aligncenter\"><a href=\"https:\/\/www.medellin.gov.co\/es\/wp-content\/uploads\/2024\/11\/fiesta-de-los-gamers-3.jpg\" target=\"_blank\" rel=\"noopener\"><img aria-describedby=\"caption-attachment-366244\" loading=\"lazy\" class=\"wp-image-366244 size-full\" title=\"La fiesta de los \u2018gamers\u2019 en Medell\u00edn prepara una emotiva final\" src=\"https:\/\/www.medellin.gov.co\/es\/wp-content\/uploads\/2024\/11\/fiesta-de-los-gamers-3.jpg\" alt=\"La fiesta de los \u2018gamers\u2019 en Medell\u00edn prepara una emotiva final\" width=\"1200\" height=\"799\" srcset=\"https:\/\/www.medellin.gov.co\/es\/wp-content\/uploads\/2024\/11\/fiesta-de-los-gamers-3.jpg 1200w, https:\/\/www.medellin.gov.co\/es\/wp-content\/uploads\/2024\/11\/fiesta-de-los-gamers-3-300x200.jpg 300w, https:\/\/www.medellin.gov.co\/es\/wp-content\/uploads\/2024\/11\/fiesta-de-los-gamers-3-1024x682.jpg 1024w, https:\/\/www.medellin.gov.co\/es\/wp-content\/uploads\/2024\/11\/fiesta-de-los-gamers-3-150x100.jpg 150w, https:\/\/www.medellin.gov.co\/es\/wp-content\/uploads\/2024\/11\/fiesta-de-los-gamers-3-768x511.jpg 768w\" sizes=\"(max-width: 1200px) 100vw, 1200px\" \/><\/a><p id=\"caption-attachment-366244\" class=\"wp-caption-text\">La fiesta de los \u2018gamers\u2019 en Medell\u00edn prepara una emotiva final &#8211; Foto alcald\u00eda de Medell\u00edn<\/p><\/div>\n<p class=\"p1\">La competencia estar\u00e1 acompa\u00f1ada de torneos rel\u00e1mpago y de actividades,\u00a0tanto para aquellos que no clasificaron a las finales como para los asistentes en\u00a0general. Se entregar\u00e1n premios como consolas de videojuegos y art\u00edculos\u00a0gamer.<\/p>\n<p class=\"p1\"><i>\u201cViene el gran torneo Gamers Med, ser\u00e1 un evento muy especial, con realidad\u00a0<\/i><i>virtual, torneos rel\u00e1mpago y simuladores. Los esperamos en el Coliseo Iv\u00e1n de\u00a0<\/i><i>Bedout para que pasen bueno y disfruten de las nuevas tendencias y deportes\u201d<\/i><i>,\u00a0<\/i>dijo el director del Inder, Eduardo Silva Meluk.<\/p>\n<p class=\"p1\">Los asistentes, adem\u00e1s, disfrutar\u00e1n de las m\u00e1quinas retro arcade, del simulador\u00a0de conducci\u00f3n de Gran Turismo, tambi\u00e9n de la c\u00e1mara 360 y de las gafas de\u00a0realidad virtual. Habr\u00e1 juegos de NBA en PS5 y una zona con Nintendo Switch y\u00a0Mario Kart 8.<\/p>\n\n\t\t<style type=\"text\/css\">\n\t\t\t#gallery-1 {\n\t\t\t\tmargin: auto;\n\t\t\t}\n\t\t\t#gallery-1 .gallery-item {\n\t\t\t\tfloat: left;\n\t\t\t\tmargin-top: 10px;\n\t\t\t\ttext-align: center;\n\t\t\t\twidth: 50%;\n\t\t\t}\n\t\t\t#gallery-1 img {\n\t\t\t\tborder: 2px solid #cfcfcf;\n\t\t\t}\n\t\t\t#gallery-1 .gallery-caption {\n\t\t\t\tmargin-left: 0;\n\t\t\t}\n\t\t\t\/* see gallery_shortcode() in wp-includes\/media.php *\/\n\t\t<\/style>\n\t\t<div id='gallery-1' class='gallery galleryid-366236 gallery-columns-2 gallery-size-large'><dl class='gallery-item'>\n\t\t\t<dt class='gallery-icon landscape'>\n\t\t\t\t<a href='https:\/\/www.medellin.gov.co\/es\/sala-de-prensa\/noticias\/la-fiesta-de-los-gamers-en-medellin-prepara-una-emotiva-final\/fiesta-de-los-gamers-4\/'><img width=\"1024\" height=\"768\" src=\"https:\/\/www.medellin.gov.co\/es\/wp-content\/uploads\/2024\/11\/fiesta-de-los-gamers-4-1024x768.jpg\" class=\"attachment-large size-large\" alt=\"La fiesta de los \u2018gamers\u2019 en Medell\u00edn prepara una emotiva final\" loading=\"lazy\" aria-describedby=\"gallery-1-366247\" srcset=\"https:\/\/www.medellin.gov.co\/es\/wp-content\/uploads\/2024\/11\/fiesta-de-los-gamers-4-1024x768.jpg 1024w, https:\/\/www.medellin.gov.co\/es\/wp-content\/uploads\/2024\/11\/fiesta-de-los-gamers-4-300x225.jpg 300w, https:\/\/www.medellin.gov.co\/es\/wp-content\/uploads\/2024\/11\/fiesta-de-los-gamers-4-150x113.jpg 150w, https:\/\/www.medellin.gov.co\/es\/wp-content\/uploads\/2024\/11\/fiesta-de-los-gamers-4-768x576.jpg 768w, https:\/\/www.medellin.gov.co\/es\/wp-content\/uploads\/2024\/11\/fiesta-de-los-gamers-4.jpg 1200w\" sizes=\"(max-width: 1024px) 100vw, 1024px\" \/><\/a>\n\t\t\t<\/dt>\n\t\t\t\t<dd class='wp-caption-text gallery-caption' id='gallery-1-366247'>\n\t\t\t\tLa fiesta de los \u2018gamers\u2019 en Medell\u00edn prepara una emotiva final &#8211; Foto alcald\u00eda de Medell\u00edn\n\t\t\t\t<\/dd><\/dl><dl class='gallery-item'>\n\t\t\t<dt class='gallery-icon landscape'>\n\t\t\t\t<a href='https:\/\/www.medellin.gov.co\/es\/sala-de-prensa\/noticias\/la-fiesta-de-los-gamers-en-medellin-prepara-una-emotiva-final\/fiesta-de-los-gamers-2\/'><img width=\"1024\" height=\"724\" src=\"https:\/\/www.medellin.gov.co\/es\/wp-content\/uploads\/2024\/11\/fiesta-de-los-gamers-2-1024x724.jpg\" class=\"attachment-large size-large\" alt=\"La fiesta de los \u2018gamers\u2019 en Medell\u00edn prepara una emotiva final\" loading=\"lazy\" aria-describedby=\"gallery-1-366241\" srcset=\"https:\/\/www.medellin.gov.co\/es\/wp-content\/uploads\/2024\/11\/fiesta-de-los-gamers-2-1024x724.jpg 1024w, https:\/\/www.medellin.gov.co\/es\/wp-content\/uploads\/2024\/11\/fiesta-de-los-gamers-2-300x212.jpg 300w, https:\/\/www.medellin.gov.co\/es\/wp-content\/uploads\/2024\/11\/fiesta-de-los-gamers-2-150x106.jpg 150w, https:\/\/www.medellin.gov.co\/es\/wp-content\/uploads\/2024\/11\/fiesta-de-los-gamers-2-768x543.jpg 768w, https:\/\/www.medellin.gov.co\/es\/wp-content\/uploads\/2024\/11\/fiesta-de-los-gamers-2.jpg 1200w\" sizes=\"(max-width: 1024px) 100vw, 1024px\" \/><\/a>\n\t\t\t<\/dt>\n\t\t\t\t<dd class='wp-caption-text gallery-caption' id='gallery-1-366241'>\n\t\t\t\tLa fiesta de los \u2018gamers\u2019 en Medell\u00edn prepara una emotiva final &#8211; Foto alcald\u00eda de Medell\u00edn\n\t\t\t\t<\/dd><\/dl><br style=\"clear: both\" \/>\n\t\t<\/div>\n\n<p class=\"p1\"><i>Gamers Med<\/i> se ha convertido en un evento insignia para la ciudad, as\u00ed como en\u00a0el principal torneo para este tipo de p\u00fablico en el Distrito, que refleja el\u00a0crecimiento de la cultura gamer en el pa\u00eds. Con este evento, Medell\u00edn reafirma su\u00a0compromiso como referente en entretenimiento digital y deportivo para fan\u00e1ticos\u00a0de todas las edades.<\/p>\n","protected":false},"excerpt":{"rendered":"<p>Se espera que m\u00e1s de 2.600 personas disfruten de las competencias y experiencias de realidad virtual, juegos en PS5 y Nintendo Switch. 184 finalistas disputar\u00e1n el t\u00edtulo en los torneos de FC24, Valorant y Just &#8230;<\/p>\n","protected":false},"author":84,"featured_media":366239,"comment_status":"open","ping_status":"open","sticky":false,"template":"","format":"standard","meta":[],"categories":[17],"tags":[634,689],"formato_nota":[],"programas_tax":[],"acf":[],"_links":{"self":[{"href":"https:\/\/www.medellin.gov.co\/es\/wp-json\/wp\/v2\/posts\/366236"}],"collection":[{"href":"https:\/\/www.medellin.gov.co\/es\/wp-json\/wp\/v2\/posts"}],"about":[{"href":"https:\/\/www.medellin.gov.co\/es\/wp-json\/wp\/v2\/types\/post"}],"author":[{"embeddable":true,"href":"https:\/\/www.medellin.gov.co\/es\/wp-json\/wp\/v2\/users\/84"}],"replies":[{"embeddable":true,"href":"https:\/\/www.medellin.gov.co\/es\/wp-json\/wp\/v2\/comments?post=366236"}],"version-history":[{"count":1,"href":"https:\/\/www.medellin.gov.co\/es\/wp-json\/wp\/v2\/posts\/366236\/revisions"}],"predecessor-version":[{"id":366250,"href":"https:\/\/www.medellin.gov.co\/es\/wp-json\/wp\/v2\/posts\/366236\/revisions\/366250"}],"wp:featuredmedia":[{"embeddable":true,"href":"https:\/\/www.medellin.gov.co\/es\/wp-json\/wp\/v2\/media\/366239"}],"wp:attachment":[{"href":"https:\/\/www.medellin.gov.co\/es\/wp-json\/wp\/v2\/media?parent=366236"}],"wp:term":[{"taxonomy":"category","embeddable":true,"href":"https:\/\/www.medellin.gov.co\/es\/wp-json\/wp\/v2\/categories?post=366236"},{"taxonomy":"post_tag","embeddable":true,"href":"https:\/\/www.medellin.gov.co\/es\/wp-json\/wp\/v2\/tags?post=366236"},{"taxonomy":"formato_nota","embeddable":true,"href":"https:\/\/www.medellin.gov.co\/es\/wp-json\/wp\/v2\/formato_nota?post=366236"},{"taxonomy":"programas_tax","embeddable":true,"href":"https:\/\/www.medellin.gov.co\/es\/wp-json\/wp\/v2\/programas_tax?post=366236"}],"curies":[{"name":"wp","href":"https:\/\/api.w.org\/{rel}","templated":true}]}}