{"id":366360,"date":"2024-11-20T17:05:46","date_gmt":"2024-11-20T22:05:46","guid":{"rendered":"https:\/\/www.medellin.gov.co\/es\/?p=366360"},"modified":"2024-11-20T17:05:46","modified_gmt":"2024-11-20T22:05:46","slug":"lo-de-hoy-es-una-buena-noticia-para-las-familias-de-el-sinai-se-les-entrega-la-compensacion-economica-completa-alcalde-federico-gutierrez-al-anunciar-acuerdos-definitivos-con-damn","status":"publish","type":"post","link":"https:\/\/www.medellin.gov.co\/es\/sala-de-prensa\/noticias\/lo-de-hoy-es-una-buena-noticia-para-las-familias-de-el-sinai-se-les-entrega-la-compensacion-economica-completa-alcalde-federico-gutierrez-al-anunciar-acuerdos-definitivos-con-damn\/","title":{"rendered":"\u201cLo de hoy es una buena noticia para las familias de El Sina\u00ed, se les entrega la compensaci\u00f3n econ\u00f3mica completa\u201d: alcalde Federico Guti\u00e9rrez, al anunciar acuerdos definitivos con damnificados"},"content":{"rendered":"<ul>\n<li class=\"p1\"><b>Entre hoy y el viernes se har\u00e1 la revisi\u00f3n final de los acuerdos, luego, en <\/b><b>un plazo aproximado de cinco d\u00edas, se pagar\u00e1.<\/b><\/li>\n<li class=\"p1\"><b>Habr\u00e1 feria para que las personas obtengan elementos que requieran, y se <\/b><b>les dictar\u00e1 un curso de finanzas para el manejo adecuado de los recursos\u00a0<\/b><b>monetarios que se les entreguen.<\/b><\/li>\n<\/ul>\n<!--[if lt IE 9]><script>document.createElement('audio');<\/script><![endif]-->\n\t<div class=\"wp-playlist wp-audio-playlist wp-playlist-light\">\n\t\t\t<div class=\"wp-playlist-current-item\"><\/div>\n\t\t<audio controls=\"controls\" preload=\"none\" width=\"640\"\n\t\t\t><\/audio>\n\t<div class=\"wp-playlist-next\"><\/div>\n\t<div class=\"wp-playlist-prev\"><\/div>\n\t<noscript>\n\t<ol>\n\t\t<li><a href='https:\/\/www.medellin.gov.co\/es\/wp-content\/uploads\/2024\/11\/compensacion-economicafamilias-del-sinai-01.mp3'>Palabras de Federico Guti\u00e9rrez, alcalde de Medell\u00edn<\/a><\/li>\t<\/ol>\n\t<\/noscript>\n\t<script type=\"application\/json\" class=\"wp-playlist-script\">{\"type\":\"audio\",\"tracklist\":true,\"tracknumbers\":true,\"images\":true,\"artists\":true,\"tracks\":[{\"src\":\"https:\\\/\\\/www.medellin.gov.co\\\/es\\\/wp-content\\\/uploads\\\/2024\\\/11\\\/compensacion-economicafamilias-del-sinai-01.mp3\",\"type\":\"audio\\\/mpeg\",\"title\":\"Palabras de Federico Guti\\u00e9rrez, alcalde de Medell\\u00edn\",\"caption\":\"\",\"description\":\"\\u00abPalabras de Federico Guti\\u00e9rrez, alcalde de Medell\\u00edn\\u00bb.\",\"meta\":{\"length_formatted\":\"3:30\"},\"image\":{\"src\":\"https:\\\/\\\/www.medellin.gov.co\\\/es\\\/wp-includes\\\/images\\\/media\\\/audio.png\",\"width\":48,\"height\":64},\"thumb\":{\"src\":\"https:\\\/\\\/www.medellin.gov.co\\\/es\\\/wp-includes\\\/images\\\/media\\\/audio.png\",\"width\":48,\"height\":64}}]}<\/script>\n<\/div>\n\t\n<p class=\"p1\">En una reuni\u00f3n desarrollada este mi\u00e9rcoles en El Sina\u00ed, el alcalde Federico\u00a0Guti\u00e9rrez Zuluaga anunci\u00f3 que tras los acuerdos logrados con las familias\u00a0afectadas por la inundaci\u00f3n del pasado 10 de noviembre, en ese sector del\u00a0nororiente de Medell\u00edn, se dar\u00e1 inicio a la entrega de la compensaci\u00f3n econ\u00f3mica\u00a0definitiva.<\/p>\n<div id=\"attachment_366361\" style=\"width: 1210px\" class=\"wp-caption aligncenter\"><a href=\"https:\/\/www.medellin.gov.co\/es\/wp-content\/uploads\/2024\/11\/compensacion-economicafamilias-del-sinai-1.jpg\" target=\"_blank\" rel=\"noopener\"><img aria-describedby=\"caption-attachment-366361\" loading=\"lazy\" class=\"wp-image-366361 size-full\" title=\"\u201cLo de hoy es una buena noticia para las familias de El Sina\u00ed, se les entrega la compensaci\u00f3n econ\u00f3mica completa\u201d: alcalde Federico Guti\u00e9rrez, al anunciar acuerdos definitivos con damnificados\" src=\"https:\/\/www.medellin.gov.co\/es\/wp-content\/uploads\/2024\/11\/compensacion-economicafamilias-del-sinai-1.jpg\" alt=\"\u201cLo de hoy es una buena noticia para las familias de El Sina\u00ed, se les entrega la compensaci\u00f3n econ\u00f3mica completa\u201d: alcalde Federico Guti\u00e9rrez, al anunciar acuerdos definitivos con damnificados\" width=\"1200\" height=\"799\" srcset=\"https:\/\/www.medellin.gov.co\/es\/wp-content\/uploads\/2024\/11\/compensacion-economicafamilias-del-sinai-1.jpg 1200w, https:\/\/www.medellin.gov.co\/es\/wp-content\/uploads\/2024\/11\/compensacion-economicafamilias-del-sinai-1-300x200.jpg 300w, https:\/\/www.medellin.gov.co\/es\/wp-content\/uploads\/2024\/11\/compensacion-economicafamilias-del-sinai-1-1024x682.jpg 1024w, https:\/\/www.medellin.gov.co\/es\/wp-content\/uploads\/2024\/11\/compensacion-economicafamilias-del-sinai-1-150x100.jpg 150w, https:\/\/www.medellin.gov.co\/es\/wp-content\/uploads\/2024\/11\/compensacion-economicafamilias-del-sinai-1-768x511.jpg 768w\" sizes=\"(max-width: 1200px) 100vw, 1200px\" \/><\/a><p id=\"caption-attachment-366361\" class=\"wp-caption-text\">\u201cLo de hoy es una buena noticia para las familias de El Sina\u00ed, se les entrega la compensaci\u00f3n econ\u00f3mica completa\u201d: alcalde Federico Guti\u00e9rrez, al anunciar acuerdos definitivos con damnificados &#8211; Foto alcald\u00eda de Medell\u00edn<\/p><\/div>\n<p class=\"p1\">De esta manera, se cubrir\u00e1n da\u00f1os materiales y no materiales para los hogares y\u00a0el lucro cesante de quienes llevaban a cabo, por ejemplo, actividades econ\u00f3micas.<\/p>\n<p class=\"p1\"><i>\u201cLo importante es que no estamos esperando a una reclamaci\u00f3n del seguro cuatro\u00a0<\/i><i>o cinco meses. Todo lo contrario, se hacen ya los pagos en los pr\u00f3ximos d\u00edas, y\u00a0<\/i><i>hablamos de que, a partir de la reuni\u00f3n de hoy con cada familia, en estos tres d\u00edas\u00a0<\/i><i>se terminar\u00e1 de revisar el inventario y llegar a acuerdos finales, se cuantifica y en\u00a0<\/i><i>menos de cinco d\u00edas se les est\u00e1 consignando a las personas para que puedan\u00a0<\/i><i>hacer la reposici\u00f3n de los da\u00f1os\u201d,<\/i> enfatiz\u00f3 el mandatario local.<\/p>\n<div id=\"attachment_366371\" style=\"width: 813px\" class=\"wp-caption aligncenter\"><a href=\"https:\/\/www.medellin.gov.co\/es\/wp-content\/uploads\/2024\/11\/compensacion-economicafamilias-del-sinai-5.jpg\" target=\"_blank\" rel=\"noopener\"><img aria-describedby=\"caption-attachment-366371\" loading=\"lazy\" class=\"wp-image-366371 size-full\" title=\"\u201cLo de hoy es una buena noticia para las familias de El Sina\u00ed, se les entrega la compensaci\u00f3n econ\u00f3mica completa\u201d: alcalde Federico Guti\u00e9rrez, al anunciar acuerdos definitivos con damnificados\" src=\"https:\/\/www.medellin.gov.co\/es\/wp-content\/uploads\/2024\/11\/compensacion-economicafamilias-del-sinai-5.jpg\" alt=\"\u201cLo de hoy es una buena noticia para las familias de El Sina\u00ed, se les entrega la compensaci\u00f3n econ\u00f3mica completa\u201d: alcalde Federico Guti\u00e9rrez, al anunciar acuerdos definitivos con damnificados\" width=\"803\" height=\"900\" srcset=\"https:\/\/www.medellin.gov.co\/es\/wp-content\/uploads\/2024\/11\/compensacion-economicafamilias-del-sinai-5.jpg 803w, https:\/\/www.medellin.gov.co\/es\/wp-content\/uploads\/2024\/11\/compensacion-economicafamilias-del-sinai-5-268x300.jpg 268w, https:\/\/www.medellin.gov.co\/es\/wp-content\/uploads\/2024\/11\/compensacion-economicafamilias-del-sinai-5-134x150.jpg 134w, https:\/\/www.medellin.gov.co\/es\/wp-content\/uploads\/2024\/11\/compensacion-economicafamilias-del-sinai-5-768x861.jpg 768w\" sizes=\"(max-width: 803px) 100vw, 803px\" \/><\/a><p id=\"caption-attachment-366371\" class=\"wp-caption-text\">\u201cLo de hoy es una buena noticia para las familias de El Sina\u00ed, se les entrega la compensaci\u00f3n econ\u00f3mica completa\u201d: alcalde Federico Guti\u00e9rrez, al anunciar acuerdos definitivos con damnificados &#8211; Foto alcald\u00eda de Medell\u00edn<\/p><\/div>\n<p class=\"p1\">Como parte del acompa\u00f1amiento que la Administraci\u00f3n Distrital realiza a las\u00a0personas afectadas, se organizar\u00e1 una feria para que la comunidad obtenga, con\u00a0descuentos, electrodom\u00e9sticos, vajillas, utensilios para el hogar y otros elementos\u00a0que requieran. As\u00ed mismo recibir\u00e1n un curso de finanzas para que cuiden los\u00a0recursos que se les entregar\u00e1n.<\/p>\n<p class=\"p1\"><i>\u201cVamos superando la crisis. Lo de hoy es un hito muy importante, y es que\u00a0<\/i><i>nosotros nos ponemos en su lugar y c\u00f3mo van recuperando el ritmo del d\u00eda a d\u00eda\u00a0<\/i><i>de sus vidas. Eso es lo primero, normalizar la situaci\u00f3n. Es una crisis bien\u00a0<\/i><i>manejada. Quiero resaltar el trabajo con la comunidad, que ha sido resiliente y\u00a0<\/i><i>organizada, y que ha entendido que este proceso va bien. Casi todo el grueso, el\u00a0<\/i><i>98 por ciento, queda resuelto el d\u00eda de hoy en esta reuni\u00f3n\u201d<\/i>, a\u00f1adi\u00f3 Guti\u00e9rrez.<\/p>\n\n\t\t<style type=\"text\/css\">\n\t\t\t#gallery-1 {\n\t\t\t\tmargin: auto;\n\t\t\t}\n\t\t\t#gallery-1 .gallery-item {\n\t\t\t\tfloat: left;\n\t\t\t\tmargin-top: 10px;\n\t\t\t\ttext-align: center;\n\t\t\t\twidth: 50%;\n\t\t\t}\n\t\t\t#gallery-1 img {\n\t\t\t\tborder: 2px solid #cfcfcf;\n\t\t\t}\n\t\t\t#gallery-1 .gallery-caption {\n\t\t\t\tmargin-left: 0;\n\t\t\t}\n\t\t\t\/* see gallery_shortcode() in wp-includes\/media.php *\/\n\t\t<\/style>\n\t\t<div id='gallery-1' class='gallery galleryid-366360 gallery-columns-2 gallery-size-large'><dl class='gallery-item'>\n\t\t\t<dt class='gallery-icon landscape'>\n\t\t\t\t<a href='https:\/\/www.medellin.gov.co\/es\/sala-de-prensa\/noticias\/lo-de-hoy-es-una-buena-noticia-para-las-familias-de-el-sinai-se-les-entrega-la-compensacion-economica-completa-alcalde-federico-gutierrez-al-anunciar-acuerdos-definitivos-con-damn\/compensacion-economicafamilias-del-sinai-3\/'><img width=\"1024\" height=\"704\" src=\"https:\/\/www.medellin.gov.co\/es\/wp-content\/uploads\/2024\/11\/compensacion-economicafamilias-del-sinai-3-1024x704.jpg\" class=\"attachment-large size-large\" alt=\"\u201cLo de hoy es una buena noticia para las familias de El Sina\u00ed, se les entrega la compensaci\u00f3n econ\u00f3mica completa\u201d: alcalde Federico Guti\u00e9rrez, al anunciar acuerdos definitivos con damnificados\" loading=\"lazy\" aria-describedby=\"gallery-1-366366\" srcset=\"https:\/\/www.medellin.gov.co\/es\/wp-content\/uploads\/2024\/11\/compensacion-economicafamilias-del-sinai-3-1024x704.jpg 1024w, https:\/\/www.medellin.gov.co\/es\/wp-content\/uploads\/2024\/11\/compensacion-economicafamilias-del-sinai-3-300x206.jpg 300w, https:\/\/www.medellin.gov.co\/es\/wp-content\/uploads\/2024\/11\/compensacion-economicafamilias-del-sinai-3-150x103.jpg 150w, https:\/\/www.medellin.gov.co\/es\/wp-content\/uploads\/2024\/11\/compensacion-economicafamilias-del-sinai-3-768x528.jpg 768w, https:\/\/www.medellin.gov.co\/es\/wp-content\/uploads\/2024\/11\/compensacion-economicafamilias-del-sinai-3.jpg 1200w\" sizes=\"(max-width: 1024px) 100vw, 1024px\" \/><\/a>\n\t\t\t<\/dt>\n\t\t\t\t<dd class='wp-caption-text gallery-caption' id='gallery-1-366366'>\n\t\t\t\t\u201cLo de hoy es una buena noticia para las familias de El Sina\u00ed, se les entrega la compensaci\u00f3n econ\u00f3mica completa\u201d: alcalde Federico Guti\u00e9rrez, al anunciar acuerdos definitivos con damnificados &#8211; Foto alcald\u00eda de Medell\u00edn\n\t\t\t\t<\/dd><\/dl><dl class='gallery-item'>\n\t\t\t<dt class='gallery-icon landscape'>\n\t\t\t\t<a href='https:\/\/www.medellin.gov.co\/es\/sala-de-prensa\/noticias\/lo-de-hoy-es-una-buena-noticia-para-las-familias-de-el-sinai-se-les-entrega-la-compensacion-economica-completa-alcalde-federico-gutierrez-al-anunciar-acuerdos-definitivos-con-damn\/compensacion-economicafamilias-del-sinai-2\/'><img width=\"1024\" height=\"682\" src=\"https:\/\/www.medellin.gov.co\/es\/wp-content\/uploads\/2024\/11\/compensacion-economicafamilias-del-sinai-2-1024x682.jpg\" class=\"attachment-large size-large\" alt=\"\u201cLo de hoy es una buena noticia para las familias de El Sina\u00ed, se les entrega la compensaci\u00f3n econ\u00f3mica completa\u201d: alcalde Federico Guti\u00e9rrez, al anunciar acuerdos definitivos con damnificados\" loading=\"lazy\" aria-describedby=\"gallery-1-366365\" srcset=\"https:\/\/www.medellin.gov.co\/es\/wp-content\/uploads\/2024\/11\/compensacion-economicafamilias-del-sinai-2-1024x682.jpg 1024w, https:\/\/www.medellin.gov.co\/es\/wp-content\/uploads\/2024\/11\/compensacion-economicafamilias-del-sinai-2-300x200.jpg 300w, https:\/\/www.medellin.gov.co\/es\/wp-content\/uploads\/2024\/11\/compensacion-economicafamilias-del-sinai-2-150x100.jpg 150w, https:\/\/www.medellin.gov.co\/es\/wp-content\/uploads\/2024\/11\/compensacion-economicafamilias-del-sinai-2-768x511.jpg 768w, https:\/\/www.medellin.gov.co\/es\/wp-content\/uploads\/2024\/11\/compensacion-economicafamilias-del-sinai-2.jpg 1200w\" sizes=\"(max-width: 1024px) 100vw, 1024px\" \/><\/a>\n\t\t\t<\/dt>\n\t\t\t\t<dd class='wp-caption-text gallery-caption' id='gallery-1-366365'>\n\t\t\t\t\u201cLo de hoy es una buena noticia para las familias de El Sina\u00ed, se les entrega la compensaci\u00f3n econ\u00f3mica completa\u201d: alcalde Federico Guti\u00e9rrez, al anunciar acuerdos definitivos con damnificados &#8211; Foto alcaldia de Medell\u00edn\n\t\t\t\t<\/dd><\/dl><br style=\"clear: both\" \/>\n\t\t<\/div>\n\n<p class=\"p1\">De otro lado, el gerente general de EPM, John Maya Salazar, confirm\u00f3 que en el\u00a0sector afectado ya se restablecieron los servicios p\u00fablicos, y agreg\u00f3 que, con\u00a0respecto a la compensaci\u00f3n, <i>\u201chay una caracterizaci\u00f3n, porque no todas las\u00a0<\/i><i>personas sufrieron el mismo deterioro, por ejemplo, hay unas con segundo y tercer\u00a0<\/i><i>piso, que de pronto pudo ser de menor afectaci\u00f3n. Las de primer piso fueron\u00a0<\/i><i>mucho m\u00e1s severas. Hay casas que tienen famiempresas o moto o veh\u00edculo. No\u00a0<\/i><i>se puede decir que hay un solo monto econ\u00f3mico, sino que en cada hogar se hace\u00a0<\/i><i>la caracterizaci\u00f3n y se les va a responder\u201d<\/i>.<\/p>\n<p class=\"p1\">El Distrito, con todas sus secretar\u00edas y dependencias, contin\u00faa atendiendo y\u00a0acompa\u00f1ando a la comunidad damnificada con oferta institucional y la entrega de\u00a0ayudas, muchas de ellas donadas por la empresa privada y la ciudadan\u00eda.<\/p>\n","protected":false},"excerpt":{"rendered":"<p>Entre hoy y el viernes se har\u00e1 la revisi\u00f3n final de los acuerdos, luego, en un plazo aproximado de cinco d\u00edas, se pagar\u00e1. Habr\u00e1 feria para que las personas obtengan elementos que requieran, y se &#8230;<\/p>\n","protected":false},"author":84,"featured_media":366369,"comment_status":"open","ping_status":"open","sticky":false,"template":"","format":"standard","meta":[],"categories":[17],"tags":[437,451,455],"formato_nota":[],"programas_tax":[],"acf":[],"_links":{"self":[{"href":"https:\/\/www.medellin.gov.co\/es\/wp-json\/wp\/v2\/posts\/366360"}],"collection":[{"href":"https:\/\/www.medellin.gov.co\/es\/wp-json\/wp\/v2\/posts"}],"about":[{"href":"https:\/\/www.medellin.gov.co\/es\/wp-json\/wp\/v2\/types\/post"}],"author":[{"embeddable":true,"href":"https:\/\/www.medellin.gov.co\/es\/wp-json\/wp\/v2\/users\/84"}],"replies":[{"embeddable":true,"href":"https:\/\/www.medellin.gov.co\/es\/wp-json\/wp\/v2\/comments?post=366360"}],"version-history":[{"count":1,"href":"https:\/\/www.medellin.gov.co\/es\/wp-json\/wp\/v2\/posts\/366360\/revisions"}],"predecessor-version":[{"id":366374,"href":"https:\/\/www.medellin.gov.co\/es\/wp-json\/wp\/v2\/posts\/366360\/revisions\/366374"}],"wp:featuredmedia":[{"embeddable":true,"href":"https:\/\/www.medellin.gov.co\/es\/wp-json\/wp\/v2\/media\/366369"}],"wp:attachment":[{"href":"https:\/\/www.medellin.gov.co\/es\/wp-json\/wp\/v2\/media?parent=366360"}],"wp:term":[{"taxonomy":"category","embeddable":true,"href":"https:\/\/www.medellin.gov.co\/es\/wp-json\/wp\/v2\/categories?post=366360"},{"taxonomy":"post_tag","embeddable":true,"href":"https:\/\/www.medellin.gov.co\/es\/wp-json\/wp\/v2\/tags?post=366360"},{"taxonomy":"formato_nota","embeddable":true,"href":"https:\/\/www.medellin.gov.co\/es\/wp-json\/wp\/v2\/formato_nota?post=366360"},{"taxonomy":"programas_tax","embeddable":true,"href":"https:\/\/www.medellin.gov.co\/es\/wp-json\/wp\/v2\/programas_tax?post=366360"}],"curies":[{"name":"wp","href":"https:\/\/api.w.org\/{rel}","templated":true}]}}