{"id":366375,"date":"2024-11-20T17:29:26","date_gmt":"2024-11-20T22:29:26","guid":{"rendered":"https:\/\/www.medellin.gov.co\/es\/?p=366375"},"modified":"2024-11-20T17:29:26","modified_gmt":"2024-11-20T22:29:26","slug":"en-los-colegios-mas-de-15-800-jovenes-conocieron-las-oportunidades-de-acceso-a-la-educacion-postsecundaria-en-medellin","status":"publish","type":"post","link":"https:\/\/www.medellin.gov.co\/es\/sala-de-prensa\/noticias\/en-los-colegios-mas-de-15-800-jovenes-conocieron-las-oportunidades-de-acceso-a-la-educacion-postsecundaria-en-medellin\/","title":{"rendered":"En los colegios, m\u00e1s de 15.800 j\u00f3venes conocieron las oportunidades de acceso a la educaci\u00f3n postsecundaria en Medell\u00edn"},"content":{"rendered":"<ul>\n<li class=\"p1\"><b>La Feria Siguiente Nivel, liderada por Sapiencia, convoc\u00f3 a alumnos de <\/b><b>grado 11\u00b0 de 171 instituciones educativas.<\/b><\/li>\n<li class=\"p1\"><b>Producci\u00f3n de contenido digital, inteligencia artificial, anal\u00edtica de datos y <\/b><b>gesti\u00f3n cultural, as\u00ed como log\u00edstica y automatizaci\u00f3n de procesos fueron las\u00a0<\/b><b>\u00e1reas de conocimiento de mayor inter\u00e9s.<\/b><\/li>\n<\/ul>\n<!--[if lt IE 9]><script>document.createElement('audio');<\/script><![endif]-->\n\t<div class=\"wp-playlist wp-audio-playlist wp-playlist-light\">\n\t\t\t<div class=\"wp-playlist-current-item\"><\/div>\n\t\t<audio controls=\"controls\" preload=\"none\" width=\"640\"\n\t\t\t><\/audio>\n\t<div class=\"wp-playlist-next\"><\/div>\n\t<div class=\"wp-playlist-prev\"><\/div>\n\t<noscript>\n\t<ol>\n\t\t<li><a href='https:\/\/www.medellin.gov.co\/es\/wp-content\/uploads\/2024\/11\/acceso-educacion-postsecundaria-01.mp3'>Palabras de Salom\u00f3n Cruz Zirene, director de Sapiencia<\/a><\/li><li><a href='https:\/\/www.medellin.gov.co\/es\/wp-content\/uploads\/2024\/11\/acceso-educacion-postsecundaria-02.mp3'>Palabras de Salom\u00e9 Paniagua Rodr\u00edguez, estudiante de grado 11<\/a><\/li>\t<\/ol>\n\t<\/noscript>\n\t<script type=\"application\/json\" class=\"wp-playlist-script\">{\"type\":\"audio\",\"tracklist\":true,\"tracknumbers\":true,\"images\":true,\"artists\":true,\"tracks\":[{\"src\":\"https:\\\/\\\/www.medellin.gov.co\\\/es\\\/wp-content\\\/uploads\\\/2024\\\/11\\\/acceso-educacion-postsecundaria-01.mp3\",\"type\":\"audio\\\/mpeg\",\"title\":\"Palabras de Salom\\u00f3n Cruz Zirene, director de Sapiencia\",\"caption\":\"\",\"description\":\"\\u00abPalabras de Salom\\u00f3n Cruz Zirene, director de Sapiencia\\u00bb.\",\"meta\":{\"length_formatted\":\"1:36\"},\"image\":{\"src\":\"https:\\\/\\\/www.medellin.gov.co\\\/es\\\/wp-includes\\\/images\\\/media\\\/audio.png\",\"width\":48,\"height\":64},\"thumb\":{\"src\":\"https:\\\/\\\/www.medellin.gov.co\\\/es\\\/wp-includes\\\/images\\\/media\\\/audio.png\",\"width\":48,\"height\":64}},{\"src\":\"https:\\\/\\\/www.medellin.gov.co\\\/es\\\/wp-content\\\/uploads\\\/2024\\\/11\\\/acceso-educacion-postsecundaria-02.mp3\",\"type\":\"audio\\\/mpeg\",\"title\":\"Palabras de Salom\\u00e9 Paniagua Rodr\\u00edguez, estudiante de grado 11\",\"caption\":\"\",\"description\":\"\\u00abPalabras de Salom\\u00e9 Paniagua Rodr\\u00edguez, estudiante de grado 11\\u00bb.\",\"meta\":{\"length_formatted\":\"0:25\"},\"image\":{\"src\":\"https:\\\/\\\/www.medellin.gov.co\\\/es\\\/wp-includes\\\/images\\\/media\\\/audio.png\",\"width\":48,\"height\":64},\"thumb\":{\"src\":\"https:\\\/\\\/www.medellin.gov.co\\\/es\\\/wp-includes\\\/images\\\/media\\\/audio.png\",\"width\":48,\"height\":64}}]}<\/script>\n<\/div>\n\t\n<p class=\"p1\">En un formato innovador, por primera vez la Feria Siguiente Nivel lleg\u00f3 a los\u00a0territorios beneficiando a m\u00e1s de 15.800 j\u00f3venes de grado 11\u00b0, quienes se\u00a0acercaron a la informaci\u00f3n sobre la oferta de educaci\u00f3n postsecundaria disponible\u00a0en Medell\u00edn. Sapiencia fue la encargada de presentarla en 14 comunas y cuatro\u00a0corregimientos, para un total de 171 colegios.<\/p>\n<div id=\"attachment_366376\" style=\"width: 1210px\" class=\"wp-caption aligncenter\"><a href=\"https:\/\/www.medellin.gov.co\/es\/wp-content\/uploads\/2024\/11\/acceso-educacion-postsecundaria-1.jpg\" target=\"_blank\" rel=\"noopener\"><img aria-describedby=\"caption-attachment-366376\" loading=\"lazy\" class=\"wp-image-366376 size-full\" title=\"En los colegios, m\u00e1s de 15.800 j\u00f3venes conocieron las oportunidades de acceso a la educaci\u00f3n postsecundaria en Medell\u00edn\" src=\"https:\/\/www.medellin.gov.co\/es\/wp-content\/uploads\/2024\/11\/acceso-educacion-postsecundaria-1.jpg\" alt=\"En los colegios, m\u00e1s de 15.800 j\u00f3venes conocieron las oportunidades de acceso a la educaci\u00f3n postsecundaria en Medell\u00edn\" width=\"1200\" height=\"789\" srcset=\"https:\/\/www.medellin.gov.co\/es\/wp-content\/uploads\/2024\/11\/acceso-educacion-postsecundaria-1.jpg 1200w, https:\/\/www.medellin.gov.co\/es\/wp-content\/uploads\/2024\/11\/acceso-educacion-postsecundaria-1-300x197.jpg 300w, https:\/\/www.medellin.gov.co\/es\/wp-content\/uploads\/2024\/11\/acceso-educacion-postsecundaria-1-1024x673.jpg 1024w, https:\/\/www.medellin.gov.co\/es\/wp-content\/uploads\/2024\/11\/acceso-educacion-postsecundaria-1-150x99.jpg 150w, https:\/\/www.medellin.gov.co\/es\/wp-content\/uploads\/2024\/11\/acceso-educacion-postsecundaria-1-768x505.jpg 768w\" sizes=\"(max-width: 1200px) 100vw, 1200px\" \/><\/a><p id=\"caption-attachment-366376\" class=\"wp-caption-text\">En los colegios, m\u00e1s de 15.800 j\u00f3venes conocieron las oportunidades de acceso a la educaci\u00f3n postsecundaria en Medell\u00edn &#8211; Foto alcald\u00eda de Medell\u00edn<\/p><\/div>\n<p class=\"p1\">Entre mayo y octubre, la feria estuvo en sitios como Aranjuez, Santo Domingo,\u00a0Manrique, Villa del Socorro, Castilla, Robledo, Villa Hermosa, Buenos Aires, La\u00a0Am\u00e9rica y San Javier, El Poblado, Guayabal, Bel\u00e9n y los corregimientos San\u00a0Crist\u00f3bal, Santa Elena y Altavista.<\/p>\n<p class=\"p1\"><i>\u201cEsta es una feria que acerca las oportunidades desde la Alcald\u00eda de Medell\u00edn a\u00a0<\/i><i>los j\u00f3venes, pero tambi\u00e9n la oferta de las instituciones de educaci\u00f3n superior, as\u00ed\u00a0<\/i><i>como de entidades de formaci\u00f3n para el trabajo y el desarrollo humano. Esto les\u00a0<\/i><i>ayud\u00f3 a conocer sus intereses y a tomar decisiones informadas, de acuerdo con\u00a0<\/i><i>su vocaci\u00f3n\u201d,<\/i> dijo el director de Sapiencia, Salom\u00f3n Cruz Zirene.<\/p>\n<p class=\"p1\">En cada una de las jornadas, los asistentes estuvieron en una carrera de\u00a0observaci\u00f3n denominada \u2018metaventura\u2019, que tiene elementos digitales y din\u00e1micas\u00a0presenciales, y que sirvi\u00f3 para orientarlos sobre gustos, habilidades y posibles\u00a0caminos de formaci\u00f3n, una vez culminen sus estudios. El objetivo era cumplir con\u00a0retos y que cada colegio acumulara puntos. La I.E. Bello Horizonte (comuna 7-Robledo) obtuvo la mayor cantidad, siendo el ganador del primer puesto, y se hizo\u00a0merecedora de un espacio cultural y l\u00fadico, como evento de cierre del a\u00f1o escolar.<\/p>\n<div id=\"attachment_366386\" style=\"width: 1210px\" class=\"wp-caption aligncenter\"><a href=\"https:\/\/www.medellin.gov.co\/es\/wp-content\/uploads\/2024\/11\/acceso-educacion-postsecundaria-4.jpg\" target=\"_blank\" rel=\"noopener\"><img aria-describedby=\"caption-attachment-366386\" loading=\"lazy\" class=\"wp-image-366386 size-full\" title=\"En los colegios, m\u00e1s de 15.800 j\u00f3venes conocieron las oportunidades de acceso a la educaci\u00f3n postsecundaria en Medell\u00edn\" src=\"https:\/\/www.medellin.gov.co\/es\/wp-content\/uploads\/2024\/11\/acceso-educacion-postsecundaria-4.jpg\" alt=\"En los colegios, m\u00e1s de 15.800 j\u00f3venes conocieron las oportunidades de acceso a la educaci\u00f3n postsecundaria en Medell\u00edn\" width=\"1200\" height=\"799\" srcset=\"https:\/\/www.medellin.gov.co\/es\/wp-content\/uploads\/2024\/11\/acceso-educacion-postsecundaria-4.jpg 1200w, https:\/\/www.medellin.gov.co\/es\/wp-content\/uploads\/2024\/11\/acceso-educacion-postsecundaria-4-300x200.jpg 300w, https:\/\/www.medellin.gov.co\/es\/wp-content\/uploads\/2024\/11\/acceso-educacion-postsecundaria-4-1024x682.jpg 1024w, https:\/\/www.medellin.gov.co\/es\/wp-content\/uploads\/2024\/11\/acceso-educacion-postsecundaria-4-150x100.jpg 150w, https:\/\/www.medellin.gov.co\/es\/wp-content\/uploads\/2024\/11\/acceso-educacion-postsecundaria-4-768x511.jpg 768w\" sizes=\"(max-width: 1200px) 100vw, 1200px\" \/><\/a><p id=\"caption-attachment-366386\" class=\"wp-caption-text\">En los colegios, m\u00e1s de 15.800 j\u00f3venes conocieron las oportunidades de acceso a la educaci\u00f3n postsecundaria en Medell\u00edn &#8211; Foto alcald\u00eda de Medell\u00edn<\/p><\/div>\n<p class=\"p1\">En total participaron 5.704 estudiantes en esta actividad. El segundo lugar lo tuvo\u00a0la I.E. Tricentenario (comuna 5-Castilla) y el tercero la I.E. Calor Vieco Ortiz\u00a0(comuna 13-San Javier).<\/p>\n<p class=\"p1\">Los programas m\u00e1s demandados por los j\u00f3venes se relacionan con la producci\u00f3n\u00a0de contenido digital, inteligencia artificial, anal\u00edtica de datos y gesti\u00f3n cultural, as\u00ed\u00a0como log\u00edstica y automatizaci\u00f3n de procesos.<\/p>\n<p class=\"p1\"><i>\u00abEs muy interesante todo lo que est\u00e1 haciendo la Alcald\u00eda de Medell\u00edn para que\u00a0<\/i><i>encontremos universidades. Quiero estudiar veterinaria o psicolog\u00eda, y he visto\u00a0<\/i><i>muchas ofertas y programas que me pueden ayudar a obtener una beca y estudiar\u00a0<\/i><i>lo que quiero\u201d,<\/i> expres\u00f3 Salom\u00e9 Paniagua Rodr\u00edguez, estudiante de 11\u00b0.<\/p>\n<div id=\"attachment_366384\" style=\"width: 1210px\" class=\"wp-caption aligncenter\"><a href=\"https:\/\/www.medellin.gov.co\/es\/wp-content\/uploads\/2024\/11\/acceso-educacion-postsecundaria-3.jpg\" target=\"_blank\" rel=\"noopener\"><img aria-describedby=\"caption-attachment-366384\" loading=\"lazy\" class=\"wp-image-366384 size-full\" title=\"En los colegios, m\u00e1s de 15.800 j\u00f3venes conocieron las oportunidades de acceso a la educaci\u00f3n postsecundaria en Medell\u00edn\" src=\"https:\/\/www.medellin.gov.co\/es\/wp-content\/uploads\/2024\/11\/acceso-educacion-postsecundaria-3.jpg\" alt=\"En los colegios, m\u00e1s de 15.800 j\u00f3venes conocieron las oportunidades de acceso a la educaci\u00f3n postsecundaria en Medell\u00edn\" width=\"1200\" height=\"799\" srcset=\"https:\/\/www.medellin.gov.co\/es\/wp-content\/uploads\/2024\/11\/acceso-educacion-postsecundaria-3.jpg 1200w, https:\/\/www.medellin.gov.co\/es\/wp-content\/uploads\/2024\/11\/acceso-educacion-postsecundaria-3-300x200.jpg 300w, https:\/\/www.medellin.gov.co\/es\/wp-content\/uploads\/2024\/11\/acceso-educacion-postsecundaria-3-1024x682.jpg 1024w, https:\/\/www.medellin.gov.co\/es\/wp-content\/uploads\/2024\/11\/acceso-educacion-postsecundaria-3-150x100.jpg 150w, https:\/\/www.medellin.gov.co\/es\/wp-content\/uploads\/2024\/11\/acceso-educacion-postsecundaria-3-768x511.jpg 768w\" sizes=\"(max-width: 1200px) 100vw, 1200px\" \/><\/a><p id=\"caption-attachment-366384\" class=\"wp-caption-text\">En los colegios, m\u00e1s de 15.800 j\u00f3venes conocieron las oportunidades de acceso a la educaci\u00f3n postsecundaria en Medell\u00edn &#8211; Foto alcald\u00eda de Medell\u00edn<\/p><\/div>\n<p class=\"p1\">En los encuentros participaron 70 instituciones de educaci\u00f3n superior, t\u00e9cnica y de formaci\u00f3n para el trabajo, entre ellas, I.U. Pascual Bravo, I.U. Colegio Mayor de Antioquia, I.U. ITM, Universidad de Antioquia, EAFIT, UPB, Escuela de Ingenier\u00eda de Antioquia, Universidad Nacional y Halcones Aviation School.\u00a0Adem\u00e1s, se cont\u00f3 con el acompa\u00f1amiento y la oferta de las secretar\u00edas de Educaci\u00f3n, Juventud, Desarrollo Econ\u00f3mico, el Inder y Metrosalud.<\/p>\n<p class=\"p1\">Unos 30 artistas emergentes de los programas El L\u00edder Sos Vos, Medell\u00edn Music\u00a0Lab y Visiona4RIos se unieron a los talentos de cada colegio en estas actividades.<\/p>\n","protected":false},"excerpt":{"rendered":"<p>La Feria Siguiente Nivel, liderada por Sapiencia, convoc\u00f3 a alumnos de grado 11\u00b0 de 171 instituciones educativas. Producci\u00f3n de contenido digital, inteligencia artificial, anal\u00edtica de datos y gesti\u00f3n cultural, as\u00ed como log\u00edstica y automatizaci\u00f3n de &#8230;<\/p>\n","protected":false},"author":84,"featured_media":366380,"comment_status":"open","ping_status":"open","sticky":false,"template":"","format":"standard","meta":[],"categories":[17],"tags":[431,455],"formato_nota":[],"programas_tax":[],"acf":[],"_links":{"self":[{"href":"https:\/\/www.medellin.gov.co\/es\/wp-json\/wp\/v2\/posts\/366375"}],"collection":[{"href":"https:\/\/www.medellin.gov.co\/es\/wp-json\/wp\/v2\/posts"}],"about":[{"href":"https:\/\/www.medellin.gov.co\/es\/wp-json\/wp\/v2\/types\/post"}],"author":[{"embeddable":true,"href":"https:\/\/www.medellin.gov.co\/es\/wp-json\/wp\/v2\/users\/84"}],"replies":[{"embeddable":true,"href":"https:\/\/www.medellin.gov.co\/es\/wp-json\/wp\/v2\/comments?post=366375"}],"version-history":[{"count":1,"href":"https:\/\/www.medellin.gov.co\/es\/wp-json\/wp\/v2\/posts\/366375\/revisions"}],"predecessor-version":[{"id":366389,"href":"https:\/\/www.medellin.gov.co\/es\/wp-json\/wp\/v2\/posts\/366375\/revisions\/366389"}],"wp:featuredmedia":[{"embeddable":true,"href":"https:\/\/www.medellin.gov.co\/es\/wp-json\/wp\/v2\/media\/366380"}],"wp:attachment":[{"href":"https:\/\/www.medellin.gov.co\/es\/wp-json\/wp\/v2\/media?parent=366375"}],"wp:term":[{"taxonomy":"category","embeddable":true,"href":"https:\/\/www.medellin.gov.co\/es\/wp-json\/wp\/v2\/categories?post=366375"},{"taxonomy":"post_tag","embeddable":true,"href":"https:\/\/www.medellin.gov.co\/es\/wp-json\/wp\/v2\/tags?post=366375"},{"taxonomy":"formato_nota","embeddable":true,"href":"https:\/\/www.medellin.gov.co\/es\/wp-json\/wp\/v2\/formato_nota?post=366375"},{"taxonomy":"programas_tax","embeddable":true,"href":"https:\/\/www.medellin.gov.co\/es\/wp-json\/wp\/v2\/programas_tax?post=366375"}],"curies":[{"name":"wp","href":"https:\/\/api.w.org\/{rel}","templated":true}]}}