{"id":370653,"date":"2024-11-28T08:28:28","date_gmt":"2024-11-28T13:28:28","guid":{"rendered":"https:\/\/www.medellin.gov.co\/es\/?p=370653"},"modified":"2024-11-28T08:28:28","modified_gmt":"2024-11-28T13:28:28","slug":"caen-seis-extorsionistas-en-el-centro-de-medellin-por-robo-de-un-celular-y-cobros-al-transporte-informal","status":"publish","type":"post","link":"https:\/\/www.medellin.gov.co\/es\/sala-de-prensa\/noticias\/caen-seis-extorsionistas-en-el-centro-de-medellin-por-robo-de-un-celular-y-cobros-al-transporte-informal\/","title":{"rendered":"Caen seis extorsionistas en el Centro de Medell\u00edn por robo de un celular y cobros al transporte informal"},"content":{"rendered":"<!--[if lt IE 9]><script>document.createElement('audio');<\/script><![endif]-->\n\t<div class=\"wp-playlist wp-audio-playlist wp-playlist-light\">\n\t\t\t<div class=\"wp-playlist-current-item\"><\/div>\n\t\t<audio controls=\"controls\" preload=\"none\" width=\"640\"\n\t\t\t><\/audio>\n\t<div class=\"wp-playlist-next\"><\/div>\n\t<div class=\"wp-playlist-prev\"><\/div>\n\t<noscript>\n\t<ol>\n\t\t<li><a href='https:\/\/www.medellin.gov.co\/es\/wp-content\/uploads\/2024\/11\/extorcionistas-centro-01.mp3'>Palabras de Manuel Villa Mej\u00eda, secretario de Seguridad y Convivencia<\/a><\/li>\t<\/ol>\n\t<\/noscript>\n\t<script type=\"application\/json\" class=\"wp-playlist-script\">{\"type\":\"audio\",\"tracklist\":true,\"tracknumbers\":true,\"images\":true,\"artists\":true,\"tracks\":[{\"src\":\"https:\\\/\\\/www.medellin.gov.co\\\/es\\\/wp-content\\\/uploads\\\/2024\\\/11\\\/extorcionistas-centro-01.mp3\",\"type\":\"audio\\\/mpeg\",\"title\":\"Palabras de Manuel Villa Mej\\u00eda, secretario de Seguridad y Convivencia\",\"caption\":\"\",\"description\":\"\\u00abPalabras de Manuel Villa Mej\\u00eda, secretario de Seguridad y Convivencia\\u00bb.\",\"meta\":{\"length_formatted\":\"2:10\"},\"image\":{\"src\":\"https:\\\/\\\/www.medellin.gov.co\\\/es\\\/wp-includes\\\/images\\\/media\\\/audio.png\",\"width\":48,\"height\":64},\"thumb\":{\"src\":\"https:\\\/\\\/www.medellin.gov.co\\\/es\\\/wp-includes\\\/images\\\/media\\\/audio.png\",\"width\":48,\"height\":64}}]}<\/script>\n<\/div>\n\t\n<p class=\"p1\">Como parte de la estrategia Territorios Libres de Extorsi\u00f3n, presentada\u00a0recientemente en la ciudad, las autoridades capturaron a seis delincuentes\u00a0involucrados en dos casos relacionados con este delito. Los operativos fueron\u00a0posibles gracias a la denuncia oportuna y al accionar efectivo de las autoridades.<\/p>\n<div id=\"attachment_370655\" style=\"width: 1210px\" class=\"wp-caption aligncenter\"><a href=\"https:\/\/www.medellin.gov.co\/es\/wp-content\/uploads\/2024\/11\/extorcionistas-centro-1.jpg\" target=\"_blank\" rel=\"noopener\"><img aria-describedby=\"caption-attachment-370655\" loading=\"lazy\" class=\"wp-image-370655 size-full\" title=\"Caen seis extorsionistas en el Centro de Medell\u00edn por robo de un celular y cobros al transporte informal\" src=\"https:\/\/www.medellin.gov.co\/es\/wp-content\/uploads\/2024\/11\/extorcionistas-centro-1.jpg\" alt=\"Caen seis extorsionistas en el Centro de Medell\u00edn por robo de un celular y cobros al transporte informal\" width=\"1200\" height=\"675\" srcset=\"https:\/\/www.medellin.gov.co\/es\/wp-content\/uploads\/2024\/11\/extorcionistas-centro-1.jpg 1200w, https:\/\/www.medellin.gov.co\/es\/wp-content\/uploads\/2024\/11\/extorcionistas-centro-1-300x169.jpg 300w, https:\/\/www.medellin.gov.co\/es\/wp-content\/uploads\/2024\/11\/extorcionistas-centro-1-1024x576.jpg 1024w, https:\/\/www.medellin.gov.co\/es\/wp-content\/uploads\/2024\/11\/extorcionistas-centro-1-150x84.jpg 150w, https:\/\/www.medellin.gov.co\/es\/wp-content\/uploads\/2024\/11\/extorcionistas-centro-1-768x432.jpg 768w\" sizes=\"(max-width: 1200px) 100vw, 1200px\" \/><\/a><p id=\"caption-attachment-370655\" class=\"wp-caption-text\">Caen seis extorsionistas en el Centro de Medell\u00edn por robo de un celular y cobros al transporte informal &#8211; Foto alcaldia de Medell\u00edn<\/p><\/div>\n<p class=\"p1\">En el primer hecho, registrado en el Centro, fueron detenidos en flagrancia alias\u00a0\u2018Luis\u2019, alias \u2018Hady\u2019 y alias \u2018Jes\u00fas\u2019, mientras recib\u00edan $1.300.000 como pago por la\u00a0devoluci\u00f3n de un celular que hab\u00edan hurtado d\u00edas antes. La v\u00edctima proviene de\u00a0Quibd\u00f3 y fue despojada de su equipo m\u00f3vil en el veh\u00edculo en el que se\u00a0transportaba. Posteriormente, los delincuentes exigieron el pago para entregar el\u00a0dispositivo, acordando el encuentro en el barrio Enciso. Desde all\u00ed fue trasladado\u00a0al barrio Los Mangos, donde le hurtaron $80.000 adicionales, antes de regresarle el equipo. Durante la operaci\u00f3n fue recuperado el celular y se incaut\u00f3 un veh\u00edculo\u00a0y cuatro dispositivos m\u00f3viles m\u00e1s.<\/p>\n<p class=\"p1\">En el segundo caso fueron capturados tres miembros del Grupo Delincuencial\u00a0Organizado Caicedo: alias \u2018Barbas\u2019, alias \u2018Veneco\u2019 y alias \u2018El Gordo\u2019. El\u00a0procedimiento se efectu\u00f3 en el Parque de San Antonio, en el momento en que\u00a0cobraban $680.000 por permitir que el transporte informal operara en la zona.<\/p>\n<div id=\"attachment_370658\" style=\"width: 1210px\" class=\"wp-caption aligncenter\"><a href=\"https:\/\/www.medellin.gov.co\/es\/wp-content\/uploads\/2024\/11\/extorcionistas-centro-2.jpg\" target=\"_blank\" rel=\"noopener\"><img aria-describedby=\"caption-attachment-370658\" loading=\"lazy\" class=\"wp-image-370658 size-full\" title=\"Caen seis extorsionistas en el Centro de Medell\u00edn por robo de un celular y cobros al transporte informal\" src=\"https:\/\/www.medellin.gov.co\/es\/wp-content\/uploads\/2024\/11\/extorcionistas-centro-2.jpg\" alt=\"Caen seis extorsionistas en el Centro de Medell\u00edn por robo de un celular y cobros al transporte informal\" width=\"1200\" height=\"724\" srcset=\"https:\/\/www.medellin.gov.co\/es\/wp-content\/uploads\/2024\/11\/extorcionistas-centro-2.jpg 1200w, https:\/\/www.medellin.gov.co\/es\/wp-content\/uploads\/2024\/11\/extorcionistas-centro-2-300x181.jpg 300w, https:\/\/www.medellin.gov.co\/es\/wp-content\/uploads\/2024\/11\/extorcionistas-centro-2-1024x618.jpg 1024w, https:\/\/www.medellin.gov.co\/es\/wp-content\/uploads\/2024\/11\/extorcionistas-centro-2-150x91.jpg 150w, https:\/\/www.medellin.gov.co\/es\/wp-content\/uploads\/2024\/11\/extorcionistas-centro-2-768x463.jpg 768w\" sizes=\"(max-width: 1200px) 100vw, 1200px\" \/><\/a><p id=\"caption-attachment-370658\" class=\"wp-caption-text\">Caen seis extorsionistas en el Centro de Medell\u00edn por robo de un celular y cobros al transporte informal &#8211; Foto alcaldia de Medell\u00edn<\/p><\/div>\n<p class=\"p1\">Alias \u2018Barbas\u2019, quien coordinaba la estructura, tiene un extenso historial criminal,\u00a0con 23 anotaciones en el Sistema Penal Oral Acusatorio por delitos como\u00a0secuestro simple, extorsi\u00f3n, hurto calificado y concierto para delinquir. Alias \u2018El\u00a0Gordo\u2019 era el encargado de coordinar las extorsiones en el sector.<\/p>\n","protected":false},"excerpt":{"rendered":"<p>Como parte de la estrategia Territorios Libres de Extorsi\u00f3n, presentada\u00a0recientemente en la ciudad, las autoridades capturaron a seis delincuentes\u00a0involucrados en dos casos relacionados con este delito. Los operativos fueron\u00a0posibles gracias a la denuncia oportuna y &#8230;<\/p>\n","protected":false},"author":84,"featured_media":370661,"comment_status":"open","ping_status":"open","sticky":false,"template":"","format":"standard","meta":[],"categories":[21],"tags":[453,619],"formato_nota":[],"programas_tax":[],"acf":[],"_links":{"self":[{"href":"https:\/\/www.medellin.gov.co\/es\/wp-json\/wp\/v2\/posts\/370653"}],"collection":[{"href":"https:\/\/www.medellin.gov.co\/es\/wp-json\/wp\/v2\/posts"}],"about":[{"href":"https:\/\/www.medellin.gov.co\/es\/wp-json\/wp\/v2\/types\/post"}],"author":[{"embeddable":true,"href":"https:\/\/www.medellin.gov.co\/es\/wp-json\/wp\/v2\/users\/84"}],"replies":[{"embeddable":true,"href":"https:\/\/www.medellin.gov.co\/es\/wp-json\/wp\/v2\/comments?post=370653"}],"version-history":[{"count":1,"href":"https:\/\/www.medellin.gov.co\/es\/wp-json\/wp\/v2\/posts\/370653\/revisions"}],"predecessor-version":[{"id":370664,"href":"https:\/\/www.medellin.gov.co\/es\/wp-json\/wp\/v2\/posts\/370653\/revisions\/370664"}],"wp:featuredmedia":[{"embeddable":true,"href":"https:\/\/www.medellin.gov.co\/es\/wp-json\/wp\/v2\/media\/370661"}],"wp:attachment":[{"href":"https:\/\/www.medellin.gov.co\/es\/wp-json\/wp\/v2\/media?parent=370653"}],"wp:term":[{"taxonomy":"category","embeddable":true,"href":"https:\/\/www.medellin.gov.co\/es\/wp-json\/wp\/v2\/categories?post=370653"},{"taxonomy":"post_tag","embeddable":true,"href":"https:\/\/www.medellin.gov.co\/es\/wp-json\/wp\/v2\/tags?post=370653"},{"taxonomy":"formato_nota","embeddable":true,"href":"https:\/\/www.medellin.gov.co\/es\/wp-json\/wp\/v2\/formato_nota?post=370653"},{"taxonomy":"programas_tax","embeddable":true,"href":"https:\/\/www.medellin.gov.co\/es\/wp-json\/wp\/v2\/programas_tax?post=370653"}],"curies":[{"name":"wp","href":"https:\/\/api.w.org\/{rel}","templated":true}]}}