{"id":371202,"date":"2024-11-29T10:51:55","date_gmt":"2024-11-29T15:51:55","guid":{"rendered":"https:\/\/www.medellin.gov.co\/es\/?p=371202"},"modified":"2024-11-29T10:51:55","modified_gmt":"2024-11-29T15:51:55","slug":"que-el-amor-brille-mas-que-la-polvora-en-esta-navidad-con-el-cuidado-de-la-fauna-domestica-y-silvestre","status":"publish","type":"post","link":"https:\/\/www.medellin.gov.co\/es\/sala-de-prensa\/noticias\/que-el-amor-brille-mas-que-la-polvora-en-esta-navidad-con-el-cuidado-de-la-fauna-domestica-y-silvestre\/","title":{"rendered":"Que el amor brille m\u00e1s que la p\u00f3lvora en esta Navidad con el cuidado de la fauna dom\u00e9stica y silvestre"},"content":{"rendered":"<ul>\n<li class=\"p1\"><b>Mientras que las personas perciben frecuencias entre 20 y 20.000 hertz <\/b><b>(Hz), los perros pueden captar hasta 60.000 hertz (Hz) y algunas aves\u00a0<\/b><b>alcanzan m\u00e1s.<\/b><\/li>\n<li class=\"p1\"><b>El Distrito invita a reflexionar y optar por formas de celebraci\u00f3n m\u00e1s <\/b><b>responsables, que no impliquen sufrimiento animal ni impacto ambiental.<\/b><\/li>\n<\/ul>\n<!--[if lt IE 9]><script>document.createElement('audio');<\/script><![endif]-->\n\t<div class=\"wp-playlist wp-audio-playlist wp-playlist-light\">\n\t\t\t<div class=\"wp-playlist-current-item\"><\/div>\n\t\t<audio controls=\"controls\" preload=\"none\" width=\"640\"\n\t\t\t><\/audio>\n\t<div class=\"wp-playlist-next\"><\/div>\n\t<div class=\"wp-playlist-prev\"><\/div>\n\t<noscript>\n\t<ol>\n\t\t<li><a href='https:\/\/www.medellin.gov.co\/es\/wp-content\/uploads\/2024\/11\/cuidado-de-fauna-domestica-y-silvestre-01.mp3'>Palabras de Elizabeth Coral, subsecretaria de Bienestar y Protecci\u00f3n animal<\/a><\/li>\t<\/ol>\n\t<\/noscript>\n\t<script type=\"application\/json\" class=\"wp-playlist-script\">{\"type\":\"audio\",\"tracklist\":true,\"tracknumbers\":true,\"images\":true,\"artists\":true,\"tracks\":[{\"src\":\"https:\\\/\\\/www.medellin.gov.co\\\/es\\\/wp-content\\\/uploads\\\/2024\\\/11\\\/cuidado-de-fauna-domestica-y-silvestre-01.mp3\",\"type\":\"audio\\\/mpeg\",\"title\":\"Palabras de Elizabeth Coral, subsecretaria de Bienestar y Protecci\\u00f3n animal\",\"caption\":\"\",\"description\":\"\\u00abPalabras de Elizabeth Coral, subsecretaria de Bienestar y Protecci\\u00f3n animal\\u00bb.\",\"meta\":{\"length_formatted\":\"1:32\"},\"image\":{\"src\":\"https:\\\/\\\/www.medellin.gov.co\\\/es\\\/wp-includes\\\/images\\\/media\\\/audio.png\",\"width\":48,\"height\":64},\"thumb\":{\"src\":\"https:\\\/\\\/www.medellin.gov.co\\\/es\\\/wp-includes\\\/images\\\/media\\\/audio.png\",\"width\":48,\"height\":64}}]}<\/script>\n<\/div>\n\t\n<p class=\"p1\">Con la llegada de las festividades navide\u00f1as, la Alcald\u00eda de Medell\u00edn hace un\u00a0llamado a celebrar sin el uso de la p\u00f3lvora, una pr\u00e1ctica que tiene graves\u00a0consecuencias para los animales, las personas y el medio ambiente. Las\u00a0detonaciones no solo generan p\u00e1nico y estr\u00e9s en la fauna dom\u00e9stica y silvestre,\u00a0sino que ponen en riesgo su vida, lo que desestabiliza los ecosistemas locales y\u00a0afecta a quienes son m\u00e1s sensibles al ruido.<\/p>\n<p class=\"p1\"><i>\u201cComo Alcald\u00eda invitamos a celebrar estas fiestas de una manera responsable,\u00a0<\/i><i>debido a las grandes afectaciones que trae la p\u00f3lvora para nuestra fauna tanto\u00a0<\/i><i>dom\u00e9stica como silvestre. Estamos apost\u00e1ndole a un distrito libre de pirotecnia\u00a0<\/i><i>donde el bienestar animal y el respeto por las formas de vida sean el centro de\u00a0<\/i><i>nuestra celebraci\u00f3n<\/i>\u201d, expres\u00f3 Elizabeth Coral, Subsecretaria de Bienestar y\u00a0Protecci\u00f3n animal.<\/p>\n<div id=\"attachment_371206\" style=\"width: 866px\" class=\"wp-caption aligncenter\"><a href=\"https:\/\/www.medellin.gov.co\/es\/wp-content\/uploads\/2024\/11\/cuidado-de-fauna-domestica-y-silvestre-1.jpg\" target=\"_blank\" rel=\"noopener\"><img aria-describedby=\"caption-attachment-371206\" loading=\"lazy\" class=\"wp-image-371206 size-full\" title=\"Que el amor brille m\u00e1s que la p\u00f3lvora en esta Navidad con el cuidado de la fauna dom\u00e9stica y silvestre\" src=\"https:\/\/www.medellin.gov.co\/es\/wp-content\/uploads\/2024\/11\/cuidado-de-fauna-domestica-y-silvestre-1.jpg\" alt=\"Que el amor brille m\u00e1s que la p\u00f3lvora en esta Navidad con el cuidado de la fauna dom\u00e9stica y silvestre\" width=\"856\" height=\"776\" srcset=\"https:\/\/www.medellin.gov.co\/es\/wp-content\/uploads\/2024\/11\/cuidado-de-fauna-domestica-y-silvestre-1.jpg 856w, https:\/\/www.medellin.gov.co\/es\/wp-content\/uploads\/2024\/11\/cuidado-de-fauna-domestica-y-silvestre-1-300x272.jpg 300w, https:\/\/www.medellin.gov.co\/es\/wp-content\/uploads\/2024\/11\/cuidado-de-fauna-domestica-y-silvestre-1-150x136.jpg 150w, https:\/\/www.medellin.gov.co\/es\/wp-content\/uploads\/2024\/11\/cuidado-de-fauna-domestica-y-silvestre-1-768x696.jpg 768w\" sizes=\"(max-width: 856px) 100vw, 856px\" \/><\/a><p id=\"caption-attachment-371206\" class=\"wp-caption-text\">Que el amor brille m\u00e1s que la p\u00f3lvora en esta Navidad con el cuidado de la fauna dom\u00e9stica y silvestre &#8211; Foto alcaldia de Medell\u00edn<\/p><\/div>\n<p class=\"p1\">Los animales poseen una capacidad auditiva mucho m\u00e1s aguda que la de los\u00a0seres humanos. Mientras que las personas perciben frecuencias entre 20 y\u00a020,000 hertz (Hz), los perros pueden captar hasta 60.000 hertz (Hz) y algunas\u00a0aves alcanzan m\u00e1s. Esta sensibilidad, que les resulta esencial para sobrevivir,\u00a0se convierte en un problema cuando est\u00e1n expuestos al estruendo de la\u00a0pirotecnia.<\/p>\n<p class=\"p1\">El sonido explosivo lo interpretan como una amenaza, lo que puede\u00a0desencadenar comportamientos de p\u00e1nico, desorientaci\u00f3n y huidas\u00a0descontroladas que aumentan el riesgo de accidentes. Fisiol\u00f3gicamente, la\u00a0exposici\u00f3n a la p\u00f3lvora puede provocar desde taquicardia hasta convulsiones y,\u00a0en casos extremos, la muerte<\/p>\n<p class=\"p1\">La fauna silvestre tambi\u00e9n sufre gravemente. Muchas aves, al ser perturbadas\u00a0por el ruido, abandonan sus nidos, dejan a sus cr\u00edas sin protecci\u00f3n ni alimento.\u00a0Las especies migratorias, ya agotadas por largos viajes, no encuentran el\u00a0descanso necesario para continuar sus recorridos, lo que arriesga su\u00a0supervivencia. Adem\u00e1s, los gases t\u00f3xicos de la p\u00f3lvora contaminan los h\u00e1bitats\u00a0naturales y afectan toda la biodiversidad.<\/p>\n<div id=\"attachment_371207\" style=\"width: 866px\" class=\"wp-caption aligncenter\"><a href=\"https:\/\/www.medellin.gov.co\/es\/wp-content\/uploads\/2024\/11\/cuidado-de-fauna-domestica-y-silvestre-2.jpg\" target=\"_blank\" rel=\"noopener\"><img aria-describedby=\"caption-attachment-371207\" loading=\"lazy\" class=\"wp-image-371207 size-full\" title=\"Que el amor brille m\u00e1s que la p\u00f3lvora en esta Navidad con el cuidado de la fauna dom\u00e9stica y silvestre\" src=\"https:\/\/www.medellin.gov.co\/es\/wp-content\/uploads\/2024\/11\/cuidado-de-fauna-domestica-y-silvestre-2.jpg\" alt=\"Que el amor brille m\u00e1s que la p\u00f3lvora en esta Navidad con el cuidado de la fauna dom\u00e9stica y silvestre\" width=\"856\" height=\"824\" srcset=\"https:\/\/www.medellin.gov.co\/es\/wp-content\/uploads\/2024\/11\/cuidado-de-fauna-domestica-y-silvestre-2.jpg 856w, https:\/\/www.medellin.gov.co\/es\/wp-content\/uploads\/2024\/11\/cuidado-de-fauna-domestica-y-silvestre-2-300x289.jpg 300w, https:\/\/www.medellin.gov.co\/es\/wp-content\/uploads\/2024\/11\/cuidado-de-fauna-domestica-y-silvestre-2-150x144.jpg 150w, https:\/\/www.medellin.gov.co\/es\/wp-content\/uploads\/2024\/11\/cuidado-de-fauna-domestica-y-silvestre-2-768x739.jpg 768w\" sizes=\"(max-width: 856px) 100vw, 856px\" \/><\/a><p id=\"caption-attachment-371207\" class=\"wp-caption-text\">Que el amor brille m\u00e1s que la p\u00f3lvora en esta Navidad con el cuidado de la fauna dom\u00e9stica y silvestre &#8211; Foto alcaldia de Medell\u00edn<\/p><\/div>\n<p class=\"p1\">Ante esta realidad, se invita a la ciudadan\u00eda a reflexionar y optar por formas de\u00a0celebraci\u00f3n m\u00e1s responsables, que no impliquen sufrimiento animal ni impacto\u00a0ambiental. Crear un espacio seguro para perros y gatos en casa, cerrar ventanas\u00a0para amortiguar el ruido, usar m\u00fasica relajante y acompa\u00f1arlos durante los\u00a0momentos de mayor estruendo son acciones simples que marcan la diferencia.<\/p>\n","protected":false},"excerpt":{"rendered":"<p>Mientras que las personas perciben frecuencias entre 20 y 20.000 hertz (Hz), los perros pueden captar hasta 60.000 hertz (Hz) y algunas aves\u00a0alcanzan m\u00e1s. El Distrito invita a reflexionar y optar por formas de celebraci\u00f3n &#8230;<\/p>\n","protected":false},"author":84,"featured_media":371210,"comment_status":"open","ping_status":"open","sticky":false,"template":"","format":"standard","meta":[],"categories":[13],"tags":[451,436,695],"formato_nota":[],"programas_tax":[],"acf":[],"_links":{"self":[{"href":"https:\/\/www.medellin.gov.co\/es\/wp-json\/wp\/v2\/posts\/371202"}],"collection":[{"href":"https:\/\/www.medellin.gov.co\/es\/wp-json\/wp\/v2\/posts"}],"about":[{"href":"https:\/\/www.medellin.gov.co\/es\/wp-json\/wp\/v2\/types\/post"}],"author":[{"embeddable":true,"href":"https:\/\/www.medellin.gov.co\/es\/wp-json\/wp\/v2\/users\/84"}],"replies":[{"embeddable":true,"href":"https:\/\/www.medellin.gov.co\/es\/wp-json\/wp\/v2\/comments?post=371202"}],"version-history":[{"count":1,"href":"https:\/\/www.medellin.gov.co\/es\/wp-json\/wp\/v2\/posts\/371202\/revisions"}],"predecessor-version":[{"id":371213,"href":"https:\/\/www.medellin.gov.co\/es\/wp-json\/wp\/v2\/posts\/371202\/revisions\/371213"}],"wp:featuredmedia":[{"embeddable":true,"href":"https:\/\/www.medellin.gov.co\/es\/wp-json\/wp\/v2\/media\/371210"}],"wp:attachment":[{"href":"https:\/\/www.medellin.gov.co\/es\/wp-json\/wp\/v2\/media?parent=371202"}],"wp:term":[{"taxonomy":"category","embeddable":true,"href":"https:\/\/www.medellin.gov.co\/es\/wp-json\/wp\/v2\/categories?post=371202"},{"taxonomy":"post_tag","embeddable":true,"href":"https:\/\/www.medellin.gov.co\/es\/wp-json\/wp\/v2\/tags?post=371202"},{"taxonomy":"formato_nota","embeddable":true,"href":"https:\/\/www.medellin.gov.co\/es\/wp-json\/wp\/v2\/formato_nota?post=371202"},{"taxonomy":"programas_tax","embeddable":true,"href":"https:\/\/www.medellin.gov.co\/es\/wp-json\/wp\/v2\/programas_tax?post=371202"}],"curies":[{"name":"wp","href":"https:\/\/api.w.org\/{rel}","templated":true}]}}