{"id":371214,"date":"2024-11-29T11:38:57","date_gmt":"2024-11-29T16:38:57","guid":{"rendered":"https:\/\/www.medellin.gov.co\/es\/?p=371214"},"modified":"2024-11-29T11:38:57","modified_gmt":"2024-11-29T16:38:57","slug":"atencion-a-los-cierres-viales-por-eventos-culturales-y-deportivos","status":"publish","type":"post","link":"https:\/\/www.medellin.gov.co\/es\/sala-de-prensa\/noticias\/atencion-a-los-cierres-viales-por-eventos-culturales-y-deportivos\/","title":{"rendered":"Atenci\u00f3n a los cierres viales por eventos culturales y deportivos"},"content":{"rendered":"<p class=\"p1\" style=\"text-align: center;\"><b>Atenci\u00f3n a los cierres viales por eventos culturales y deportivos<\/b><\/p>\n<p class=\"p2\">Medell\u00edn tendr\u00e1 varios eventos que requieren cierres viales que los ciudadanos\u00a0deben tener en cuenta a la hora de planear sus desplazamientos. La\u00a0recomendaci\u00f3n de la Secretar\u00eda de Movilidad es verificar rutas antes de salir y acatar las recomendaciones de las autoridades.<\/p>\n<p class=\"p2\">Este s\u00e1bado desde las 6:00 a. m. y hasta las 5:00 a. m. del domingo 1 de\u00a0diciembre, se realizar\u00e1 evento cultural y tradicional previo a diciembre, que tendr\u00e1\u00a0lugar en el sector del Perpetuo Socorro de la comuna 10-La Candelaria. Para ello\u00a0se tendr\u00e1 cierre total de la carrera 45 entre calles 33 y 31.<\/p>\n<div id=\"attachment_371220\" style=\"width: 516px\" class=\"wp-caption aligncenter\"><a href=\"https:\/\/www.medellin.gov.co\/es\/wp-content\/uploads\/2024\/11\/cierres-viales-eventos-deportivos-3-1.jpg\" target=\"_blank\" rel=\"noopener\"><img aria-describedby=\"caption-attachment-371220\" loading=\"lazy\" class=\"wp-image-371220 size-full\" title=\"Atenci\u00f3n a los cierres viales por eventos culturales y deportivos\" src=\"https:\/\/www.medellin.gov.co\/es\/wp-content\/uploads\/2024\/11\/cierres-viales-eventos-deportivos-3-1.jpg\" alt=\"Atenci\u00f3n a los cierres viales por eventos culturales y deportivos\" width=\"506\" height=\"900\" srcset=\"https:\/\/www.medellin.gov.co\/es\/wp-content\/uploads\/2024\/11\/cierres-viales-eventos-deportivos-3-1.jpg 506w, https:\/\/www.medellin.gov.co\/es\/wp-content\/uploads\/2024\/11\/cierres-viales-eventos-deportivos-3-1-169x300.jpg 169w, https:\/\/www.medellin.gov.co\/es\/wp-content\/uploads\/2024\/11\/cierres-viales-eventos-deportivos-3-1-84x150.jpg 84w\" sizes=\"(max-width: 506px) 100vw, 506px\" \/><\/a><p id=\"caption-attachment-371220\" class=\"wp-caption-text\">Atenci\u00f3n a los cierres viales por eventos culturales y deportivos &#8211; Foto alcaldia de Medell\u00edn<\/p><\/div>\n<p class=\"p2\">El tradicional Festival de Mitos y Leyendas de la comuna 16- Bel\u00e9n se har\u00e1 entre\u00a0las 6:00 p. m. y las 10:00 p. m. de este domingo 1 de diciembre y tiene cierres\u00a0programados en la carreras 76 (calzada occidental) entre calles 18A y 27A, y en\u00a0la carrera 76 entre calles 27A y 32BB.<\/p>\n<div id=\"attachment_371219\" style=\"width: 516px\" class=\"wp-caption aligncenter\"><a href=\"https:\/\/www.medellin.gov.co\/es\/wp-content\/uploads\/2024\/11\/cierres-viales-eventos-deportivos-2-1.jpg\" target=\"_blank\" rel=\"noopener\"><img aria-describedby=\"caption-attachment-371219\" loading=\"lazy\" class=\"wp-image-371219 size-full\" title=\"Atenci\u00f3n a los cierres viales por eventos culturales y deportivos\" src=\"https:\/\/www.medellin.gov.co\/es\/wp-content\/uploads\/2024\/11\/cierres-viales-eventos-deportivos-2-1.jpg\" alt=\"Atenci\u00f3n a los cierres viales por eventos culturales y deportivos\" width=\"506\" height=\"900\" srcset=\"https:\/\/www.medellin.gov.co\/es\/wp-content\/uploads\/2024\/11\/cierres-viales-eventos-deportivos-2-1.jpg 506w, https:\/\/www.medellin.gov.co\/es\/wp-content\/uploads\/2024\/11\/cierres-viales-eventos-deportivos-2-1-169x300.jpg 169w, https:\/\/www.medellin.gov.co\/es\/wp-content\/uploads\/2024\/11\/cierres-viales-eventos-deportivos-2-1-84x150.jpg 84w\" sizes=\"(max-width: 506px) 100vw, 506px\" \/><\/a><p id=\"caption-attachment-371219\" class=\"wp-caption-text\">Atenci\u00f3n a los cierres viales por eventos culturales y deportivos &#8211; Foto alcaldia de Medell\u00edn<\/p><\/div>\n<p class=\"p2\">Por \u00faltimo, desde las 11:59 p. m. del lunes 2 de diciembre y hasta las 6:00 a. m.\u00a0del domingo 8 de diciembre tendr\u00e1 lugar el XVI Campeonato Internacional de Las\u00a0Luces de BMX, para lo cual habr\u00e1 cierres programados en la calle 30A entre\u00a0carreras 66B y 69. La duraci\u00f3n de este cierre incluye los tiempos de montaje y\u00a0desmontaje del evento.<\/p>\n<div id=\"attachment_371217\" style=\"width: 516px\" class=\"wp-caption aligncenter\"><a href=\"https:\/\/www.medellin.gov.co\/es\/wp-content\/uploads\/2024\/11\/cierres-viales-eventos-deportivos-1-1.jpg\" target=\"_blank\" rel=\"noopener\"><img aria-describedby=\"caption-attachment-371217\" loading=\"lazy\" class=\"wp-image-371217 size-full\" title=\"Atenci\u00f3n a los cierres viales por eventos culturales y deportivos\" src=\"https:\/\/www.medellin.gov.co\/es\/wp-content\/uploads\/2024\/11\/cierres-viales-eventos-deportivos-1-1.jpg\" alt=\"Atenci\u00f3n a los cierres viales por eventos culturales y deportivos\" width=\"506\" height=\"900\" srcset=\"https:\/\/www.medellin.gov.co\/es\/wp-content\/uploads\/2024\/11\/cierres-viales-eventos-deportivos-1-1.jpg 506w, https:\/\/www.medellin.gov.co\/es\/wp-content\/uploads\/2024\/11\/cierres-viales-eventos-deportivos-1-1-169x300.jpg 169w, https:\/\/www.medellin.gov.co\/es\/wp-content\/uploads\/2024\/11\/cierres-viales-eventos-deportivos-1-1-84x150.jpg 84w\" sizes=\"(max-width: 506px) 100vw, 506px\" \/><\/a><p id=\"caption-attachment-371217\" class=\"wp-caption-text\">Atenci\u00f3n a los cierres viales por eventos culturales y deportivos &#8211; Foto alcaldia de Medell\u00edn<\/p><\/div>\n","protected":false},"excerpt":{"rendered":"<p>Atenci\u00f3n a los cierres viales por eventos culturales y deportivos Medell\u00edn tendr\u00e1 varios eventos que requieren cierres viales que los ciudadanos\u00a0deben tener en cuenta a la hora de planear sus desplazamientos. La\u00a0recomendaci\u00f3n de la Secretar\u00eda &#8230;<\/p>\n","protected":false},"author":84,"featured_media":285164,"comment_status":"open","ping_status":"open","sticky":false,"template":"","format":"standard","meta":[],"categories":[14],"tags":[447],"formato_nota":[],"programas_tax":[],"acf":[],"_links":{"self":[{"href":"https:\/\/www.medellin.gov.co\/es\/wp-json\/wp\/v2\/posts\/371214"}],"collection":[{"href":"https:\/\/www.medellin.gov.co\/es\/wp-json\/wp\/v2\/posts"}],"about":[{"href":"https:\/\/www.medellin.gov.co\/es\/wp-json\/wp\/v2\/types\/post"}],"author":[{"embeddable":true,"href":"https:\/\/www.medellin.gov.co\/es\/wp-json\/wp\/v2\/users\/84"}],"replies":[{"embeddable":true,"href":"https:\/\/www.medellin.gov.co\/es\/wp-json\/wp\/v2\/comments?post=371214"}],"version-history":[{"count":2,"href":"https:\/\/www.medellin.gov.co\/es\/wp-json\/wp\/v2\/posts\/371214\/revisions"}],"predecessor-version":[{"id":371224,"href":"https:\/\/www.medellin.gov.co\/es\/wp-json\/wp\/v2\/posts\/371214\/revisions\/371224"}],"wp:featuredmedia":[{"embeddable":true,"href":"https:\/\/www.medellin.gov.co\/es\/wp-json\/wp\/v2\/media\/285164"}],"wp:attachment":[{"href":"https:\/\/www.medellin.gov.co\/es\/wp-json\/wp\/v2\/media?parent=371214"}],"wp:term":[{"taxonomy":"category","embeddable":true,"href":"https:\/\/www.medellin.gov.co\/es\/wp-json\/wp\/v2\/categories?post=371214"},{"taxonomy":"post_tag","embeddable":true,"href":"https:\/\/www.medellin.gov.co\/es\/wp-json\/wp\/v2\/tags?post=371214"},{"taxonomy":"formato_nota","embeddable":true,"href":"https:\/\/www.medellin.gov.co\/es\/wp-json\/wp\/v2\/formato_nota?post=371214"},{"taxonomy":"programas_tax","embeddable":true,"href":"https:\/\/www.medellin.gov.co\/es\/wp-json\/wp\/v2\/programas_tax?post=371214"}],"curies":[{"name":"wp","href":"https:\/\/api.w.org\/{rel}","templated":true}]}}