{"id":371570,"date":"2024-12-01T20:22:54","date_gmt":"2024-12-02T01:22:54","guid":{"rendered":"https:\/\/www.medellin.gov.co\/es\/?p=371570"},"modified":"2024-12-01T20:37:32","modified_gmt":"2024-12-02T01:37:32","slug":"aprobado-presupuesto-historico-de-10-96-billones-para-medellin-en-2025","status":"publish","type":"post","link":"https:\/\/www.medellin.gov.co\/es\/sala-de-prensa\/noticias\/aprobado-presupuesto-historico-de-10-96-billones-para-medellin-en-2025\/","title":{"rendered":"Aprobado presupuesto hist\u00f3rico de $10.96 billones para Medell\u00edn en 2025"},"content":{"rendered":"<ul>\n<li class=\"p1\"><b>La Administraci\u00f3n Distrital destinar\u00e1 $8.79 billones a proyectos <\/b><b>relacionados con el bienestar social e infraestructura para el desarrollo.<\/b><\/li>\n<\/ul>\n<!--[if lt IE 9]><script>document.createElement('audio');<\/script><![endif]-->\n\t<div class=\"wp-playlist wp-audio-playlist wp-playlist-light\">\n\t\t\t<div class=\"wp-playlist-current-item\"><\/div>\n\t\t<audio controls=\"controls\" preload=\"none\" width=\"640\"\n\t\t\t><\/audio>\n\t<div class=\"wp-playlist-next\"><\/div>\n\t<div class=\"wp-playlist-prev\"><\/div>\n\t<noscript>\n\t<ol>\n\t\t<li><a href='https:\/\/www.medellin.gov.co\/es\/wp-content\/uploads\/2024\/11\/presupuesto-historico-2025-01.mp3'>Palabras de Orlando Uribe Villa, secretario de Hacienda<\/a><\/li>\t<\/ol>\n\t<\/noscript>\n\t<script type=\"application\/json\" class=\"wp-playlist-script\">{\"type\":\"audio\",\"tracklist\":true,\"tracknumbers\":true,\"images\":true,\"artists\":true,\"tracks\":[{\"src\":\"https:\\\/\\\/www.medellin.gov.co\\\/es\\\/wp-content\\\/uploads\\\/2024\\\/11\\\/presupuesto-historico-2025-01.mp3\",\"type\":\"audio\\\/mpeg\",\"title\":\"Palabras de Orlando Uribe Villa, secretario de Hacienda\",\"caption\":\"\",\"description\":\"\\u00abPalabras de Orlando Uribe Villa, secretario de Hacienda\\u00bb.\",\"meta\":{\"length_formatted\":\"1:17\"},\"image\":{\"src\":\"https:\\\/\\\/www.medellin.gov.co\\\/es\\\/wp-includes\\\/images\\\/media\\\/audio.png\",\"width\":48,\"height\":64},\"thumb\":{\"src\":\"https:\\\/\\\/www.medellin.gov.co\\\/es\\\/wp-includes\\\/images\\\/media\\\/audio.png\",\"width\":48,\"height\":64}}]}<\/script>\n<\/div>\n\t\n<p class=\"p1\">Con 19 votos a favor, el Concejo de Medell\u00edn aprob\u00f3 el presupuesto general de la\u00a0ciudad para 2025. Son $10.96 billones que representan un aumento de 25 % en\u00a0comparaci\u00f3n con $8.75 billones de 2024, es decir, $2.21 billones m\u00e1s. De estos\u00a0recursos se asignar\u00e1n $8.79 billones para inversi\u00f3n, $1.23 billones para\u00a0funcionamiento y $616.583 millones para atender las obligaciones de la deuda.<\/p>\n<p class=\"p1\"><i>\u201cQuiero expresar mi agradecimiento a los concejales por la confianza y el respaldo\u00a0<\/i><i>para la aprobaci\u00f3n del presupuesto de Medell\u00edn 2025. Su apoyo no solo refleja el\u00a0<\/i><i>compromiso con nuestra ciudad, sino tambi\u00e9n con cada uno de los sue\u00f1os de las\u00a0<\/i><i>personas. Este proceso nos permitir\u00e1 avanzar con responsabilidad y\u00a0<\/i><i>transparencia en la ejecuci\u00f3n de nuestro plan de desarrollo, para llevar a Medell\u00edn\u00a0<\/i><i>al siguiente nivel\u201d,<\/i> dijo el secretario de Hacienda, Orlando Uribe Villa.<\/p>\n<div id=\"attachment_305794\" style=\"width: 1034px\" class=\"wp-caption alignnone\"><a href=\"https:\/\/www.medellin.gov.co\/es\/wp-content\/uploads\/2024\/03\/Orlando_Uribe.jpg\"><img aria-describedby=\"caption-attachment-305794\" loading=\"lazy\" class=\"size-large wp-image-305794\" src=\"https:\/\/www.medellin.gov.co\/es\/wp-content\/uploads\/2024\/03\/Orlando_Uribe-1024x680.jpg\" alt=\"Secretario de Hacienda de Medell\u00edn, Orlando Uribe Villa\" width=\"1024\" height=\"680\" srcset=\"https:\/\/www.medellin.gov.co\/es\/wp-content\/uploads\/2024\/03\/Orlando_Uribe-1024x680.jpg 1024w, https:\/\/www.medellin.gov.co\/es\/wp-content\/uploads\/2024\/03\/Orlando_Uribe-300x199.jpg 300w, https:\/\/www.medellin.gov.co\/es\/wp-content\/uploads\/2024\/03\/Orlando_Uribe-150x100.jpg 150w, https:\/\/www.medellin.gov.co\/es\/wp-content\/uploads\/2024\/03\/Orlando_Uribe-768x510.jpg 768w, https:\/\/www.medellin.gov.co\/es\/wp-content\/uploads\/2024\/03\/Orlando_Uribe.jpg 1280w\" sizes=\"(max-width: 1024px) 100vw, 1024px\" \/><\/a><p id=\"caption-attachment-305794\" class=\"wp-caption-text\">Secretario de Hacienda de Medell\u00edn, Orlando Uribe Villa<\/p><\/div>\n<p class=\"p1\">Los sectores con mayores asignaciones son: Educaci\u00f3n, con $2.03 billones y un\u00a0crecimiento de 40.5 % m\u00e1s que el a\u00f1o anterior, seguido de Salud con $1.58\u00a0billones, e Infraestructura F\u00edsica con $890.982 millones, y un aumento de 18 % y\u00a0218 % cada uno, respectivamente.<\/p>\n<p class=\"p1\">Gracias a la aprobaci\u00f3n de este presupuesto hist\u00f3rico, la Administraci\u00f3n Distrital\u00a0continuar\u00e1 materializando acciones claves que se ver\u00e1n reflejas en el bienestar\u00a0de todos.<\/p>\n<p class=\"p1\">Con el Programa de Alimentaci\u00f3n Escolar -PAE se garantizar\u00e1 nutrici\u00f3n adecuada\u00a0para el rendimiento acad\u00e9mico de 244.000 alumnos.<\/p>\n<p class=\"p1\">Igualmente, 87.174 ni\u00f1as y ni\u00f1os de 0 a 5 a\u00f1os ser\u00e1n atendidos integralmente en\u00a0el Programa Buen Comienzo 365.<\/p>\n<p class=\"p1\">Adem\u00e1s, se dar\u00e1 inicio a la construcci\u00f3n y ampliaci\u00f3n de nueve sedes educativas,\u00a0mientras que 64 recibir\u00e1n la renovaci\u00f3n de sus espacios para mejorar los\u00a0ambientes de aprendizaje.<\/p>\n<p class=\"p1\">Se dotar\u00e1n integralmente 133 planteles con mobiliario, material pedag\u00f3gico,\u00a0did\u00e1ctico y deportivo, creando espacios m\u00e1s funcionales y motivadores.<\/p>\n<p class=\"p1\">Finalmente, se intervendr\u00e1n 175 escenarios deportivos y se construir\u00e1n tres\u00a0nuevos -llamados ReCREOs-, para fortalecer la infraestructura recreativa y\u00a0promover el bienestar integral de la comunidad. El deporte, m\u00e1s all\u00e1 de ser una\u00a0actividad f\u00edsica, juega un papel crucial en el equilibrio emocional y mental de las\u00a0personas.<\/p>\n<p class=\"p1\">De esta manera, el Distrito est\u00e1 forjando un porvenir donde el sentido de\u00a0pertenencia, la confianza y el amor por la ciudad son los pilares de una Medell\u00edn\u00a0que se enorgullece de su gente y su potencial.<\/p>\n","protected":false},"excerpt":{"rendered":"<p>La Administraci\u00f3n Distrital destinar\u00e1 $8.79 billones a proyectos relacionados con el bienestar social e infraestructura para el desarrollo. Con 19 votos a favor, el Concejo de Medell\u00edn aprob\u00f3 el presupuesto general de la\u00a0ciudad para 2025. &#8230;<\/p>\n","protected":false},"author":84,"featured_media":276201,"comment_status":"open","ping_status":"open","sticky":false,"template":"","format":"standard","meta":[],"categories":[293,9,17],"tags":[453,434],"formato_nota":[],"programas_tax":[],"acf":[],"_links":{"self":[{"href":"https:\/\/www.medellin.gov.co\/es\/wp-json\/wp\/v2\/posts\/371570"}],"collection":[{"href":"https:\/\/www.medellin.gov.co\/es\/wp-json\/wp\/v2\/posts"}],"about":[{"href":"https:\/\/www.medellin.gov.co\/es\/wp-json\/wp\/v2\/types\/post"}],"author":[{"embeddable":true,"href":"https:\/\/www.medellin.gov.co\/es\/wp-json\/wp\/v2\/users\/84"}],"replies":[{"embeddable":true,"href":"https:\/\/www.medellin.gov.co\/es\/wp-json\/wp\/v2\/comments?post=371570"}],"version-history":[{"count":4,"href":"https:\/\/www.medellin.gov.co\/es\/wp-json\/wp\/v2\/posts\/371570\/revisions"}],"predecessor-version":[{"id":371679,"href":"https:\/\/www.medellin.gov.co\/es\/wp-json\/wp\/v2\/posts\/371570\/revisions\/371679"}],"wp:featuredmedia":[{"embeddable":true,"href":"https:\/\/www.medellin.gov.co\/es\/wp-json\/wp\/v2\/media\/276201"}],"wp:attachment":[{"href":"https:\/\/www.medellin.gov.co\/es\/wp-json\/wp\/v2\/media?parent=371570"}],"wp:term":[{"taxonomy":"category","embeddable":true,"href":"https:\/\/www.medellin.gov.co\/es\/wp-json\/wp\/v2\/categories?post=371570"},{"taxonomy":"post_tag","embeddable":true,"href":"https:\/\/www.medellin.gov.co\/es\/wp-json\/wp\/v2\/tags?post=371570"},{"taxonomy":"formato_nota","embeddable":true,"href":"https:\/\/www.medellin.gov.co\/es\/wp-json\/wp\/v2\/formato_nota?post=371570"},{"taxonomy":"programas_tax","embeddable":true,"href":"https:\/\/www.medellin.gov.co\/es\/wp-json\/wp\/v2\/programas_tax?post=371570"}],"curies":[{"name":"wp","href":"https:\/\/api.w.org\/{rel}","templated":true}]}}