{"id":372871,"date":"2024-12-06T11:09:17","date_gmt":"2024-12-06T16:09:17","guid":{"rendered":"https:\/\/www.medellin.gov.co\/es\/?p=372871"},"modified":"2024-12-06T11:09:17","modified_gmt":"2024-12-06T16:09:17","slug":"a-disfrutar-de-la-navidad-en-el-aeroparque-juan-pablo-ii-y-el-parque-norte","status":"publish","type":"post","link":"https:\/\/www.medellin.gov.co\/es\/sala-de-prensa\/noticias\/a-disfrutar-de-la-navidad-en-el-aeroparque-juan-pablo-ii-y-el-parque-norte\/","title":{"rendered":"\u00a1A disfrutar de la Navidad en el Aeroparque Juan Pablo II y el Parque Norte!"},"content":{"rendered":"<!--[if lt IE 9]><script>document.createElement('audio');<\/script><![endif]-->\n\t<div class=\"wp-playlist wp-audio-playlist wp-playlist-light\">\n\t\t\t<div class=\"wp-playlist-current-item\"><\/div>\n\t\t<audio controls=\"controls\" preload=\"none\" width=\"640\"\n\t\t\t><\/audio>\n\t<div class=\"wp-playlist-next\"><\/div>\n\t<div class=\"wp-playlist-prev\"><\/div>\n\t<noscript>\n\t<ol>\n\t\t<li><a href='https:\/\/www.medellin.gov.co\/es\/wp-content\/uploads\/2024\/12\/navidad-en-aeroparque-y-parque-norte-01.mp3'>Palabras de Milton Vasco, gerente de Metroparques<\/a><\/li><li><a href='https:\/\/www.medellin.gov.co\/es\/wp-content\/uploads\/2024\/12\/navidad-en-aeroparque-y-parque-norte-02.mp3'>Palabras de Cristian Cartagena, subsecretario de Arte y Cultura<\/a><\/li>\t<\/ol>\n\t<\/noscript>\n\t<script type=\"application\/json\" class=\"wp-playlist-script\">{\"type\":\"audio\",\"tracklist\":true,\"tracknumbers\":true,\"images\":true,\"artists\":true,\"tracks\":[{\"src\":\"https:\\\/\\\/www.medellin.gov.co\\\/es\\\/wp-content\\\/uploads\\\/2024\\\/12\\\/navidad-en-aeroparque-y-parque-norte-01.mp3\",\"type\":\"audio\\\/mpeg\",\"title\":\"Palabras de Milton Vasco, gerente de Metroparques\",\"caption\":\"\",\"description\":\"\\u00abPalabras de Milton Vasco, gerente de Metroparques\\u00bb.\",\"meta\":{\"length_formatted\":\"0:54\"},\"image\":{\"src\":\"https:\\\/\\\/www.medellin.gov.co\\\/es\\\/wp-includes\\\/images\\\/media\\\/audio.png\",\"width\":48,\"height\":64},\"thumb\":{\"src\":\"https:\\\/\\\/www.medellin.gov.co\\\/es\\\/wp-includes\\\/images\\\/media\\\/audio.png\",\"width\":48,\"height\":64}},{\"src\":\"https:\\\/\\\/www.medellin.gov.co\\\/es\\\/wp-content\\\/uploads\\\/2024\\\/12\\\/navidad-en-aeroparque-y-parque-norte-02.mp3\",\"type\":\"audio\\\/mpeg\",\"title\":\"Palabras de Cristian Cartagena, subsecretario de Arte y Cultura\",\"caption\":\"\",\"description\":\"\\u00abPalabras de Cristian Cartagena, subsecretario de Arte y Cultura\\u00bb.\",\"meta\":{\"length_formatted\":\"1:16\"},\"image\":{\"src\":\"https:\\\/\\\/www.medellin.gov.co\\\/es\\\/wp-includes\\\/images\\\/media\\\/audio.png\",\"width\":48,\"height\":64},\"thumb\":{\"src\":\"https:\\\/\\\/www.medellin.gov.co\\\/es\\\/wp-includes\\\/images\\\/media\\\/audio.png\",\"width\":48,\"height\":64}}]}<\/script>\n<\/div>\n\t\n<p class=\"p1\">La Navidad tambi\u00e9n se vive en Medell\u00edn en el Aeroparque Juan Pablo II y el\u00a0Parque Norte. En compa\u00f1\u00eda de la Secretar\u00eda de Cultura Ciudadana, en estos dos\u00a0lugares se ofrecer\u00e1n actividades con entrada libre.<\/p>\n<div id=\"attachment_372885\" style=\"width: 1210px\" class=\"wp-caption aligncenter\"><a href=\"https:\/\/www.medellin.gov.co\/es\/wp-content\/uploads\/2024\/12\/navidad-en-aeroparque-y-parque-norte-3.jpg\" target=\"_blank\" rel=\"noopener\"><img aria-describedby=\"caption-attachment-372885\" loading=\"lazy\" class=\"wp-image-372885 size-full\" title=\"\u00a1A disfrutar de la Navidad en el Aeroparque Juan Pablo II y el Parque Norte!\" src=\"https:\/\/www.medellin.gov.co\/es\/wp-content\/uploads\/2024\/12\/navidad-en-aeroparque-y-parque-norte-3.jpg\" alt=\"\" width=\"1200\" height=\"799\" srcset=\"https:\/\/www.medellin.gov.co\/es\/wp-content\/uploads\/2024\/12\/navidad-en-aeroparque-y-parque-norte-3.jpg 1200w, https:\/\/www.medellin.gov.co\/es\/wp-content\/uploads\/2024\/12\/navidad-en-aeroparque-y-parque-norte-3-300x200.jpg 300w, https:\/\/www.medellin.gov.co\/es\/wp-content\/uploads\/2024\/12\/navidad-en-aeroparque-y-parque-norte-3-1024x682.jpg 1024w, https:\/\/www.medellin.gov.co\/es\/wp-content\/uploads\/2024\/12\/navidad-en-aeroparque-y-parque-norte-3-150x100.jpg 150w, https:\/\/www.medellin.gov.co\/es\/wp-content\/uploads\/2024\/12\/navidad-en-aeroparque-y-parque-norte-3-768x511.jpg 768w\" sizes=\"(max-width: 1200px) 100vw, 1200px\" \/><\/a><p id=\"caption-attachment-372885\" class=\"wp-caption-text\">\u00a1A disfrutar de la Navidad en el Aeroparque Juan Pablo II y el Parque Norte! &#8211; Foto alcaldia de Medell\u00edn<\/p><\/div>\n<p class=\"p1\">En el Parque Norte, la programaci\u00f3n comienza con la Plaza de Navidad, que se\u00a0desarrollar\u00e1 el 7 y 8 de diciembre, de 3:00 p. m. a 9:00 p. m., y del 9 al 11 de\u00a0diciembre de 1:00 p. m. a 9:00 p. m. En estas fechas, los visitantes podr\u00e1n\u00a0recorrer el lugar mientras disfrutan de oferta art\u00edstica, cultural y gastron\u00f3mica.<\/p>\n<p class=\"p1\">Adem\u00e1s, las atracciones estar\u00e1n en funcionamiento desde la 1:00 p. m. para\u00a0quienes deseen adquirir brazaletes o boleter\u00eda individual.<\/p>\n<p class=\"p1\">El Aeroparque Juan Pablo II ser\u00e1 escenario para la Plaza de Navidad, que se\u00a0realizar\u00e1 del 18 al 20 de diciembre, de 5:00 p. m. a 11:00 p. m., y el 21 y 22 de\u00a0diciembre, de 2:00 p. m. a 11:00 p. m. con entrada libre en el parqueadero de la\u00a0pista multiprop\u00f3sito.<\/p>\n<div id=\"attachment_372879\" style=\"width: 1210px\" class=\"wp-caption aligncenter\"><a href=\"https:\/\/www.medellin.gov.co\/es\/wp-content\/uploads\/2024\/12\/navidad-en-aeroparque-y-parque-norte-2.jpg\" target=\"_blank\" rel=\"noopener\"><img aria-describedby=\"caption-attachment-372879\" loading=\"lazy\" class=\"wp-image-372879 size-full\" title=\"\u00a1A disfrutar de la Navidad en el Aeroparque Juan Pablo II y el Parque Norte!\" src=\"https:\/\/www.medellin.gov.co\/es\/wp-content\/uploads\/2024\/12\/navidad-en-aeroparque-y-parque-norte-2.jpg\" alt=\"\" width=\"1200\" height=\"799\" srcset=\"https:\/\/www.medellin.gov.co\/es\/wp-content\/uploads\/2024\/12\/navidad-en-aeroparque-y-parque-norte-2.jpg 1200w, https:\/\/www.medellin.gov.co\/es\/wp-content\/uploads\/2024\/12\/navidad-en-aeroparque-y-parque-norte-2-300x200.jpg 300w, https:\/\/www.medellin.gov.co\/es\/wp-content\/uploads\/2024\/12\/navidad-en-aeroparque-y-parque-norte-2-1024x682.jpg 1024w, https:\/\/www.medellin.gov.co\/es\/wp-content\/uploads\/2024\/12\/navidad-en-aeroparque-y-parque-norte-2-150x100.jpg 150w, https:\/\/www.medellin.gov.co\/es\/wp-content\/uploads\/2024\/12\/navidad-en-aeroparque-y-parque-norte-2-768x511.jpg 768w\" sizes=\"(max-width: 1200px) 100vw, 1200px\" \/><\/a><p id=\"caption-attachment-372879\" class=\"wp-caption-text\">\u00a1A disfrutar de la Navidad en el Aeroparque Juan Pablo II y el Parque Norte! &#8211; Foto alcaldia de Medell\u00edn<\/p><\/div>\n<p class=\"p1\">En este espacio, se presentar\u00e1 el musical \u201cNavidad por el mundo\u201d, un\u00a0espect\u00e1culo para toda la familia que recrea las tradiciones navide\u00f1as de 14\u00a0pa\u00edses, con bailarines, actores y cantantes. Tendr\u00e1 lugar el 18 de diciembre a\u00a0partir de las 6:00 p. m.<\/p>\n<p class=\"p1\">Adicionalmente, el 14 y 15 de diciembre, el Parque Norte ser\u00e1 el escenario de\u00a0Medell\u00edn Urbana Fest, un evento tambi\u00e9n con entrada libre, dedicado a los\u00a0amantes del arte y la m\u00fasica urbana, que incluir\u00e1 artistas, danza, <i>freestyle <\/i>y <i>dj\u00b4s.<\/i><\/p>\n<div id=\"attachment_372876\" style=\"width: 1210px\" class=\"wp-caption aligncenter\"><a href=\"https:\/\/www.medellin.gov.co\/es\/wp-content\/uploads\/2024\/12\/navidad-en-aeroparque-y-parque-norte-1.jpg\" target=\"_blank\" rel=\"noopener\"><img aria-describedby=\"caption-attachment-372876\" loading=\"lazy\" class=\"wp-image-372876 size-full\" title=\"\u00a1A disfrutar de la Navidad en el Aeroparque Juan Pablo II y el Parque Norte!\" src=\"https:\/\/www.medellin.gov.co\/es\/wp-content\/uploads\/2024\/12\/navidad-en-aeroparque-y-parque-norte-1.jpg\" alt=\"\" width=\"1200\" height=\"675\" srcset=\"https:\/\/www.medellin.gov.co\/es\/wp-content\/uploads\/2024\/12\/navidad-en-aeroparque-y-parque-norte-1.jpg 1200w, https:\/\/www.medellin.gov.co\/es\/wp-content\/uploads\/2024\/12\/navidad-en-aeroparque-y-parque-norte-1-300x169.jpg 300w, https:\/\/www.medellin.gov.co\/es\/wp-content\/uploads\/2024\/12\/navidad-en-aeroparque-y-parque-norte-1-1024x576.jpg 1024w, https:\/\/www.medellin.gov.co\/es\/wp-content\/uploads\/2024\/12\/navidad-en-aeroparque-y-parque-norte-1-150x84.jpg 150w, https:\/\/www.medellin.gov.co\/es\/wp-content\/uploads\/2024\/12\/navidad-en-aeroparque-y-parque-norte-1-768x432.jpg 768w\" sizes=\"(max-width: 1200px) 100vw, 1200px\" \/><\/a><p id=\"caption-attachment-372876\" class=\"wp-caption-text\">\u00a1A disfrutar de la Navidad en el Aeroparque Juan Pablo II y el Parque Norte! &#8211; Foto alcaldia de Medell\u00edn<\/p><\/div>\n","protected":false},"excerpt":{"rendered":"<p>La Navidad tambi\u00e9n se vive en Medell\u00edn en el Aeroparque Juan Pablo II y el\u00a0Parque Norte. En compa\u00f1\u00eda de la Secretar\u00eda de Cultura Ciudadana, en estos dos\u00a0lugares se ofrecer\u00e1n actividades con entrada libre. En el &#8230;<\/p>\n","protected":false},"author":84,"featured_media":372887,"comment_status":"open","ping_status":"open","sticky":false,"template":"","format":"standard","meta":[],"categories":[17],"tags":[451,689,455],"formato_nota":[],"programas_tax":[],"acf":[],"_links":{"self":[{"href":"https:\/\/www.medellin.gov.co\/es\/wp-json\/wp\/v2\/posts\/372871"}],"collection":[{"href":"https:\/\/www.medellin.gov.co\/es\/wp-json\/wp\/v2\/posts"}],"about":[{"href":"https:\/\/www.medellin.gov.co\/es\/wp-json\/wp\/v2\/types\/post"}],"author":[{"embeddable":true,"href":"https:\/\/www.medellin.gov.co\/es\/wp-json\/wp\/v2\/users\/84"}],"replies":[{"embeddable":true,"href":"https:\/\/www.medellin.gov.co\/es\/wp-json\/wp\/v2\/comments?post=372871"}],"version-history":[{"count":1,"href":"https:\/\/www.medellin.gov.co\/es\/wp-json\/wp\/v2\/posts\/372871\/revisions"}],"predecessor-version":[{"id":372905,"href":"https:\/\/www.medellin.gov.co\/es\/wp-json\/wp\/v2\/posts\/372871\/revisions\/372905"}],"wp:featuredmedia":[{"embeddable":true,"href":"https:\/\/www.medellin.gov.co\/es\/wp-json\/wp\/v2\/media\/372887"}],"wp:attachment":[{"href":"https:\/\/www.medellin.gov.co\/es\/wp-json\/wp\/v2\/media?parent=372871"}],"wp:term":[{"taxonomy":"category","embeddable":true,"href":"https:\/\/www.medellin.gov.co\/es\/wp-json\/wp\/v2\/categories?post=372871"},{"taxonomy":"post_tag","embeddable":true,"href":"https:\/\/www.medellin.gov.co\/es\/wp-json\/wp\/v2\/tags?post=372871"},{"taxonomy":"formato_nota","embeddable":true,"href":"https:\/\/www.medellin.gov.co\/es\/wp-json\/wp\/v2\/formato_nota?post=372871"},{"taxonomy":"programas_tax","embeddable":true,"href":"https:\/\/www.medellin.gov.co\/es\/wp-json\/wp\/v2\/programas_tax?post=372871"}],"curies":[{"name":"wp","href":"https:\/\/api.w.org\/{rel}","templated":true}]}}