{"id":373256,"date":"2024-12-09T13:01:00","date_gmt":"2024-12-09T18:01:00","guid":{"rendered":"https:\/\/www.medellin.gov.co\/es\/?p=373256"},"modified":"2024-12-09T13:01:00","modified_gmt":"2024-12-09T18:01:00","slug":"medellin-tiene-dos-nuevos-sitios-para-seguir-transformando-mas-vidas-de-mujeres-cuidadoras","status":"publish","type":"post","link":"https:\/\/www.medellin.gov.co\/es\/sala-de-prensa\/noticias\/medellin-tiene-dos-nuevos-sitios-para-seguir-transformando-mas-vidas-de-mujeres-cuidadoras\/","title":{"rendered":"Medell\u00edn tiene dos nuevos sitios para seguir transformando m\u00e1s vidas de mujeres cuidadoras"},"content":{"rendered":"<ul>\n<li class=\"p1\"><b>Este a\u00f1o, m\u00e1s de 4.000 mujeres cuidadoras han accedido a servicios <\/b><b>integrales de salud, bienestar y oportunidades econ\u00f3micas a trav\u00e9s del\u00a0<\/b><b>Sistema Distrital de Cuidados.<\/b><\/li>\n<li class=\"p1\"><b>En este cuatrienio, se proyecta abrir 21 C\u00edrculos de Cuidado para beneficiar <\/b><b>a 30.000 mujeres, con recursos por $60.000 millones.<\/b><\/li>\n<\/ul>\n<!--[if lt IE 9]><script>document.createElement('audio');<\/script><![endif]-->\n\t<div class=\"wp-playlist wp-audio-playlist wp-playlist-light\">\n\t\t\t<div class=\"wp-playlist-current-item\"><\/div>\n\t\t<audio controls=\"controls\" preload=\"none\" width=\"640\"\n\t\t\t><\/audio>\n\t<div class=\"wp-playlist-next\"><\/div>\n\t<div class=\"wp-playlist-prev\"><\/div>\n\t<noscript>\n\t<ol>\n\t\t<li><a href='https:\/\/www.medellin.gov.co\/es\/wp-content\/uploads\/2024\/12\/dos-nuevos-circulos-de-cuidado-01.mp3'>Palabras de Valeria Molina G\u00f3mez, secretaria de las Mujeres<\/a><\/li>\t<\/ol>\n\t<\/noscript>\n\t<script type=\"application\/json\" class=\"wp-playlist-script\">{\"type\":\"audio\",\"tracklist\":true,\"tracknumbers\":true,\"images\":true,\"artists\":true,\"tracks\":[{\"src\":\"https:\\\/\\\/www.medellin.gov.co\\\/es\\\/wp-content\\\/uploads\\\/2024\\\/12\\\/dos-nuevos-circulos-de-cuidado-01.mp3\",\"type\":\"audio\\\/mpeg\",\"title\":\"Palabras de Valeria Molina G\\u00f3mez, secretaria de las Mujeres\",\"caption\":\"\",\"description\":\"\\u00abPalabras de Valeria Molina G\\u00f3mez, secretaria de las Mujeres\\u00bb.\",\"meta\":{\"length_formatted\":\"0:44\"},\"image\":{\"src\":\"https:\\\/\\\/www.medellin.gov.co\\\/es\\\/wp-includes\\\/images\\\/media\\\/audio.png\",\"width\":48,\"height\":64},\"thumb\":{\"src\":\"https:\\\/\\\/www.medellin.gov.co\\\/es\\\/wp-includes\\\/images\\\/media\\\/audio.png\",\"width\":48,\"height\":64}}]}<\/script>\n<\/div>\n\t\n<p class=\"p1\">La Alcald\u00eda de Medell\u00edn abri\u00f3 dos nuevos C\u00edrculos de Cuidado en las Unidades de\u00a0Vida Articulada Sin Fronteras (Castilla) y La Imaginaci\u00f3n (Villa Hermosa). Con\u00a0esto, se busca seguir transformando la vida de las mujeres cuidadoras mediante\u00a0servicios integrales de salud, bienestar y oportunidades laborales.<\/p>\n<div id=\"attachment_373297\" style=\"width: 1210px\" class=\"wp-caption aligncenter\"><a href=\"https:\/\/www.medellin.gov.co\/es\/wp-content\/uploads\/2024\/12\/dos-nuevos-circulos-de-cuidado-2.jpg\" target=\"_blank\" rel=\"noopener\"><img aria-describedby=\"caption-attachment-373297\" loading=\"lazy\" class=\"wp-image-373297 size-full\" title=\"Medell\u00edn tiene dos nuevos sitios para seguir transformando m\u00e1s vidas de mujeres cuidadoras\" src=\"https:\/\/www.medellin.gov.co\/es\/wp-content\/uploads\/2024\/12\/dos-nuevos-circulos-de-cuidado-2.jpg\" alt=\"\" width=\"1200\" height=\"800\" srcset=\"https:\/\/www.medellin.gov.co\/es\/wp-content\/uploads\/2024\/12\/dos-nuevos-circulos-de-cuidado-2.jpg 1200w, https:\/\/www.medellin.gov.co\/es\/wp-content\/uploads\/2024\/12\/dos-nuevos-circulos-de-cuidado-2-300x200.jpg 300w, https:\/\/www.medellin.gov.co\/es\/wp-content\/uploads\/2024\/12\/dos-nuevos-circulos-de-cuidado-2-1024x683.jpg 1024w, https:\/\/www.medellin.gov.co\/es\/wp-content\/uploads\/2024\/12\/dos-nuevos-circulos-de-cuidado-2-150x100.jpg 150w, https:\/\/www.medellin.gov.co\/es\/wp-content\/uploads\/2024\/12\/dos-nuevos-circulos-de-cuidado-2-768x512.jpg 768w\" sizes=\"(max-width: 1200px) 100vw, 1200px\" \/><\/a><p id=\"caption-attachment-373297\" class=\"wp-caption-text\">Medell\u00edn tiene dos nuevos sitios para seguir transformando m\u00e1s vidas de mujeres cuidadoras &#8211; Foto alcaldia de Medell\u00edn<\/p><\/div>\n<p class=\"p1\">La apertura estuvo acompa\u00f1ada de una feria de servicios que ofreci\u00f3 atenci\u00f3n en\u00a0salud, orientaci\u00f3n psicol\u00f3gica y rutas para la autonom\u00eda econ\u00f3mica. La jornada\u00a0fue una muestra del enfoque integral del Sistema Distrital de Cuidados, que tiene\u00a0como objetivo aliviar la sobrecarga de las labores de cuidado que tradicionalmente\u00a0recaen sobre las mujeres, garantiz\u00e1ndoles acceso a derechos y mejores\u00a0condiciones de vida.<\/p>\n<p class=\"p1\">Estos espacios brindan servicios como fisioterapia, orientaci\u00f3n jur\u00eddica, salud\u00a0sexual y reproductiva, formaci\u00f3n en tecnolog\u00edas de la informaci\u00f3n y comunicaci\u00f3n,\u00a0y emprendimiento. Adem\u00e1s, incluyen actividades recreativas, pedag\u00f3gicas y de\u00a0acondicionamiento f\u00edsico, todo dise\u00f1ado para beneficiar especialmente a mujeres\u00a0en condiciones de vulnerabilidad, como madres jefas de hogar, cuidadoras de\u00a0personas dependientes y madres comunitarias.<\/p>\n\n\t\t<style type=\"text\/css\">\n\t\t\t#gallery-1 {\n\t\t\t\tmargin: auto;\n\t\t\t}\n\t\t\t#gallery-1 .gallery-item {\n\t\t\t\tfloat: left;\n\t\t\t\tmargin-top: 10px;\n\t\t\t\ttext-align: center;\n\t\t\t\twidth: 50%;\n\t\t\t}\n\t\t\t#gallery-1 img {\n\t\t\t\tborder: 2px solid #cfcfcf;\n\t\t\t}\n\t\t\t#gallery-1 .gallery-caption {\n\t\t\t\tmargin-left: 0;\n\t\t\t}\n\t\t\t\/* see gallery_shortcode() in wp-includes\/media.php *\/\n\t\t<\/style>\n\t\t<div id='gallery-1' class='gallery galleryid-373256 gallery-columns-2 gallery-size-large'><dl class='gallery-item'>\n\t\t\t<dt class='gallery-icon landscape'>\n\t\t\t\t<a href='https:\/\/www.medellin.gov.co\/es\/sala-de-prensa\/noticias\/medellin-tiene-dos-nuevos-sitios-para-seguir-transformando-mas-vidas-de-mujeres-cuidadoras\/dos-nuevos-circulos-de-cuidado-3\/'><img width=\"1024\" height=\"683\" src=\"https:\/\/www.medellin.gov.co\/es\/wp-content\/uploads\/2024\/12\/dos-nuevos-circulos-de-cuidado-3-1024x683.jpg\" class=\"attachment-large size-large\" alt=\"\" loading=\"lazy\" aria-describedby=\"gallery-1-373300\" srcset=\"https:\/\/www.medellin.gov.co\/es\/wp-content\/uploads\/2024\/12\/dos-nuevos-circulos-de-cuidado-3-1024x683.jpg 1024w, https:\/\/www.medellin.gov.co\/es\/wp-content\/uploads\/2024\/12\/dos-nuevos-circulos-de-cuidado-3-300x200.jpg 300w, https:\/\/www.medellin.gov.co\/es\/wp-content\/uploads\/2024\/12\/dos-nuevos-circulos-de-cuidado-3-150x100.jpg 150w, https:\/\/www.medellin.gov.co\/es\/wp-content\/uploads\/2024\/12\/dos-nuevos-circulos-de-cuidado-3-768x512.jpg 768w, https:\/\/www.medellin.gov.co\/es\/wp-content\/uploads\/2024\/12\/dos-nuevos-circulos-de-cuidado-3.jpg 1200w\" sizes=\"(max-width: 1024px) 100vw, 1024px\" \/><\/a>\n\t\t\t<\/dt>\n\t\t\t\t<dd class='wp-caption-text gallery-caption' id='gallery-1-373300'>\n\t\t\t\tMedell\u00edn tiene dos nuevos sitios para seguir transformando m\u00e1s vidas de mujeres cuidadoras &#8211; Foto alcaldia de Medell\u00edn\n\t\t\t\t<\/dd><\/dl><dl class='gallery-item'>\n\t\t\t<dt class='gallery-icon landscape'>\n\t\t\t\t<a href='https:\/\/www.medellin.gov.co\/es\/sala-de-prensa\/noticias\/medellin-tiene-dos-nuevos-sitios-para-seguir-transformando-mas-vidas-de-mujeres-cuidadoras\/dos-nuevos-circulos-de-cuidado-1\/'><img width=\"1024\" height=\"683\" src=\"https:\/\/www.medellin.gov.co\/es\/wp-content\/uploads\/2024\/12\/dos-nuevos-circulos-de-cuidado-1-1024x683.jpg\" class=\"attachment-large size-large\" alt=\"\" loading=\"lazy\" aria-describedby=\"gallery-1-373291\" srcset=\"https:\/\/www.medellin.gov.co\/es\/wp-content\/uploads\/2024\/12\/dos-nuevos-circulos-de-cuidado-1-1024x683.jpg 1024w, https:\/\/www.medellin.gov.co\/es\/wp-content\/uploads\/2024\/12\/dos-nuevos-circulos-de-cuidado-1-300x200.jpg 300w, https:\/\/www.medellin.gov.co\/es\/wp-content\/uploads\/2024\/12\/dos-nuevos-circulos-de-cuidado-1-150x100.jpg 150w, https:\/\/www.medellin.gov.co\/es\/wp-content\/uploads\/2024\/12\/dos-nuevos-circulos-de-cuidado-1-768x512.jpg 768w, https:\/\/www.medellin.gov.co\/es\/wp-content\/uploads\/2024\/12\/dos-nuevos-circulos-de-cuidado-1.jpg 1200w\" sizes=\"(max-width: 1024px) 100vw, 1024px\" \/><\/a>\n\t\t\t<\/dt>\n\t\t\t\t<dd class='wp-caption-text gallery-caption' id='gallery-1-373291'>\n\t\t\t\tMedell\u00edn tiene dos nuevos sitios para seguir transformando m\u00e1s vidas de mujeres cuidadoras &#8211; Foto alcaldia de Medell\u00edn\n\t\t\t\t<\/dd><\/dl><br style=\"clear: both\" \/>\n\t\t<\/div>\n\n<p class=\"p1\">Este a\u00f1o, m\u00e1s de 4.000 mujeres cuidadoras se han beneficiado de los servicios del Sistema Distrital de Cuidados, que ya cuenta con tres sedes en la ciudad. En\u00a0este cuatrienio, la meta es abrir 21 espacios similares, impactando la vida de\u00a030.000 mujeres, con un presupuesto de $60.000 millones.<\/p>\n<p class=\"p1\"><i>\u201cEstos sitios no solo alivian la carga de las cuidadoras, sino que representan una\u00a0<\/i><i>oportunidad para que accedan a servicios que les permitan mejorar su calidad de\u00a0<\/i><i>vida, ejercer plenamente sus derechos y participar en la vida econ\u00f3mica y social\u00a0<\/i><i>de la ciudad\u201d,<\/i> se\u00f1al\u00f3 la secretaria de las Mujeres, Valeria Molina G\u00f3mez.<\/p>\n","protected":false},"excerpt":{"rendered":"<p>Este a\u00f1o, m\u00e1s de 4.000 mujeres cuidadoras han accedido a servicios integrales de salud, bienestar y oportunidades econ\u00f3micas a trav\u00e9s del\u00a0Sistema Distrital de Cuidados. En este cuatrienio, se proyecta abrir 21 C\u00edrculos de Cuidado para &#8230;<\/p>\n","protected":false},"author":84,"featured_media":373303,"comment_status":"open","ping_status":"open","sticky":false,"template":"","format":"standard","meta":[],"categories":[15],"tags":[437,451,453],"formato_nota":[],"programas_tax":[],"acf":[],"_links":{"self":[{"href":"https:\/\/www.medellin.gov.co\/es\/wp-json\/wp\/v2\/posts\/373256"}],"collection":[{"href":"https:\/\/www.medellin.gov.co\/es\/wp-json\/wp\/v2\/posts"}],"about":[{"href":"https:\/\/www.medellin.gov.co\/es\/wp-json\/wp\/v2\/types\/post"}],"author":[{"embeddable":true,"href":"https:\/\/www.medellin.gov.co\/es\/wp-json\/wp\/v2\/users\/84"}],"replies":[{"embeddable":true,"href":"https:\/\/www.medellin.gov.co\/es\/wp-json\/wp\/v2\/comments?post=373256"}],"version-history":[{"count":1,"href":"https:\/\/www.medellin.gov.co\/es\/wp-json\/wp\/v2\/posts\/373256\/revisions"}],"predecessor-version":[{"id":373304,"href":"https:\/\/www.medellin.gov.co\/es\/wp-json\/wp\/v2\/posts\/373256\/revisions\/373304"}],"wp:featuredmedia":[{"embeddable":true,"href":"https:\/\/www.medellin.gov.co\/es\/wp-json\/wp\/v2\/media\/373303"}],"wp:attachment":[{"href":"https:\/\/www.medellin.gov.co\/es\/wp-json\/wp\/v2\/media?parent=373256"}],"wp:term":[{"taxonomy":"category","embeddable":true,"href":"https:\/\/www.medellin.gov.co\/es\/wp-json\/wp\/v2\/categories?post=373256"},{"taxonomy":"post_tag","embeddable":true,"href":"https:\/\/www.medellin.gov.co\/es\/wp-json\/wp\/v2\/tags?post=373256"},{"taxonomy":"formato_nota","embeddable":true,"href":"https:\/\/www.medellin.gov.co\/es\/wp-json\/wp\/v2\/formato_nota?post=373256"},{"taxonomy":"programas_tax","embeddable":true,"href":"https:\/\/www.medellin.gov.co\/es\/wp-json\/wp\/v2\/programas_tax?post=373256"}],"curies":[{"name":"wp","href":"https:\/\/api.w.org\/{rel}","templated":true}]}}