{"id":373276,"date":"2024-12-09T13:34:58","date_gmt":"2024-12-09T18:34:58","guid":{"rendered":"https:\/\/www.medellin.gov.co\/es\/?p=373276"},"modified":"2024-12-09T13:35:59","modified_gmt":"2024-12-09T18:35:59","slug":"con-alegria-y-vitalidad-rosario-y-gabriel-reciben-a-los-equipos-basicos-de-atencion-en-salud-en-medellin","status":"publish","type":"post","link":"https:\/\/www.medellin.gov.co\/es\/sala-de-prensa\/noticias\/con-alegria-y-vitalidad-rosario-y-gabriel-reciben-a-los-equipos-basicos-de-atencion-en-salud-en-medellin\/","title":{"rendered":"Con alegr\u00eda y vitalidad, Rosario y Gabriel reciben a los Equipos B\u00e1sicos de Atenci\u00f3n en Salud en Medell\u00edn"},"content":{"rendered":"<blockquote><p><em>Rosario Espinosa y Gabriel Grisales son beneficiarios de los Equipos B\u00e1sicos de Atenci\u00f3n en Salud (EBAS) de la <a href=\"https:\/\/www.medellin.gov.co\/es\/secretaria-de-salud\/\" target=\"_blank\" rel=\"noopener\">Alcald\u00eda de Medell\u00edn<\/a>, una estrategia del programa Medell\u00edn Te Quiere Saludable. Relato de un encuentro con ambiente familiar y buena energ\u00eda.<\/em><strong>\u00a0<\/strong><\/p><\/blockquote>\n<p>\u00c9l es una \u201ccaja de m\u00fasica\u201d. Hace chistes con frecuencia y tiene listas las palabras precisas para responder con agudeza a cualquier comentario. Ella a veces le contesta seria y con cari\u00f1o, pero deja ver que goza con sus ocurrencias.<\/p>\n<p><div class=\"iframe-container\"><iframe title=\"YouTube video player\" src=\"https:\/\/www.youtube.com\/embed\/w2Goz69VqM8?si=6gMEN6SIeYVDTH9f\" width=\"100%\" height=\"350\" frameborder=\"0\" allowfullscreen=\"allowfullscreen\"><\/iframe><\/div>Gabriel Grisales, su nieta, Nataly Grisales, y su esposa, Rosario Espinosa, beneficiarios de los Equipos B\u00e1sicos de Atenci\u00f3n en Salud (EBAS) de la Alcald\u00eda de Medell\u00edn.<\/p>\n<p><em>\u201cSoy un tipo cr\u00faspido, furrundang\u00f3n Soy una persona iconoclasta\u201d,<\/em> dice el se\u00f1or. <em>\u201cAh\u00ed ve\u201d,<\/em> apunta su esposa. <em>\u201cC\u00f3nspito, chirapotudo. Uno a veces se pone que no sabe qu\u00e9 hacer y otras veces, tampoco\u201d,<\/em> a\u00f1ade \u00e9l.<\/p>\n<p>En buena medida, esa conexi\u00f3n entre los dos explica que lleven 37 a\u00f1os casados y que hayan superado las dificultades. Resilientes. Es el concepto en el que enfatiza Yecenia L\u00f3pez, psic\u00f3loga de los Equipos B\u00e1sicos de Atenci\u00f3n en Salud (EBAS) de la Alcald\u00eda de Medell\u00edn, para describirlos.<\/p>\n<p>Rosario Espinosa Herrera y Gabriel \u00c1ngel Grisales Pel\u00e1ez tienen 67 a\u00f1os, viven en el barrio La Campi\u00f1a de la comuna siete (Robledo), noroccidente de la ciudad, y son beneficiarios de los EBAS, una de las estrategias del programa Medell\u00edn Te Quiere Saludable de la Alcald\u00eda, en la que se les brinda atenci\u00f3n primaria a las familias en sus casas.<\/p>\n<div id=\"attachment_373323\" style=\"width: 1034px\" class=\"wp-caption alignnone\"><a href=\"https:\/\/www.medellin.gov.co\/es\/wp-content\/uploads\/2024\/12\/SALA.jpg\" target=\"_blank\" rel=\"noopener\"><img aria-describedby=\"caption-attachment-373323\" loading=\"lazy\" class=\"wp-image-373323 size-large\" src=\"https:\/\/www.medellin.gov.co\/es\/wp-content\/uploads\/2024\/12\/SALA-1024x768.jpg\" alt=\"\" width=\"1024\" height=\"768\" srcset=\"https:\/\/www.medellin.gov.co\/es\/wp-content\/uploads\/2024\/12\/SALA-1024x768.jpg 1024w, https:\/\/www.medellin.gov.co\/es\/wp-content\/uploads\/2024\/12\/SALA-300x225.jpg 300w, https:\/\/www.medellin.gov.co\/es\/wp-content\/uploads\/2024\/12\/SALA-150x113.jpg 150w, https:\/\/www.medellin.gov.co\/es\/wp-content\/uploads\/2024\/12\/SALA-768x576.jpg 768w, https:\/\/www.medellin.gov.co\/es\/wp-content\/uploads\/2024\/12\/SALA.jpg 1133w\" sizes=\"(max-width: 1024px) 100vw, 1024px\" \/><\/a><p id=\"caption-attachment-373323\" class=\"wp-caption-text\">Rosario y Gabriel, en la sala de su casa, conversando con la psic\u00f3loga Yecenia L\u00f3pez.<\/p><\/div>\n<p>Los equipos cuentan con profesionales en psicolog\u00eda, enfermer\u00eda, nutrici\u00f3n, medio ambiente, higiene oral y trabajo social. En la ciudad funcionan desde 2018, cuando transcurr\u00eda la primera administraci\u00f3n del alcalde, Federico Guti\u00e9rrez Zuluaga, y visitan todas las comunas y corregimientos. Analizan los entornos del hogar, comunitario, educativo y laboral y apoyan la gesti\u00f3n del riesgo en salud. Tambi\u00e9n conectan a las familias con las Entidades Promotoras de Salud (EPS).<\/p>\n<p><strong>Desde el Eje Cafetero<\/strong><\/p>\n<p>Rosario y Gabriel \u00c1ngel viven con su nieta, Nataly Grisales P\u00e9rez, de 16 a\u00f1os. Ambos son jubilados. Rosario es de Medell\u00edn. Trabaj\u00f3 como auxiliar contable y en departamentos de personal.<\/p>\n<div id=\"attachment_373308\" style=\"width: 1034px\" class=\"wp-caption alignnone\"><a href=\"https:\/\/www.medellin.gov.co\/es\/wp-content\/uploads\/2024\/12\/AFUERA.jpg\" target=\"_blank\" rel=\"noopener\"><img aria-describedby=\"caption-attachment-373308\" loading=\"lazy\" class=\"wp-image-373308 size-large\" src=\"https:\/\/www.medellin.gov.co\/es\/wp-content\/uploads\/2024\/12\/AFUERA-1024x768.jpg\" alt=\"\" width=\"1024\" height=\"768\" srcset=\"https:\/\/www.medellin.gov.co\/es\/wp-content\/uploads\/2024\/12\/AFUERA-1024x768.jpg 1024w, https:\/\/www.medellin.gov.co\/es\/wp-content\/uploads\/2024\/12\/AFUERA-300x225.jpg 300w, https:\/\/www.medellin.gov.co\/es\/wp-content\/uploads\/2024\/12\/AFUERA-150x113.jpg 150w, https:\/\/www.medellin.gov.co\/es\/wp-content\/uploads\/2024\/12\/AFUERA-768x576.jpg 768w, https:\/\/www.medellin.gov.co\/es\/wp-content\/uploads\/2024\/12\/AFUERA.jpg 1133w\" sizes=\"(max-width: 1024px) 100vw, 1024px\" \/><\/a><p id=\"caption-attachment-373308\" class=\"wp-caption-text\">Rosario y Gabriel \u00c1ngel viven con su nieta Nataly.<\/p><\/div>\n<p>Gabriel \u00c1ngel, por su parte, es de Riosucio, Caldas, y lleva 40 a\u00f1os en la capital antioque\u00f1a. En su vida laboral se desempe\u00f1\u00f3 como asesor comercial. <em>\u201cFui andariego, cogedor de caf\u00e9, me anduve pueblos del Eje Cafetero, trabaj\u00e9 en Cali\u201d,<\/em> recuerda.<\/p>\n\n\t\t<style type=\"text\/css\">\n\t\t\t#gallery-1 {\n\t\t\t\tmargin: auto;\n\t\t\t}\n\t\t\t#gallery-1 .gallery-item {\n\t\t\t\tfloat: left;\n\t\t\t\tmargin-top: 10px;\n\t\t\t\ttext-align: center;\n\t\t\t\twidth: 50%;\n\t\t\t}\n\t\t\t#gallery-1 img {\n\t\t\t\tborder: 2px solid #cfcfcf;\n\t\t\t}\n\t\t\t#gallery-1 .gallery-caption {\n\t\t\t\tmargin-left: 0;\n\t\t\t}\n\t\t\t\/* see gallery_shortcode() in wp-includes\/media.php *\/\n\t\t<\/style>\n\t\t<div id='gallery-1' class='gallery galleryid-373276 gallery-columns-2 gallery-size-large'><dl class='gallery-item'>\n\t\t\t<dt class='gallery-icon landscape'>\n\t\t\t\t<a href='https:\/\/www.medellin.gov.co\/es\/sala-de-prensa\/noticias\/con-alegria-y-vitalidad-rosario-y-gabriel-reciben-a-los-equipos-basicos-de-atencion-en-salud-en-medellin\/gabriel\/'><img width=\"1024\" height=\"768\" src=\"https:\/\/www.medellin.gov.co\/es\/wp-content\/uploads\/2024\/12\/GABRIEL-1024x768.jpg\" class=\"attachment-large size-large\" alt=\"\" loading=\"lazy\" srcset=\"https:\/\/www.medellin.gov.co\/es\/wp-content\/uploads\/2024\/12\/GABRIEL-1024x768.jpg 1024w, https:\/\/www.medellin.gov.co\/es\/wp-content\/uploads\/2024\/12\/GABRIEL-300x225.jpg 300w, https:\/\/www.medellin.gov.co\/es\/wp-content\/uploads\/2024\/12\/GABRIEL-150x113.jpg 150w, https:\/\/www.medellin.gov.co\/es\/wp-content\/uploads\/2024\/12\/GABRIEL-768x576.jpg 768w, https:\/\/www.medellin.gov.co\/es\/wp-content\/uploads\/2024\/12\/GABRIEL.jpg 1133w\" sizes=\"(max-width: 1024px) 100vw, 1024px\" \/><\/a>\n\t\t\t<\/dt><\/dl><dl class='gallery-item'>\n\t\t\t<dt class='gallery-icon landscape'>\n\t\t\t\t<a href='https:\/\/www.medellin.gov.co\/es\/sala-de-prensa\/noticias\/con-alegria-y-vitalidad-rosario-y-gabriel-reciben-a-los-equipos-basicos-de-atencion-en-salud-en-medellin\/nieta\/'><img width=\"1024\" height=\"768\" src=\"https:\/\/www.medellin.gov.co\/es\/wp-content\/uploads\/2024\/12\/NIETA-1024x768.jpg\" class=\"attachment-large size-large\" alt=\"\" loading=\"lazy\" srcset=\"https:\/\/www.medellin.gov.co\/es\/wp-content\/uploads\/2024\/12\/NIETA-1024x768.jpg 1024w, https:\/\/www.medellin.gov.co\/es\/wp-content\/uploads\/2024\/12\/NIETA-300x225.jpg 300w, https:\/\/www.medellin.gov.co\/es\/wp-content\/uploads\/2024\/12\/NIETA-150x113.jpg 150w, https:\/\/www.medellin.gov.co\/es\/wp-content\/uploads\/2024\/12\/NIETA-768x576.jpg 768w, https:\/\/www.medellin.gov.co\/es\/wp-content\/uploads\/2024\/12\/NIETA.jpg 1133w\" sizes=\"(max-width: 1024px) 100vw, 1024px\" \/><\/a>\n\t\t\t<\/dt><\/dl><br style=\"clear: both\" \/>\n\t\t<\/div>\n\n<h6>Gabriel \u00c1ngel Grisales es de Riosucio, Caldas. En estas fotos aparece con la psic\u00f3loga Yecenia L\u00f3pez y con su nieta, Nataly Grisales.<\/h6>\n<p>Lleg\u00f3 a Medell\u00edn, donde viv\u00eda un hermano suyo. En esta ciudad se conoci\u00f3 con Rosario en un dep\u00f3sito de materiales de construcci\u00f3n en el que ambos trabajaron. Tienen un hijo, Gabriel Jaime, de 35 a\u00f1os. Y, aparte, Gabriel \u00c1ngel tiene otro hijo de 45 a\u00f1os.<\/p>\n<div id=\"attachment_373321\" style=\"width: 1034px\" class=\"wp-caption alignnone\"><a href=\"https:\/\/www.medellin.gov.co\/es\/wp-content\/uploads\/2024\/12\/PESEBRE.jpg\" target=\"_blank\" rel=\"noopener\"><img aria-describedby=\"caption-attachment-373321\" loading=\"lazy\" class=\"wp-image-373321 size-large\" src=\"https:\/\/www.medellin.gov.co\/es\/wp-content\/uploads\/2024\/12\/PESEBRE-1024x768.jpg\" alt=\"\" width=\"1024\" height=\"768\" srcset=\"https:\/\/www.medellin.gov.co\/es\/wp-content\/uploads\/2024\/12\/PESEBRE-1024x768.jpg 1024w, https:\/\/www.medellin.gov.co\/es\/wp-content\/uploads\/2024\/12\/PESEBRE-300x225.jpg 300w, https:\/\/www.medellin.gov.co\/es\/wp-content\/uploads\/2024\/12\/PESEBRE-150x113.jpg 150w, https:\/\/www.medellin.gov.co\/es\/wp-content\/uploads\/2024\/12\/PESEBRE-768x576.jpg 768w, https:\/\/www.medellin.gov.co\/es\/wp-content\/uploads\/2024\/12\/PESEBRE.jpg 1133w\" sizes=\"(max-width: 1024px) 100vw, 1024px\" \/><\/a><p id=\"caption-attachment-373321\" class=\"wp-caption-text\">Rosario Espinosa muestra el pesebre de su casa.<\/p><\/div>\n<p>En 1991 Gabriel \u00c1ngel sufri\u00f3 un accidente que marc\u00f3 su vida. Fue un viernes, a eso de las 10:00 p. m. Estaba en el barrio Buenos Aires y de all\u00e1 sali\u00f3 en moto hacia su casa. En la avenida 80, cerca de la <a href=\"https:\/\/minas.medellin.unal.edu.co\/\" target=\"_blank\" rel=\"noopener\">Facultad de Minas de la Universidad Nacional<\/a>, choc\u00f3 contra un bus. Se rompi\u00f3 la tibia y el peron\u00e9 y tuvo graves afectaciones en el lado izquierdo de su cuerpo, al punto de que solo pudo volver a trabajar tres a\u00f1os despu\u00e9s.<\/p>\n<p>En esta tarde lluviosa, en la entrevista, Rosario cuenta que viv\u00edan en el barrio La Cuchilla, zona en la que luego fue la construcci\u00f3n de la v\u00eda que conecta a la 80 con el T\u00fanel de Occidente. La casa estuvo entre los predios que fueron comprados para la obra. Por eso, desde hace 14 a\u00f1os, este par de esposos residen en La Campi\u00f1a. <em>\u201cFue un cambio total de vida\u201d,<\/em> afirma la se\u00f1ora.<\/p>\n<div id=\"attachment_373307\" style=\"width: 1034px\" class=\"wp-caption alignnone\"><a href=\"https:\/\/www.medellin.gov.co\/es\/wp-content\/uploads\/2024\/12\/ABUELOS.jpg\" target=\"_blank\" rel=\"noopener\"><img aria-describedby=\"caption-attachment-373307\" loading=\"lazy\" class=\"wp-image-373307 size-large\" src=\"https:\/\/www.medellin.gov.co\/es\/wp-content\/uploads\/2024\/12\/ABUELOS-1024x768.jpg\" alt=\"\" width=\"1024\" height=\"768\" srcset=\"https:\/\/www.medellin.gov.co\/es\/wp-content\/uploads\/2024\/12\/ABUELOS-1024x768.jpg 1024w, https:\/\/www.medellin.gov.co\/es\/wp-content\/uploads\/2024\/12\/ABUELOS-300x225.jpg 300w, https:\/\/www.medellin.gov.co\/es\/wp-content\/uploads\/2024\/12\/ABUELOS-150x113.jpg 150w, https:\/\/www.medellin.gov.co\/es\/wp-content\/uploads\/2024\/12\/ABUELOS-768x576.jpg 768w, https:\/\/www.medellin.gov.co\/es\/wp-content\/uploads\/2024\/12\/ABUELOS.jpg 1133w\" sizes=\"(max-width: 1024px) 100vw, 1024px\" \/><\/a><p id=\"caption-attachment-373307\" class=\"wp-caption-text\">Rosario y Gabriel \u00c1ngel con su nieta Nataly.<\/p><\/div>\n<p><strong>Testimonios<\/strong><\/p>\n<p>En otro barrio, a la casa de una familia ind\u00edgena llegaron N\u00e9stor David Ter\u00e1n Ortega, nutricionista, y Alex\u00e1nder Bacca, profesional en ciencia pol\u00edtica, miembros de otro Equipo B\u00e1sico de Atenci\u00f3n en Salud, y Rosa Carde\u00f1a, psic\u00f3loga del grupo de Enfoque \u00c9tnico de la <a href=\"https:\/\/www.medellin.gov.co\/es\/secretaria-de-salud\/\" target=\"_blank\" rel=\"noopener\">Secretar\u00eda de Salud<\/a>.<\/p>\n<p>N\u00e9stor explic\u00f3 que en su labor pesa y mide a ni\u00f1os y adolescentes entre los 2 y los 18 a\u00f1os para saber si alguno tiene desnutrici\u00f3n u obesidad. Tambi\u00e9n da indicaciones para una adecuada nutrici\u00f3n. All\u00ed, entre otros temas, estos profesionales les hablaron a los beneficiarios sobre aseguramiento en salud y gesti\u00f3n de citas m\u00e9dicas.<\/p>\n<p>Al igual que la familia ind\u00edgena, la de Rosario y Gabriel \u00c1ngel recibi\u00f3 una visita previa del EBAS. Con ellos el proceso empez\u00f3 en noviembre de 2024 con la caracterizaci\u00f3n. <em>\u201cNos miraron c\u00f3mo est\u00e1bamos de salud. Eso nunca se hab\u00eda hecho\u201d, <\/em>dice la se\u00f1ora.<\/p>\n<div id=\"attachment_373325\" style=\"width: 1034px\" class=\"wp-caption alignnone\"><a href=\"https:\/\/www.medellin.gov.co\/es\/wp-content\/uploads\/2024\/12\/TRES.jpg\" target=\"_blank\" rel=\"noopener\"><img aria-describedby=\"caption-attachment-373325\" loading=\"lazy\" class=\"wp-image-373325 size-large\" src=\"https:\/\/www.medellin.gov.co\/es\/wp-content\/uploads\/2024\/12\/TRES-1024x768.jpg\" alt=\"\" width=\"1024\" height=\"768\" srcset=\"https:\/\/www.medellin.gov.co\/es\/wp-content\/uploads\/2024\/12\/TRES-1024x768.jpg 1024w, https:\/\/www.medellin.gov.co\/es\/wp-content\/uploads\/2024\/12\/TRES-300x225.jpg 300w, https:\/\/www.medellin.gov.co\/es\/wp-content\/uploads\/2024\/12\/TRES-150x113.jpg 150w, https:\/\/www.medellin.gov.co\/es\/wp-content\/uploads\/2024\/12\/TRES-768x576.jpg 768w, https:\/\/www.medellin.gov.co\/es\/wp-content\/uploads\/2024\/12\/TRES.jpg 1133w\" sizes=\"(max-width: 1024px) 100vw, 1024px\" \/><\/a><p id=\"caption-attachment-373325\" class=\"wp-caption-text\">Rosario y Gabriel, en la sala de su casa, conversando con la psic\u00f3loga Yecenia L\u00f3pez.<\/p><\/div>\n<p>Cuando es necesario, los integrantes de los EBAS remiten a los beneficiarios a otros programas o instituciones para que se les presten determinados servicios.<\/p>\n<p>Rosario valora especialmente la atenci\u00f3n psicol\u00f3gica: <em>\u201cS\u00ed se necesita de esa ayuda; hay tantas cosas que uno aprende\u201d. <\/em>Y Gabriel \u00c1ngel agrega: <em>\u201cUno suele hablar con gente del com\u00fan; es bueno conversar con estos profesionales. Es primera vez en la vida que tengo una parlada, una conversada con una psic\u00f3loga. Eso me induce a ser m\u00e1s positivo de lo que soy\u201d.<\/em><em>\u00a0<\/em><\/p>\n<div id=\"attachment_373311\" style=\"width: 1034px\" class=\"wp-caption alignnone\"><a href=\"https:\/\/www.medellin.gov.co\/es\/wp-content\/uploads\/2024\/12\/ATENCION.jpg\" target=\"_blank\" rel=\"noopener\"><img aria-describedby=\"caption-attachment-373311\" loading=\"lazy\" class=\"wp-image-373311 size-large\" src=\"https:\/\/www.medellin.gov.co\/es\/wp-content\/uploads\/2024\/12\/ATENCION-1024x768.jpg\" alt=\"\" width=\"1024\" height=\"768\" srcset=\"https:\/\/www.medellin.gov.co\/es\/wp-content\/uploads\/2024\/12\/ATENCION-1024x768.jpg 1024w, https:\/\/www.medellin.gov.co\/es\/wp-content\/uploads\/2024\/12\/ATENCION-300x225.jpg 300w, https:\/\/www.medellin.gov.co\/es\/wp-content\/uploads\/2024\/12\/ATENCION-150x113.jpg 150w, https:\/\/www.medellin.gov.co\/es\/wp-content\/uploads\/2024\/12\/ATENCION-768x576.jpg 768w, https:\/\/www.medellin.gov.co\/es\/wp-content\/uploads\/2024\/12\/ATENCION.jpg 1133w\" sizes=\"(max-width: 1024px) 100vw, 1024px\" \/><\/a><p id=\"caption-attachment-373311\" class=\"wp-caption-text\">La psic\u00f3loga Yecenia L\u00f3pez, de la Secretar\u00eda de Salud, tomando nota sobre su conversaci\u00f3n con Rosario Espinosa.<\/p><\/div>\n<p>Esta familia terminar\u00eda su proceso con el EBAS este a\u00f1o. Esperamos que los pr\u00f3ximos encuentros de los profesionales de la <a href=\"https:\/\/www.medellin.gov.co\/es\/secretaria-de-salud\/\" target=\"_blank\" rel=\"noopener\">Secretar\u00eda de Salud de Medell\u00edn<\/a> con ellos sean como este, con los apuntes jocosos de Gabriel \u00c1ngel y la buena energ\u00eda propia de su hogar.<\/p>\n","protected":false},"excerpt":{"rendered":"<p>Rosario Espinosa y Gabriel Grisales son beneficiarios de los Equipos B\u00e1sicos de Atenci\u00f3n en Salud (EBAS) de la Alcald\u00eda de Medell\u00edn, una estrategia del programa Medell\u00edn Te Quiere Saludable. Relato de un encuentro con ambiente &#8230;<\/p>\n","protected":false},"author":17,"featured_media":373313,"comment_status":"open","ping_status":"open","sticky":false,"template":"","format":"standard","meta":[],"categories":[18],"tags":[452],"formato_nota":[],"programas_tax":[],"acf":[],"_links":{"self":[{"href":"https:\/\/www.medellin.gov.co\/es\/wp-json\/wp\/v2\/posts\/373276"}],"collection":[{"href":"https:\/\/www.medellin.gov.co\/es\/wp-json\/wp\/v2\/posts"}],"about":[{"href":"https:\/\/www.medellin.gov.co\/es\/wp-json\/wp\/v2\/types\/post"}],"author":[{"embeddable":true,"href":"https:\/\/www.medellin.gov.co\/es\/wp-json\/wp\/v2\/users\/17"}],"replies":[{"embeddable":true,"href":"https:\/\/www.medellin.gov.co\/es\/wp-json\/wp\/v2\/comments?post=373276"}],"version-history":[{"count":1,"href":"https:\/\/www.medellin.gov.co\/es\/wp-json\/wp\/v2\/posts\/373276\/revisions"}],"predecessor-version":[{"id":373327,"href":"https:\/\/www.medellin.gov.co\/es\/wp-json\/wp\/v2\/posts\/373276\/revisions\/373327"}],"wp:featuredmedia":[{"embeddable":true,"href":"https:\/\/www.medellin.gov.co\/es\/wp-json\/wp\/v2\/media\/373313"}],"wp:attachment":[{"href":"https:\/\/www.medellin.gov.co\/es\/wp-json\/wp\/v2\/media?parent=373276"}],"wp:term":[{"taxonomy":"category","embeddable":true,"href":"https:\/\/www.medellin.gov.co\/es\/wp-json\/wp\/v2\/categories?post=373276"},{"taxonomy":"post_tag","embeddable":true,"href":"https:\/\/www.medellin.gov.co\/es\/wp-json\/wp\/v2\/tags?post=373276"},{"taxonomy":"formato_nota","embeddable":true,"href":"https:\/\/www.medellin.gov.co\/es\/wp-json\/wp\/v2\/formato_nota?post=373276"},{"taxonomy":"programas_tax","embeddable":true,"href":"https:\/\/www.medellin.gov.co\/es\/wp-json\/wp\/v2\/programas_tax?post=373276"}],"curies":[{"name":"wp","href":"https:\/\/api.w.org\/{rel}","templated":true}]}}