{"id":373497,"date":"2024-12-09T18:17:36","date_gmt":"2024-12-09T23:17:36","guid":{"rendered":"https:\/\/www.medellin.gov.co\/es\/?p=373497"},"modified":"2024-12-09T18:17:36","modified_gmt":"2024-12-09T23:17:36","slug":"medellin-restaura-el-cerro-loma-hermosa-en-la-comuna-san-javier-tras-el-impacto-de-acciones-ilegales","status":"publish","type":"post","link":"https:\/\/www.medellin.gov.co\/es\/sala-de-prensa\/noticias\/medellin-restaura-el-cerro-loma-hermosa-en-la-comuna-san-javier-tras-el-impacto-de-acciones-ilegales\/","title":{"rendered":"Medell\u00edn restaura el cerro Loma Hermosa, en la comuna San Javier, tras el impacto de acciones ilegales"},"content":{"rendered":"<!--[if lt IE 9]><script>document.createElement('audio');<\/script><![endif]-->\n\t<div class=\"wp-playlist wp-audio-playlist wp-playlist-light\">\n\t\t\t<div class=\"wp-playlist-current-item\"><\/div>\n\t\t<audio controls=\"controls\" preload=\"none\" width=\"640\"\n\t\t\t><\/audio>\n\t<div class=\"wp-playlist-next\"><\/div>\n\t<div class=\"wp-playlist-prev\"><\/div>\n\t<noscript>\n\t<ol>\n\t\t<li><a href='https:\/\/www.medellin.gov.co\/es\/wp-content\/uploads\/2024\/12\/cerro-loma-hermosa-01.mp3'>Palabras de Esteban Jaramillo, subsecretario de Recursos Naturales<\/a><\/li>\t<\/ol>\n\t<\/noscript>\n\t<script type=\"application\/json\" class=\"wp-playlist-script\">{\"type\":\"audio\",\"tracklist\":true,\"tracknumbers\":true,\"images\":true,\"artists\":true,\"tracks\":[{\"src\":\"https:\\\/\\\/www.medellin.gov.co\\\/es\\\/wp-content\\\/uploads\\\/2024\\\/12\\\/cerro-loma-hermosa-01.mp3\",\"type\":\"audio\\\/mpeg\",\"title\":\"Palabras de Esteban Jaramillo, subsecretario de Recursos Naturales\",\"caption\":\"\",\"description\":\"\\u00abPalabras de Esteban Jaramillo, subsecretario de Recursos Naturales\\u00bb.\",\"meta\":{\"length_formatted\":\"1:02\"},\"image\":{\"src\":\"https:\\\/\\\/www.medellin.gov.co\\\/es\\\/wp-includes\\\/images\\\/media\\\/audio.png\",\"width\":48,\"height\":64},\"thumb\":{\"src\":\"https:\\\/\\\/www.medellin.gov.co\\\/es\\\/wp-includes\\\/images\\\/media\\\/audio.png\",\"width\":48,\"height\":64}}]}<\/script>\n<\/div>\n\t\n<p class=\"p1\">En una acci\u00f3n conjunta que lider\u00f3 la comunidad y que cont\u00f3 con el apoyo del\u00a0Distrito, el cerro Loma Hermosa, en la comuna 13-San Javier, comienza su proceso de restauraci\u00f3n ecol\u00f3gica. Este espacio hab\u00eda sido afectado por una\u00a0intervenci\u00f3n ilegal en la que hubo tala de \u00e1rboles, vertimientos sobre cauces y\u00a0afectaci\u00f3n del suelo, con la excusa de abrir una v\u00eda no autorizada, lo que gener\u00f3\u00a0un impacto ambiental en un \u00e1rea de m\u00e1s de 2.300 metros cuadrados, que\u00a0equivalen a nueve canchas de tenis.<\/p>\n\n\t\t<style type=\"text\/css\">\n\t\t\t#gallery-1 {\n\t\t\t\tmargin: auto;\n\t\t\t}\n\t\t\t#gallery-1 .gallery-item {\n\t\t\t\tfloat: left;\n\t\t\t\tmargin-top: 10px;\n\t\t\t\ttext-align: center;\n\t\t\t\twidth: 50%;\n\t\t\t}\n\t\t\t#gallery-1 img {\n\t\t\t\tborder: 2px solid #cfcfcf;\n\t\t\t}\n\t\t\t#gallery-1 .gallery-caption {\n\t\t\t\tmargin-left: 0;\n\t\t\t}\n\t\t\t\/* see gallery_shortcode() in wp-includes\/media.php *\/\n\t\t<\/style>\n\t\t<div id='gallery-1' class='gallery galleryid-373497 gallery-columns-2 gallery-size-large'><dl class='gallery-item'>\n\t\t\t<dt class='gallery-icon landscape'>\n\t\t\t\t<a href='https:\/\/www.medellin.gov.co\/es\/sala-de-prensa\/noticias\/medellin-restaura-el-cerro-loma-hermosa-en-la-comuna-san-javier-tras-el-impacto-de-acciones-ilegales\/cerro-loma-hermosa-2\/'><img width=\"1024\" height=\"855\" src=\"https:\/\/www.medellin.gov.co\/es\/wp-content\/uploads\/2024\/12\/cerro-loma-hermosa-2-1024x855.jpg\" class=\"attachment-large size-large\" alt=\"\" loading=\"lazy\" aria-describedby=\"gallery-1-373503\" srcset=\"https:\/\/www.medellin.gov.co\/es\/wp-content\/uploads\/2024\/12\/cerro-loma-hermosa-2-1024x855.jpg 1024w, https:\/\/www.medellin.gov.co\/es\/wp-content\/uploads\/2024\/12\/cerro-loma-hermosa-2-300x250.jpg 300w, https:\/\/www.medellin.gov.co\/es\/wp-content\/uploads\/2024\/12\/cerro-loma-hermosa-2-150x125.jpg 150w, https:\/\/www.medellin.gov.co\/es\/wp-content\/uploads\/2024\/12\/cerro-loma-hermosa-2-768x641.jpg 768w, https:\/\/www.medellin.gov.co\/es\/wp-content\/uploads\/2024\/12\/cerro-loma-hermosa-2.jpg 1078w\" sizes=\"(max-width: 1024px) 100vw, 1024px\" \/><\/a>\n\t\t\t<\/dt>\n\t\t\t\t<dd class='wp-caption-text gallery-caption' id='gallery-1-373503'>\n\t\t\t\tMedell\u00edn restaura el cerro Loma Hermosa, en la comuna San Javier, tras el impacto de acciones ilegales &#8211; Foto alcald\u00eda de Medell\u00edn\n\t\t\t\t<\/dd><\/dl><dl class='gallery-item'>\n\t\t\t<dt class='gallery-icon landscape'>\n\t\t\t\t<a href='https:\/\/www.medellin.gov.co\/es\/sala-de-prensa\/noticias\/medellin-restaura-el-cerro-loma-hermosa-en-la-comuna-san-javier-tras-el-impacto-de-acciones-ilegales\/cerro-loma-hermosa-4\/'><img width=\"1011\" height=\"900\" src=\"https:\/\/www.medellin.gov.co\/es\/wp-content\/uploads\/2024\/12\/cerro-loma-hermosa-4.jpg\" class=\"attachment-large size-large\" alt=\"\" loading=\"lazy\" aria-describedby=\"gallery-1-373505\" srcset=\"https:\/\/www.medellin.gov.co\/es\/wp-content\/uploads\/2024\/12\/cerro-loma-hermosa-4.jpg 1011w, https:\/\/www.medellin.gov.co\/es\/wp-content\/uploads\/2024\/12\/cerro-loma-hermosa-4-300x267.jpg 300w, https:\/\/www.medellin.gov.co\/es\/wp-content\/uploads\/2024\/12\/cerro-loma-hermosa-4-150x134.jpg 150w, https:\/\/www.medellin.gov.co\/es\/wp-content\/uploads\/2024\/12\/cerro-loma-hermosa-4-768x684.jpg 768w\" sizes=\"(max-width: 1011px) 100vw, 1011px\" \/><\/a>\n\t\t\t<\/dt>\n\t\t\t\t<dd class='wp-caption-text gallery-caption' id='gallery-1-373505'>\n\t\t\t\tMedell\u00edn restaura el cerro Loma Hermosa, en la comuna San Javier, tras el impacto de acciones ilegales &#8211; Foto alcald\u00eda de Medell\u00edn\n\t\t\t\t<\/dd><\/dl><br style=\"clear: both\" \/>\n\t\t<\/div>\n\n<p class=\"p1\">Como respuesta a esta problem\u00e1tica se hizo una \u2018sembrat\u00f3n\u2019 en la que\u00a0participaron 100 habitantes del sector y se plantaron m\u00e1s de 200 \u00e1rboles nativos.<\/p>\n<p class=\"p1\">Adem\u00e1s, la Administraci\u00f3n Distrital ofreci\u00f3 asesor\u00eda t\u00e9cnica para preservar este\u00a0ecosistema.<\/p>\n<p class=\"p1\">\u201c<i>Estamos sembrando m\u00e1s de 200 \u00e1rboles nativos en este trayecto con la\u00a0<\/i><i>participaci\u00f3n de la gente quienes tiene una apropiaci\u00f3n muy bella por este cerro,\u00a0<\/i><i>que lo quieren, lo cuidan y quieren convertirlo de nuevo en un espacio para la\u00a0<\/i><i>fauna, la flora y el disfrute de la comunidad<\/i>\u201d, manifest\u00f3 el subsecretario de\u00a0Recursos Naturales, Esteban Jaramillo.<\/p>\n\n\t\t<style type=\"text\/css\">\n\t\t\t#gallery-2 {\n\t\t\t\tmargin: auto;\n\t\t\t}\n\t\t\t#gallery-2 .gallery-item {\n\t\t\t\tfloat: left;\n\t\t\t\tmargin-top: 10px;\n\t\t\t\ttext-align: center;\n\t\t\t\twidth: 50%;\n\t\t\t}\n\t\t\t#gallery-2 img {\n\t\t\t\tborder: 2px solid #cfcfcf;\n\t\t\t}\n\t\t\t#gallery-2 .gallery-caption {\n\t\t\t\tmargin-left: 0;\n\t\t\t}\n\t\t\t\/* see gallery_shortcode() in wp-includes\/media.php *\/\n\t\t<\/style>\n\t\t<div id='gallery-2' class='gallery galleryid-373497 gallery-columns-2 gallery-size-large'><dl class='gallery-item'>\n\t\t\t<dt class='gallery-icon landscape'>\n\t\t\t\t<a href='https:\/\/www.medellin.gov.co\/es\/sala-de-prensa\/noticias\/medellin-restaura-el-cerro-loma-hermosa-en-la-comuna-san-javier-tras-el-impacto-de-acciones-ilegales\/cerro-loma-hermosa-5\/'><img width=\"1024\" height=\"778\" src=\"https:\/\/www.medellin.gov.co\/es\/wp-content\/uploads\/2024\/12\/cerro-loma-hermosa-5-1024x778.jpg\" class=\"attachment-large size-large\" alt=\"\" loading=\"lazy\" aria-describedby=\"gallery-2-373507\" srcset=\"https:\/\/www.medellin.gov.co\/es\/wp-content\/uploads\/2024\/12\/cerro-loma-hermosa-5-1024x778.jpg 1024w, https:\/\/www.medellin.gov.co\/es\/wp-content\/uploads\/2024\/12\/cerro-loma-hermosa-5-300x228.jpg 300w, https:\/\/www.medellin.gov.co\/es\/wp-content\/uploads\/2024\/12\/cerro-loma-hermosa-5-150x114.jpg 150w, https:\/\/www.medellin.gov.co\/es\/wp-content\/uploads\/2024\/12\/cerro-loma-hermosa-5-768x584.jpg 768w, https:\/\/www.medellin.gov.co\/es\/wp-content\/uploads\/2024\/12\/cerro-loma-hermosa-5.jpg 1184w\" sizes=\"(max-width: 1024px) 100vw, 1024px\" \/><\/a>\n\t\t\t<\/dt>\n\t\t\t\t<dd class='wp-caption-text gallery-caption' id='gallery-2-373507'>\n\t\t\t\tMedell\u00edn restaura el cerro Loma Hermosa, en la comuna San Javier, tras el impacto de acciones ilegales &#8211; Foto alcald\u00eda de Medell\u00edn\n\t\t\t\t<\/dd><\/dl><dl class='gallery-item'>\n\t\t\t<dt class='gallery-icon landscape'>\n\t\t\t\t<a href='https:\/\/www.medellin.gov.co\/es\/sala-de-prensa\/noticias\/medellin-restaura-el-cerro-loma-hermosa-en-la-comuna-san-javier-tras-el-impacto-de-acciones-ilegales\/cerro-loma-hermosa-3\/'><img width=\"1024\" height=\"768\" src=\"https:\/\/www.medellin.gov.co\/es\/wp-content\/uploads\/2024\/12\/cerro-loma-hermosa-3-1024x768.jpg\" class=\"attachment-large size-large\" alt=\"\" loading=\"lazy\" aria-describedby=\"gallery-2-373504\" srcset=\"https:\/\/www.medellin.gov.co\/es\/wp-content\/uploads\/2024\/12\/cerro-loma-hermosa-3-1024x768.jpg 1024w, https:\/\/www.medellin.gov.co\/es\/wp-content\/uploads\/2024\/12\/cerro-loma-hermosa-3-300x225.jpg 300w, https:\/\/www.medellin.gov.co\/es\/wp-content\/uploads\/2024\/12\/cerro-loma-hermosa-3-150x113.jpg 150w, https:\/\/www.medellin.gov.co\/es\/wp-content\/uploads\/2024\/12\/cerro-loma-hermosa-3-768x576.jpg 768w, https:\/\/www.medellin.gov.co\/es\/wp-content\/uploads\/2024\/12\/cerro-loma-hermosa-3.jpg 1200w\" sizes=\"(max-width: 1024px) 100vw, 1024px\" \/><\/a>\n\t\t\t<\/dt>\n\t\t\t\t<dd class='wp-caption-text gallery-caption' id='gallery-2-373504'>\n\t\t\t\tMedell\u00edn restaura el cerro Loma Hermosa, en la comuna San Javier, tras el impacto de acciones ilegales &#8211; Foto alcald\u00eda de Medell\u00edn\n\t\t\t\t<\/dd><\/dl><br style=\"clear: both\" \/>\n\t\t<\/div>\n\n<p class=\"p1\">Este esfuerzo conjunto reafirm\u00f3 la importancia de la participaci\u00f3n ciudadana y el\u00a0compromiso institucional con la preservaci\u00f3n de los recursos naturales,\u00a0devolviendo al cerro Loma Hermosa su lugar como s\u00edmbolo de vida y\u00a0sostenibilidad de la comuna 13.<\/p>\n<div id=\"attachment_373509\" style=\"width: 1210px\" class=\"wp-caption aligncenter\"><a href=\"https:\/\/www.medellin.gov.co\/es\/wp-content\/uploads\/2024\/12\/cerro-loma-hermosa-6.jpg\"><img aria-describedby=\"caption-attachment-373509\" loading=\"lazy\" class=\"wp-image-373509 size-full\" title=\"Medell\u00edn restaura el cerro Loma Hermosa, en la comuna San Javier, tras el impacto de acciones ilegales\" src=\"https:\/\/www.medellin.gov.co\/es\/wp-content\/uploads\/2024\/12\/cerro-loma-hermosa-6.jpg\" alt=\"\" width=\"1200\" height=\"861\" srcset=\"https:\/\/www.medellin.gov.co\/es\/wp-content\/uploads\/2024\/12\/cerro-loma-hermosa-6.jpg 1200w, https:\/\/www.medellin.gov.co\/es\/wp-content\/uploads\/2024\/12\/cerro-loma-hermosa-6-300x215.jpg 300w, https:\/\/www.medellin.gov.co\/es\/wp-content\/uploads\/2024\/12\/cerro-loma-hermosa-6-1024x735.jpg 1024w, https:\/\/www.medellin.gov.co\/es\/wp-content\/uploads\/2024\/12\/cerro-loma-hermosa-6-150x108.jpg 150w, https:\/\/www.medellin.gov.co\/es\/wp-content\/uploads\/2024\/12\/cerro-loma-hermosa-6-768x551.jpg 768w\" sizes=\"(max-width: 1200px) 100vw, 1200px\" \/><\/a><p id=\"caption-attachment-373509\" class=\"wp-caption-text\">Medell\u00edn restaura el cerro Loma Hermosa, en la comuna San Javier, tras el impacto de acciones ilegales &#8211; Foto alcald\u00eda de Medell\u00edn<\/p><\/div>\n","protected":false},"excerpt":{"rendered":"<p>En una acci\u00f3n conjunta que lider\u00f3 la comunidad y que cont\u00f3 con el apoyo del\u00a0Distrito, el cerro Loma Hermosa, en la comuna 13-San Javier, comienza su proceso de restauraci\u00f3n ecol\u00f3gica. Este espacio hab\u00eda sido afectado &#8230;<\/p>\n","protected":false},"author":84,"featured_media":373500,"comment_status":"open","ping_status":"open","sticky":false,"template":"","format":"standard","meta":[],"categories":[13],"tags":[437,453,436],"formato_nota":[],"programas_tax":[],"acf":[],"_links":{"self":[{"href":"https:\/\/www.medellin.gov.co\/es\/wp-json\/wp\/v2\/posts\/373497"}],"collection":[{"href":"https:\/\/www.medellin.gov.co\/es\/wp-json\/wp\/v2\/posts"}],"about":[{"href":"https:\/\/www.medellin.gov.co\/es\/wp-json\/wp\/v2\/types\/post"}],"author":[{"embeddable":true,"href":"https:\/\/www.medellin.gov.co\/es\/wp-json\/wp\/v2\/users\/84"}],"replies":[{"embeddable":true,"href":"https:\/\/www.medellin.gov.co\/es\/wp-json\/wp\/v2\/comments?post=373497"}],"version-history":[{"count":4,"href":"https:\/\/www.medellin.gov.co\/es\/wp-json\/wp\/v2\/posts\/373497\/revisions"}],"predecessor-version":[{"id":373520,"href":"https:\/\/www.medellin.gov.co\/es\/wp-json\/wp\/v2\/posts\/373497\/revisions\/373520"}],"wp:featuredmedia":[{"embeddable":true,"href":"https:\/\/www.medellin.gov.co\/es\/wp-json\/wp\/v2\/media\/373500"}],"wp:attachment":[{"href":"https:\/\/www.medellin.gov.co\/es\/wp-json\/wp\/v2\/media?parent=373497"}],"wp:term":[{"taxonomy":"category","embeddable":true,"href":"https:\/\/www.medellin.gov.co\/es\/wp-json\/wp\/v2\/categories?post=373497"},{"taxonomy":"post_tag","embeddable":true,"href":"https:\/\/www.medellin.gov.co\/es\/wp-json\/wp\/v2\/tags?post=373497"},{"taxonomy":"formato_nota","embeddable":true,"href":"https:\/\/www.medellin.gov.co\/es\/wp-json\/wp\/v2\/formato_nota?post=373497"},{"taxonomy":"programas_tax","embeddable":true,"href":"https:\/\/www.medellin.gov.co\/es\/wp-json\/wp\/v2\/programas_tax?post=373497"}],"curies":[{"name":"wp","href":"https:\/\/api.w.org\/{rel}","templated":true}]}}