{"id":373523,"date":"2024-12-10T10:07:06","date_gmt":"2024-12-10T15:07:06","guid":{"rendered":"https:\/\/www.medellin.gov.co\/es\/?p=373523"},"modified":"2024-12-10T10:07:06","modified_gmt":"2024-12-10T15:07:06","slug":"50-empresas-de-medellin-culminaron-entrenamiento-especializado-para-mejorar-su-productividad-y-competitividad","status":"publish","type":"post","link":"https:\/\/www.medellin.gov.co\/es\/sala-de-prensa\/noticias\/50-empresas-de-medellin-culminaron-entrenamiento-especializado-para-mejorar-su-productividad-y-competitividad\/","title":{"rendered":"50 empresas de Medell\u00edn culminaron entrenamiento especializado para mejorar su productividad y competitividad"},"content":{"rendered":"<ul>\n<li class=\"p1\"><b>Cinco de ellas viajar\u00e1n a Jap\u00f3n para aprender buenas pr\u00e1cticas <\/b><b>corporativas.<\/b><\/li>\n<li class=\"p1\"><b>Las compa\u00f1\u00edas recibieron formaci\u00f3n basada en la filosof\u00eda Kaizen, que <\/b><b>genera una mejora continua a partir de peque\u00f1os cambios en los procesos\u00a0<\/b><b>empresariales.<\/b><\/li>\n<li class=\"p1\"><b>Esta estrategia ha impactado a 1.996 empresas de Medell\u00edn, en los \u00faltimos <\/b><b>12 a\u00f1os, las cuales han mejorado sus indicadores en un 49 %.<\/b><\/li>\n<\/ul>\n<!--[if lt IE 9]><script>document.createElement('audio');<\/script><![endif]-->\n\t<div class=\"wp-playlist wp-audio-playlist wp-playlist-light\">\n\t\t\t<div class=\"wp-playlist-current-item\"><\/div>\n\t\t<audio controls=\"controls\" preload=\"none\" width=\"640\"\n\t\t\t><\/audio>\n\t<div class=\"wp-playlist-next\"><\/div>\n\t<div class=\"wp-playlist-prev\"><\/div>\n\t<noscript>\n\t<ol>\n\t\t<li><a href='https:\/\/www.medellin.gov.co\/es\/wp-content\/uploads\/2024\/12\/empresas-entrenamiento-mejora-productividad-01.mp3'>Palabras de Mar\u00eda Fernanda Galeano Rojo, secretaria de Desarrollo Econ\u00f3mico<\/a><\/li><li><a href='https:\/\/www.medellin.gov.co\/es\/wp-content\/uploads\/2024\/12\/empresas-entrenamiento-mejora-productividad-02.mp3'>Palabras de Juan Jos\u00e9 Londo\u00f1o, gerente de la empresa Vexia SAS.<\/a><\/li><li><a href='https:\/\/www.medellin.gov.co\/es\/wp-content\/uploads\/2024\/12\/empresas-entrenamiento-mejora-productividad-03.mp3'>Palabras de Santiago Echavarr\u00eda, director ejecutivo del CTA<\/a><\/li>\t<\/ol>\n\t<\/noscript>\n\t<script type=\"application\/json\" class=\"wp-playlist-script\">{\"type\":\"audio\",\"tracklist\":true,\"tracknumbers\":true,\"images\":true,\"artists\":true,\"tracks\":[{\"src\":\"https:\\\/\\\/www.medellin.gov.co\\\/es\\\/wp-content\\\/uploads\\\/2024\\\/12\\\/empresas-entrenamiento-mejora-productividad-01.mp3\",\"type\":\"audio\\\/mpeg\",\"title\":\"Palabras de Mar\\u00eda Fernanda Galeano Rojo, secretaria de Desarrollo Econ\\u00f3mico\",\"caption\":\"\",\"description\":\"\\u00abPalabras de Mar\\u00eda Fernanda Galeano Rojo, secretaria de Desarrollo Econ\\u00f3mico\\u00bb.\",\"meta\":{\"length_formatted\":\"0:36\"},\"image\":{\"src\":\"https:\\\/\\\/www.medellin.gov.co\\\/es\\\/wp-includes\\\/images\\\/media\\\/audio.png\",\"width\":48,\"height\":64},\"thumb\":{\"src\":\"https:\\\/\\\/www.medellin.gov.co\\\/es\\\/wp-includes\\\/images\\\/media\\\/audio.png\",\"width\":48,\"height\":64}},{\"src\":\"https:\\\/\\\/www.medellin.gov.co\\\/es\\\/wp-content\\\/uploads\\\/2024\\\/12\\\/empresas-entrenamiento-mejora-productividad-02.mp3\",\"type\":\"audio\\\/mpeg\",\"title\":\"Palabras de Juan Jos\\u00e9 Londo\\u00f1o, gerente de la empresa Vexia SAS.\",\"caption\":\"\",\"description\":\"\\u00abPalabras de Juan Jos\\u00e9 Londo\\u00f1o, gerente de la empresa Vexia SAS.\\u00bb.\",\"meta\":{\"length_formatted\":\"0:27\"},\"image\":{\"src\":\"https:\\\/\\\/www.medellin.gov.co\\\/es\\\/wp-includes\\\/images\\\/media\\\/audio.png\",\"width\":48,\"height\":64},\"thumb\":{\"src\":\"https:\\\/\\\/www.medellin.gov.co\\\/es\\\/wp-includes\\\/images\\\/media\\\/audio.png\",\"width\":48,\"height\":64}},{\"src\":\"https:\\\/\\\/www.medellin.gov.co\\\/es\\\/wp-content\\\/uploads\\\/2024\\\/12\\\/empresas-entrenamiento-mejora-productividad-03.mp3\",\"type\":\"audio\\\/mpeg\",\"title\":\"Palabras de Santiago Echavarr\\u00eda, director ejecutivo del CTA\",\"caption\":\"\",\"description\":\"\\u00abPalabras de Santiago Echavarr\\u00eda, director ejecutivo del CTA\\u00bb.\",\"meta\":{\"length_formatted\":\"0:37\"},\"image\":{\"src\":\"https:\\\/\\\/www.medellin.gov.co\\\/es\\\/wp-includes\\\/images\\\/media\\\/audio.png\",\"width\":48,\"height\":64},\"thumb\":{\"src\":\"https:\\\/\\\/www.medellin.gov.co\\\/es\\\/wp-includes\\\/images\\\/media\\\/audio.png\",\"width\":48,\"height\":64}}]}<\/script>\n<\/div>\n\t\n<p class=\"p1\">50 medianas y peque\u00f1as empresas culminaron el proceso de acompa\u00f1amiento\u00a0especializado brindado por el Distrito, a trav\u00e9s del programa Enplanta, y luego de\u00a0cuatro meses implementaron herramientas de mejora continua en sus grupos de\u00a0trabajo y en procesos productivos, lo que les genera ahorros significativos y\u00a0avances operativos en sus negocios.<\/p>\n<div id=\"attachment_373536\" style=\"width: 1210px\" class=\"wp-caption aligncenter\"><a href=\"https:\/\/www.medellin.gov.co\/es\/wp-content\/uploads\/2024\/12\/empresas-entrenamiento-mejora-productividad-4.jpg\" target=\"_blank\" rel=\"noopener\"><img aria-describedby=\"caption-attachment-373536\" loading=\"lazy\" class=\"wp-image-373536 size-full\" title=\"50 empresas de Medell\u00edn culminaron entrenamiento especializado para mejorar su productividad y competitividad\" src=\"https:\/\/www.medellin.gov.co\/es\/wp-content\/uploads\/2024\/12\/empresas-entrenamiento-mejora-productividad-4.jpg\" alt=\"\" width=\"1200\" height=\"560\" srcset=\"https:\/\/www.medellin.gov.co\/es\/wp-content\/uploads\/2024\/12\/empresas-entrenamiento-mejora-productividad-4.jpg 1200w, https:\/\/www.medellin.gov.co\/es\/wp-content\/uploads\/2024\/12\/empresas-entrenamiento-mejora-productividad-4-300x140.jpg 300w, https:\/\/www.medellin.gov.co\/es\/wp-content\/uploads\/2024\/12\/empresas-entrenamiento-mejora-productividad-4-1024x478.jpg 1024w, https:\/\/www.medellin.gov.co\/es\/wp-content\/uploads\/2024\/12\/empresas-entrenamiento-mejora-productividad-4-150x70.jpg 150w, https:\/\/www.medellin.gov.co\/es\/wp-content\/uploads\/2024\/12\/empresas-entrenamiento-mejora-productividad-4-768x358.jpg 768w\" sizes=\"(max-width: 1200px) 100vw, 1200px\" \/><\/a><p id=\"caption-attachment-373536\" class=\"wp-caption-text\">50 empresas de Medell\u00edn culminaron entrenamiento especializado para mejorar su productividad y competitividad &#8211; Foto alcaldia de Medell\u00edn<\/p><\/div>\n<p class=\"p1\"><i>\u201cEnplanta es un programa creado para incrementar la productividad y\u00a0<\/i><i>sostenibilidad de las mipymes de Medell\u00edn, a trav\u00e9s de la filosof\u00eda Kaizen, que\u00a0<\/i><i>busca fomentar una cultura de medici\u00f3n, fortalecer procesos y desarrollar\u00a0<\/i><i>competencias clave en los colaboradores. A lo largo de esta edici\u00f3n, hemos visto\u00a0<\/i><i>c\u00f3mo las empresas se han apropiado este enfoque, logrando mejoras\u00a0<\/i><i>significativas en sus operaciones y adoptando pr\u00e1cticas que aseguran una\u00a0<\/i><i>productividad sostenible en el tiempo\u201d, <\/i>dijo la secretaria de Desarrollo Econ\u00f3mico,\u00a0Mar\u00eda Fernanda Galeano Rojo.<\/p>\n<div id=\"attachment_373538\" style=\"width: 1056px\" class=\"wp-caption aligncenter\"><a href=\"https:\/\/www.medellin.gov.co\/es\/wp-content\/uploads\/2024\/12\/empresas-entrenamiento-mejora-productividad-5.jpg\" target=\"_blank\" rel=\"noopener\"><img aria-describedby=\"caption-attachment-373538\" loading=\"lazy\" class=\"wp-image-373538 size-full\" title=\"50 empresas de Medell\u00edn culminaron entrenamiento especializado para mejorar su productividad y competitividad\" src=\"https:\/\/www.medellin.gov.co\/es\/wp-content\/uploads\/2024\/12\/empresas-entrenamiento-mejora-productividad-5.jpg\" alt=\"\" width=\"1046\" height=\"784\" srcset=\"https:\/\/www.medellin.gov.co\/es\/wp-content\/uploads\/2024\/12\/empresas-entrenamiento-mejora-productividad-5.jpg 1046w, https:\/\/www.medellin.gov.co\/es\/wp-content\/uploads\/2024\/12\/empresas-entrenamiento-mejora-productividad-5-300x225.jpg 300w, https:\/\/www.medellin.gov.co\/es\/wp-content\/uploads\/2024\/12\/empresas-entrenamiento-mejora-productividad-5-1024x768.jpg 1024w, https:\/\/www.medellin.gov.co\/es\/wp-content\/uploads\/2024\/12\/empresas-entrenamiento-mejora-productividad-5-150x112.jpg 150w, https:\/\/www.medellin.gov.co\/es\/wp-content\/uploads\/2024\/12\/empresas-entrenamiento-mejora-productividad-5-768x576.jpg 768w\" sizes=\"(max-width: 1046px) 100vw, 1046px\" \/><\/a><p id=\"caption-attachment-373538\" class=\"wp-caption-text\">50 empresas de Medell\u00edn culminaron entrenamiento especializado para mejorar su productividad y competitividad &#8211; Foto alcaldia de Medell\u00edn<\/p><\/div>\n<p class=\"p1\">Luego de este proceso, se eligieron las cinco mejores empresas, las cuales\u00a0viajar\u00e1n a Jap\u00f3n para aprender buenas pr\u00e1cticas. Ese pa\u00eds es reconocido\u00a0mundialmente por su excelencia en innovaci\u00f3n, eficiencia y calidad.<\/p>\n<p class=\"p1\">\u201c<i>Programas como Enplanta, que son promovidos por la Alcald\u00eda de Medell\u00edn y\u00a0<\/i><i>operados por el CTA, me parecen muy importantes para la econom\u00eda empresarial\u00a0<\/i><i>del pa\u00eds, ya que nos brindan acceso a informaci\u00f3n y capacitaci\u00f3n, que son muy\u00a0<\/i><i>\u00fatiles para nuestras compa\u00f1\u00edas\u201d<\/i>, expres\u00f3 el gerente de la empresa Vexia SAS.,\u00a0Juan Jos\u00e9 Londo\u00f1o.<\/p>\n<p class=\"p1\">En 12 a\u00f1os Enplanta ha acompa\u00f1ado 1.996 empresas, con m\u00e1s de 3.746\u00a0personas capacitadas. Estas reportaron una tasa de mejoramiento de sus\u00a0indicadores de rendimiento del 49 %, luego de pasar por el programa.<\/p>\n<p class=\"p1\">La iniciativa es operada por el Centro de Ciencia y Tecnolog\u00eda de Antioquia -CTA,\u00a0instituci\u00f3n que ha desarrollado una metodolog\u00eda de an\u00e1lisis y soluci\u00f3n de\u00a0problemas, con el objetivo de consolidar a Medell\u00edn en temas de innovaci\u00f3n y\u00a0sostenibilidad empresarial.<\/p>\n\n\t\t<style type=\"text\/css\">\n\t\t\t#gallery-1 {\n\t\t\t\tmargin: auto;\n\t\t\t}\n\t\t\t#gallery-1 .gallery-item {\n\t\t\t\tfloat: left;\n\t\t\t\tmargin-top: 10px;\n\t\t\t\ttext-align: center;\n\t\t\t\twidth: 50%;\n\t\t\t}\n\t\t\t#gallery-1 img {\n\t\t\t\tborder: 2px solid #cfcfcf;\n\t\t\t}\n\t\t\t#gallery-1 .gallery-caption {\n\t\t\t\tmargin-left: 0;\n\t\t\t}\n\t\t\t\/* see gallery_shortcode() in wp-includes\/media.php *\/\n\t\t<\/style>\n\t\t<div id='gallery-1' class='gallery galleryid-373523 gallery-columns-2 gallery-size-large'><dl class='gallery-item'>\n\t\t\t<dt class='gallery-icon landscape'>\n\t\t\t\t<a href='https:\/\/www.medellin.gov.co\/es\/sala-de-prensa\/noticias\/50-empresas-de-medellin-culminaron-entrenamiento-especializado-para-mejorar-su-productividad-y-competitividad\/empresas-entrenamiento-mejora-productividad-1\/'><img width=\"1024\" height=\"682\" src=\"https:\/\/www.medellin.gov.co\/es\/wp-content\/uploads\/2024\/12\/empresas-entrenamiento-mejora-productividad-1-1024x682.jpg\" class=\"attachment-large size-large\" alt=\"\" loading=\"lazy\" aria-describedby=\"gallery-1-373526\" srcset=\"https:\/\/www.medellin.gov.co\/es\/wp-content\/uploads\/2024\/12\/empresas-entrenamiento-mejora-productividad-1-1024x682.jpg 1024w, https:\/\/www.medellin.gov.co\/es\/wp-content\/uploads\/2024\/12\/empresas-entrenamiento-mejora-productividad-1-300x200.jpg 300w, https:\/\/www.medellin.gov.co\/es\/wp-content\/uploads\/2024\/12\/empresas-entrenamiento-mejora-productividad-1-150x100.jpg 150w, https:\/\/www.medellin.gov.co\/es\/wp-content\/uploads\/2024\/12\/empresas-entrenamiento-mejora-productividad-1-768x511.jpg 768w, https:\/\/www.medellin.gov.co\/es\/wp-content\/uploads\/2024\/12\/empresas-entrenamiento-mejora-productividad-1.jpg 1200w\" sizes=\"(max-width: 1024px) 100vw, 1024px\" \/><\/a>\n\t\t\t<\/dt>\n\t\t\t\t<dd class='wp-caption-text gallery-caption' id='gallery-1-373526'>\n\t\t\t\t50 empresas de Medell\u00edn culminaron entrenamiento especializado para mejorar su productividad y competitividad &#8211; Foto alcaldia de Medell\u00edn\n\t\t\t\t<\/dd><\/dl><dl class='gallery-item'>\n\t\t\t<dt class='gallery-icon landscape'>\n\t\t\t\t<a href='https:\/\/www.medellin.gov.co\/es\/sala-de-prensa\/noticias\/50-empresas-de-medellin-culminaron-entrenamiento-especializado-para-mejorar-su-productividad-y-competitividad\/empresas-entrenamiento-mejora-productividad-2\/'><img width=\"1024\" height=\"682\" src=\"https:\/\/www.medellin.gov.co\/es\/wp-content\/uploads\/2024\/12\/empresas-entrenamiento-mejora-productividad-2-1024x682.jpg\" class=\"attachment-large size-large\" alt=\"\" loading=\"lazy\" aria-describedby=\"gallery-1-373528\" srcset=\"https:\/\/www.medellin.gov.co\/es\/wp-content\/uploads\/2024\/12\/empresas-entrenamiento-mejora-productividad-2-1024x682.jpg 1024w, https:\/\/www.medellin.gov.co\/es\/wp-content\/uploads\/2024\/12\/empresas-entrenamiento-mejora-productividad-2-300x200.jpg 300w, https:\/\/www.medellin.gov.co\/es\/wp-content\/uploads\/2024\/12\/empresas-entrenamiento-mejora-productividad-2-150x100.jpg 150w, https:\/\/www.medellin.gov.co\/es\/wp-content\/uploads\/2024\/12\/empresas-entrenamiento-mejora-productividad-2-768x511.jpg 768w, https:\/\/www.medellin.gov.co\/es\/wp-content\/uploads\/2024\/12\/empresas-entrenamiento-mejora-productividad-2.jpg 1200w\" sizes=\"(max-width: 1024px) 100vw, 1024px\" \/><\/a>\n\t\t\t<\/dt>\n\t\t\t\t<dd class='wp-caption-text gallery-caption' id='gallery-1-373528'>\n\t\t\t\t50 empresas de Medell\u00edn culminaron entrenamiento especializado para mejorar su productividad y competitividad &#8211; Foto alcaldia de Medell\u00edn\n\t\t\t\t<\/dd><\/dl><br style=\"clear: both\" \/>\n\t\t<\/div>\n\n<p class=\"p1\"><i>\u00abEnplanta es ya un referente de la ciudad. Son m\u00e1s de 10 a\u00f1os trabajando por la\u00a0<\/i><i>productividad, la competitividad, la innovaci\u00f3n y la mejora continua, para lograr\u00a0<\/i><i>que las empresas sean mejores hoy, y como decimos nosotros, ma\u00f1ana mejores\u00a0<\/i><i>que hoy\u00bb<\/i>, expres\u00f3 el director ejecutivo del CTA, Santiago Echavarr\u00eda.<\/p>\n<p class=\"p1\">El cierre de este proceso representa un paso m\u00e1s en el compromiso del Distrito\u00a0con la construcci\u00f3n de un ecosistema empresarial m\u00e1s fuerte, innovador y\u00a0sostenible, que contribuya al desarrollo econ\u00f3mico de la ciudad.<\/p>\n","protected":false},"excerpt":{"rendered":"<p>Cinco de ellas viajar\u00e1n a Jap\u00f3n para aprender buenas pr\u00e1cticas corporativas. Las compa\u00f1\u00edas recibieron formaci\u00f3n basada en la filosof\u00eda Kaizen, que genera una mejora continua a partir de peque\u00f1os cambios en los procesos\u00a0empresariales. Esta estrategia &#8230;<\/p>\n","protected":false},"author":84,"featured_media":373534,"comment_status":"open","ping_status":"open","sticky":false,"template":"","format":"standard","meta":[],"categories":[3],"tags":[691,453,450],"formato_nota":[],"programas_tax":[],"acf":[],"_links":{"self":[{"href":"https:\/\/www.medellin.gov.co\/es\/wp-json\/wp\/v2\/posts\/373523"}],"collection":[{"href":"https:\/\/www.medellin.gov.co\/es\/wp-json\/wp\/v2\/posts"}],"about":[{"href":"https:\/\/www.medellin.gov.co\/es\/wp-json\/wp\/v2\/types\/post"}],"author":[{"embeddable":true,"href":"https:\/\/www.medellin.gov.co\/es\/wp-json\/wp\/v2\/users\/84"}],"replies":[{"embeddable":true,"href":"https:\/\/www.medellin.gov.co\/es\/wp-json\/wp\/v2\/comments?post=373523"}],"version-history":[{"count":1,"href":"https:\/\/www.medellin.gov.co\/es\/wp-json\/wp\/v2\/posts\/373523\/revisions"}],"predecessor-version":[{"id":373539,"href":"https:\/\/www.medellin.gov.co\/es\/wp-json\/wp\/v2\/posts\/373523\/revisions\/373539"}],"wp:featuredmedia":[{"embeddable":true,"href":"https:\/\/www.medellin.gov.co\/es\/wp-json\/wp\/v2\/media\/373534"}],"wp:attachment":[{"href":"https:\/\/www.medellin.gov.co\/es\/wp-json\/wp\/v2\/media?parent=373523"}],"wp:term":[{"taxonomy":"category","embeddable":true,"href":"https:\/\/www.medellin.gov.co\/es\/wp-json\/wp\/v2\/categories?post=373523"},{"taxonomy":"post_tag","embeddable":true,"href":"https:\/\/www.medellin.gov.co\/es\/wp-json\/wp\/v2\/tags?post=373523"},{"taxonomy":"formato_nota","embeddable":true,"href":"https:\/\/www.medellin.gov.co\/es\/wp-json\/wp\/v2\/formato_nota?post=373523"},{"taxonomy":"programas_tax","embeddable":true,"href":"https:\/\/www.medellin.gov.co\/es\/wp-json\/wp\/v2\/programas_tax?post=373523"}],"curies":[{"name":"wp","href":"https:\/\/api.w.org\/{rel}","templated":true}]}}